{"id":27261,"date":"2020-12-04T09:29:02","date_gmt":"2020-12-04T08:29:02","guid":{"rendered":"https:\/\/www.sitem.fr\/?p=27261"},"modified":"2020-12-04T09:29:02","modified_gmt":"2020-12-04T08:29:02","slug":"prix-europeen-art-explora-academie-des-beaux-arts-decouvrez-les-3-laureats","status":"publish","type":"post","link":"https:\/\/www.sitem.fr\/en\/prix-europeen-art-explora-academie-des-beaux-arts-decouvrez-les-3-laureats\/","title":{"rendered":"Prix europ\u00e9en Art Explora \u2013 Acad\u00e9mie des beaux-arts : D\u00e9couvrez les 3 laur\u00e9ats"},"content":{"rendered":"<p>Le prix, plac\u00e9 sous le patronage du\u00a0<strong><a href=\"https:\/\/www.culture.gouv.fr\/\">minist\u00e8re de la Culture<\/a><\/strong>, a \u00e9t\u00e9 lanc\u00e9 par l\u2019<strong><a href=\"https:\/\/www.academiedesbeauxarts.fr\/accueil\">Acad\u00e9mie des beaux-arts<\/a><\/strong> (Paris 6<sup>e<\/sup>) et le fonds de dotation <strong><a href=\"https:\/\/artexplora.org\/\">Art Explora<\/a><\/strong> (Paris 1<sup>er<\/sup>) le 10\/03\/2020.<\/p>\n<p>&nbsp;<\/p>\n<p>Le mus\u00e9e de demain sera-t-il plus inclusif, participatif et attractif\u00a0?\u00a0C\u2019est en tout cas l\u2019ambition du prix europ\u00e9en Art Explora-Acad\u00e9mie des Beaux-Arts, dot\u00e9 de 150\u00a0000\u00a0\u20ac, qui souhaite encourager les pratiques \u00ab\u00a0hors-les-murs\u00a0\u00bb des institutions culturelles et ainsi les aider \u00e0 conqu\u00e9rir de nouveaux publics.<\/p>\n<p>&nbsp;<\/p>\n<p>Les initiatives peuvent porter sur des innovations num\u00e9riques, des actions hors les murs, l\u2019inclusion des personnes en situation de handicap, la lutte contre l\u2019exclusion culturelle, de nouvelles m\u00e9diations, ou encore l&#8217;\u00e9veil culturel pour les plus jeunes.\u00a0350 candidatures au total, provenant de 20 pays diff\u00e9rents, ont \u00e9t\u00e9 soumises sur le site d\u2019Art Explora pour cette premi\u00e8re \u00e9dition.<\/p>\n<p>&nbsp;<\/p>\n<p>La 1<sup>\u00e8re<\/sup> \u00e9dition du Prix europ\u00e9en Art Explora \u2013 Acad\u00e9mie des beaux-arts s\u2019est conclue cette semaine par la c\u00e9r\u00e9monie de d\u00e9voilement des laur\u00e9ats :<\/p>\n<p>Premier prix de cette \u00e9dition 2020,\u00a0le <strong><a href=\"https:\/\/www.mucem.org\/\">Mucem<\/a><\/strong> a \u00e9t\u00e9 r\u00e9compens\u00e9 \u00e0 hauteur de 80\u00a0000\u00a0euros pour son dispositif \u00ab\u00a0Destination Mucem\u00a0\u00bb, un bus qui permet aux habitants des quartiers populaires et excentr\u00e9s de Marseille de se rendre au mus\u00e9e\u00a0: le trajet comme la visite sont gratuits.<\/p>\n<p>&nbsp;<\/p>\n<p>Le prix europ\u00e9en Art Explora-Acad\u00e9mie des Beaux-Arts a \u00e9galement salu\u00e9 le projet \u00ab\u00a0Versiona Thyssen\u00a0\u00bb du mus\u00e9e <strong><a href=\"https:\/\/www.museothyssen.org\/en\">Thyssen-Bornemisza<\/a><\/strong>, qui invite les jeunes de 16 \u00e0 35\u00a0ans \u00e0 r\u00e9interpr\u00e9ter librement un chef-d\u2019\u0153uvre de la collection et \u00e0 poster leurs cr\u00e9ations sur les r\u00e9seaux sociaux avec le #VersionaThyssen.<\/p>\n<p>&nbsp;<\/p>\n<p>Enfin, le troisi\u00e8me laur\u00e9at, la <strong><a href=\"https:\/\/www.nationalgallery.org.uk\/\">National Gallery<\/a><\/strong> de Londres, a \u00e9t\u00e9 distingu\u00e9 pour \u00ab\u00a0Jan Van Huysum Visits\u2026\u00a0\u00bb, soit l\u2019exposition hors du mus\u00e9e et au plus pr\u00e8s du public (\u00e9coles, biblioth\u00e8que, cabinet m\u00e9dical\u2026) d\u2019une \u0153uvre du peintre flamand Jan van Huysum.<\/p>\n<p>&nbsp;<\/p>\n<p>&nbsp;<\/p>\n<p>&nbsp;<\/p>\n<p>Source et suite de l&#8217;article sur :<\/p>\n<p><a href=\"https:\/\/www.beauxarts.com\/vu\/le-prix-art-explora-academie-des-beaux-arts-pour-un-musee-plus-ouvert\/\"><strong>https:\/\/www.beauxarts.com\/vu\/le-prix-art-explora-academie-des-beaux-arts-pour-un-musee-plus-ouvert\/\u00a0<\/strong><\/a><\/p>\n<p><strong><a href=\"https:\/\/culture.newstank.fr\/fr\/article\/view\/201518\/mucem-musee-thyssen-bornemisza-national-gallery-laureats-1er-prix-art.html\">https:\/\/culture.newstank.fr\/fr\/article\/view\/201518\/mucem-musee-thyssen-bornemisza-national-gallery-laureats-1er-prix-art.html<\/a><\/strong><\/p>\n","protected":false},"excerpt":{"rendered":"Le prix, plac\u00e9 sous le patronage du\u00a0minist\u00e8re de la Culture, a \u00e9t\u00e9 lanc\u00e9 par l\u2019Acad\u00e9mie des beaux-arts (Paris 6e) et le fonds de dotation Art Explora (Paris 1er) le 10\/03\/2020. &nbsp; Le mus\u00e9e de demain sera-t-il plus inclusif, participatif et attractif\u00a0?\u00a0C\u2019est en tout cas l\u2019ambition du prix europ\u00e9en Art Explora-Acad\u00e9mie des Beaux-Arts, dot\u00e9 de 150\u00a0000\u00a0\u20ac,&#8230; <br><a class=\"readm\" href=\"https:\/\/www.sitem.fr\/en\/prix-europeen-art-explora-academie-des-beaux-arts-decouvrez-les-3-laureats\/\">Read more<\/a>","protected":false},"author":12,"featured_media":27266,"comment_status":"closed","ping_status":"closed","sticky":false,"template":"","format":"standard","meta":{"_acf_changed":false,"footnotes":""},"categories":[87,1328,1111,320,925],"tags":[1488,57,1022,1449,1487,1489],"class_list":["post-27261","post","type-post","status-publish","format-standard","has-post-thumbnail","hentry","category-accessibilite","category-accessibilite-gestion-des-publics-aide-a-la-visite","category-actualites-recentes","category-evenement-culturel","category-pedagogie","tag-academie-des-beaux-arts","tag-mucem","tag-musee","tag-national-gallery","tag-prix-europeen-art-explora","tag-thyssen-bornemisza"],"acf":[],"_links":{"self":[{"href":"https:\/\/www.sitem.fr\/en\/wp-json\/wp\/v2\/posts\/27261","targetHints":{"allow":["GET"]}}],"collection":[{"href":"https:\/\/www.sitem.fr\/en\/wp-json\/wp\/v2\/posts"}],"about":[{"href":"https:\/\/www.sitem.fr\/en\/wp-json\/wp\/v2\/types\/post"}],"author":[{"embeddable":true,"href":"https:\/\/www.sitem.fr\/en\/wp-json\/wp\/v2\/users\/12"}],"replies":[{"embeddable":true,"href":"https:\/\/www.sitem.fr\/en\/wp-json\/wp\/v2\/comments?post=27261"}],"version-history":[{"count":3,"href":"https:\/\/www.sitem.fr\/en\/wp-json\/wp\/v2\/posts\/27261\/revisions"}],"predecessor-version":[{"id":27268,"href":"https:\/\/www.sitem.fr\/en\/wp-json\/wp\/v2\/posts\/27261\/revisions\/27268"}],"wp:featuredmedia":[{"embeddable":true,"href":"https:\/\/www.sitem.fr\/en\/wp-json\/wp\/v2\/media\/27266"}],"wp:attachment":[{"href":"https:\/\/www.sitem.fr\/en\/wp-json\/wp\/v2\/media?parent=27261"}],"wp:term":[{"taxonomy":"category","embeddable":true,"href":"https:\/\/www.sitem.fr\/en\/wp-json\/wp\/v2\/categories?post=27261"},{"taxonomy":"post_tag","embeddable":true,"href":"https:\/\/www.sitem.fr\/en\/wp-json\/wp\/v2\/tags?post=27261"}],"curies":[{"name":"wp","href":"https:\/\/api.w.org\/{rel}","templated":true}]}}