{"id":27292,"date":"2020-12-07T17:23:35","date_gmt":"2020-12-07T16:23:35","guid":{"rendered":"https:\/\/www.sitem.fr\/?p=27292"},"modified":"2020-12-11T12:06:57","modified_gmt":"2020-12-11T11:06:57","slug":"le-chapeau-a-plume-au-coeur-des-jardins-du-chateau-de-chamerolles","status":"publish","type":"post","link":"https:\/\/www.sitem.fr\/en\/le-chapeau-a-plume-au-coeur-des-jardins-du-chateau-de-chamerolles\/","title":{"rendered":"Le Chapeau \u00e0 Plume au c\u0153ur des Jardins du Ch\u00e2teau de Chamerolles"},"content":{"rendered":"<p><strong><a href=\"https:\/\/www.lechapeauaplume.fr\/\">Le Chapeau \u00e0 Plume<\/a> <\/strong>vient de r\u00e9aliser un ensemble de sept panneaux signal\u00e9tiques illustr\u00e9s pour les Jardins du ch\u00e2teau de Chamerolles dans le Loiret.<\/p>\n<p><img loading=\"lazy\" decoding=\"async\" class=\"wp-image-27288 alignleft\" src=\"https:\/\/www.sitem.fr\/wp-content\/uploads\/2020\/12\/le-carre\u0301-des-plantes-rares-\u00a9-Le-Chapeau-a\u0300-Plume-1-387x440.jpg\" alt=\"\" width=\"326\" height=\"399\" \/><\/p>\n<p>&nbsp;<\/p>\n<p>&nbsp;<\/p>\n<p><a href=\"https:\/\/www.chateauchamerolles.fr\/\"><strong>Les Jardins de Chamerolles<\/strong><\/a> sont des jardins Renaissance qui ont \u00e9t\u00e9 recr\u00e9\u00e9s depuis 1987 par le D\u00e9partement du Loiret \u00e0 l\u2019aide de plans anciens et de donn\u00e9es historiques. Pour ces ravissants jardins en carr\u00e9s typiques de la Renaissance, le Chapeau \u00e0 Plume a r\u00e9alis\u00e9 des illustrations \u00e0 la plume sur la base des vues a\u00e9riennes du domaine.<\/p>\n<p>&nbsp;<\/p>\n<p>&nbsp;<\/p>\n<p><strong><a href=\"https:\/\/www.lechapeauaplume.fr\/chacircteau-de-chamerolles.html\">L\u2019ensemble\u00a0<\/a><a href=\"https:\/\/www.lechapeauaplume.fr\/chacircteau-de-chamerolles.html\">des sept panneaux illustr\u00e9s<\/a> <\/strong>donne aux visiteurs des cl\u00e9s de compr\u00e9hension pour appr\u00e9cier chaque carr\u00e9, ainsi que des informations sur les\u00a0richesses naturelles du domaine. Les panneaux seront \u00e0 d\u00e9couvrir dans diff\u00e9rents recoins des jardins d\u00e8s les premiers mois de 2021.<\/p>\n<p>&nbsp;<\/p>\n<p>&nbsp;<\/p>\n<p>&nbsp;<\/p>\n<p>&nbsp;<\/p>\n<p><img loading=\"lazy\" decoding=\"async\" width=\"680\" height=\"388\" class=\"size-medium wp-image-27284 aligncenter\" src=\"https:\/\/www.sitem.fr\/wp-content\/uploads\/2020\/12\/Panneau-1-les-jardins-de-Chamerolles-\u00a9-Le-Chapeau-a\u0300-Plume-1-680x388.jpg\" alt=\"\" srcset=\"https:\/\/www.sitem.fr\/wp-content\/uploads\/2020\/12\/Panneau-1-les-jardins-de-Chamerolles-\u00a9-Le-Chapeau-a\u0300-Plume-1-680x388.jpg 680w, https:\/\/www.sitem.fr\/wp-content\/uploads\/2020\/12\/Panneau-1-les-jardins-de-Chamerolles-\u00a9-Le-Chapeau-a\u0300-Plume-1-600x343.jpg 600w, https:\/\/www.sitem.fr\/wp-content\/uploads\/2020\/12\/Panneau-1-les-jardins-de-Chamerolles-\u00a9-Le-Chapeau-a\u0300-Plume-1-1200x685.jpg 1200w, https:\/\/www.sitem.fr\/wp-content\/uploads\/2020\/12\/Panneau-1-les-jardins-de-Chamerolles-\u00a9-Le-Chapeau-a\u0300-Plume-1-768x439.jpg 768w, https:\/\/www.sitem.fr\/wp-content\/uploads\/2020\/12\/Panneau-1-les-jardins-de-Chamerolles-\u00a9-Le-Chapeau-a\u0300-Plume-1-1536x877.jpg 1536w, https:\/\/www.sitem.fr\/wp-content\/uploads\/2020\/12\/Panneau-1-les-jardins-de-Chamerolles-\u00a9-Le-Chapeau-a\u0300-Plume-1.jpg 1984w\" sizes=\"auto, (max-width: 680px) 100vw, 680px\" \/><\/p>\n<p><img loading=\"lazy\" decoding=\"async\" width=\"680\" height=\"388\" class=\"size-medium wp-image-27290 aligncenter\" src=\"https:\/\/www.sitem.fr\/wp-content\/uploads\/2020\/12\/Panneau-2-un-espace-naturel-\u00a9-Le-Chapeau-a\u0300-Plume-680x388.jpg\" alt=\"\" srcset=\"https:\/\/www.sitem.fr\/wp-content\/uploads\/2020\/12\/Panneau-2-un-espace-naturel-\u00a9-Le-Chapeau-a\u0300-Plume-680x388.jpg 680w, https:\/\/www.sitem.fr\/wp-content\/uploads\/2020\/12\/Panneau-2-un-espace-naturel-\u00a9-Le-Chapeau-a\u0300-Plume-600x343.jpg 600w, https:\/\/www.sitem.fr\/wp-content\/uploads\/2020\/12\/Panneau-2-un-espace-naturel-\u00a9-Le-Chapeau-a\u0300-Plume-1200x685.jpg 1200w, https:\/\/www.sitem.fr\/wp-content\/uploads\/2020\/12\/Panneau-2-un-espace-naturel-\u00a9-Le-Chapeau-a\u0300-Plume-768x439.jpg 768w, https:\/\/www.sitem.fr\/wp-content\/uploads\/2020\/12\/Panneau-2-un-espace-naturel-\u00a9-Le-Chapeau-a\u0300-Plume-1536x877.jpg 1536w, https:\/\/www.sitem.fr\/wp-content\/uploads\/2020\/12\/Panneau-2-un-espace-naturel-\u00a9-Le-Chapeau-a\u0300-Plume.jpg 1984w\" sizes=\"auto, (max-width: 680px) 100vw, 680px\" \/><\/p>\n<p><img loading=\"lazy\" decoding=\"async\" class=\"wp-image-27286 aligncenter\" src=\"https:\/\/www.sitem.fr\/wp-content\/uploads\/2020\/12\/renard-\u00a9-Le-Chapeau-a\u0300-Plume-1-487x440.jpg\" alt=\"\" width=\"365\" height=\"330\" srcset=\"https:\/\/www.sitem.fr\/wp-content\/uploads\/2020\/12\/renard-\u00a9-Le-Chapeau-a\u0300-Plume-1-487x440.jpg 487w, https:\/\/www.sitem.fr\/wp-content\/uploads\/2020\/12\/renard-\u00a9-Le-Chapeau-a\u0300-Plume-1-600x542.jpg 600w, https:\/\/www.sitem.fr\/wp-content\/uploads\/2020\/12\/renard-\u00a9-Le-Chapeau-a\u0300-Plume-1-886x800.jpg 886w, https:\/\/www.sitem.fr\/wp-content\/uploads\/2020\/12\/renard-\u00a9-Le-Chapeau-a\u0300-Plume-1-768x693.jpg 768w, https:\/\/www.sitem.fr\/wp-content\/uploads\/2020\/12\/renard-\u00a9-Le-Chapeau-a\u0300-Plume-1-1536x1387.jpg 1536w, https:\/\/www.sitem.fr\/wp-content\/uploads\/2020\/12\/renard-\u00a9-Le-Chapeau-a\u0300-Plume-1.jpg 2035w\" sizes=\"auto, (max-width: 365px) 100vw, 365px\" \/><\/p>\n<p><img loading=\"lazy\" decoding=\"async\" class=\"wp-image-26988 aligncenter\" src=\"https:\/\/www.sitem.fr\/wp-content\/uploads\/2020\/11\/logo_chapeau_a_plume_Large-680x404.jpg\" alt=\"\" width=\"389\" height=\"231\" srcset=\"https:\/\/www.sitem.fr\/wp-content\/uploads\/2020\/11\/logo_chapeau_a_plume_Large-680x404.jpg 680w, https:\/\/www.sitem.fr\/wp-content\/uploads\/2020\/11\/logo_chapeau_a_plume_Large-600x357.jpg 600w, https:\/\/www.sitem.fr\/wp-content\/uploads\/2020\/11\/logo_chapeau_a_plume_Large-1200x713.jpg 1200w, https:\/\/www.sitem.fr\/wp-content\/uploads\/2020\/11\/logo_chapeau_a_plume_Large-768x457.jpg 768w, https:\/\/www.sitem.fr\/wp-content\/uploads\/2020\/11\/logo_chapeau_a_plume_Large-1536x913.jpg 1536w, https:\/\/www.sitem.fr\/wp-content\/uploads\/2020\/11\/logo_chapeau_a_plume_Large.jpg 1800w\" sizes=\"auto, (max-width: 389px) 100vw, 389px\" \/><\/p>\n","protected":false},"excerpt":{"rendered":"Le Chapeau \u00e0 Plume vient de r\u00e9aliser un ensemble de sept panneaux signal\u00e9tiques illustr\u00e9s pour les Jardins du ch\u00e2teau de Chamerolles dans le Loiret. &nbsp; &nbsp; Les Jardins de Chamerolles sont des jardins Renaissance qui ont \u00e9t\u00e9 recr\u00e9\u00e9s depuis 1987 par le D\u00e9partement du Loiret \u00e0 l\u2019aide de plans anciens et de donn\u00e9es historiques. Pour&#8230; <br><a class=\"readm\" href=\"https:\/\/www.sitem.fr\/en\/le-chapeau-a-plume-au-coeur-des-jardins-du-chateau-de-chamerolles\/\">Read more<\/a>","protected":false},"author":4708,"featured_media":27282,"comment_status":"closed","ping_status":"closed","sticky":false,"template":"","format":"standard","meta":{"_acf_changed":false,"footnotes":""},"categories":[1111,136,1325,367,925],"tags":[1421,1490,1492,1493,1491,1113],"class_list":["post-27292","post","type-post","status-publish","format-standard","has-post-thumbnail","hentry","category-actualites-recentes","category-architecture-2","category-museographie-scenographie-graphisme-signaletique","category-parcours-dinterpretation","category-pedagogie","tag-chapeau-a-plume","tag-chateau-de-chamerolles","tag-jardins-renaissance","tag-les-jardins-de-chamerolles","tag-panneaux-signaletiques","tag-prestataire"],"acf":[],"_links":{"self":[{"href":"https:\/\/www.sitem.fr\/en\/wp-json\/wp\/v2\/posts\/27292","targetHints":{"allow":["GET"]}}],"collection":[{"href":"https:\/\/www.sitem.fr\/en\/wp-json\/wp\/v2\/posts"}],"about":[{"href":"https:\/\/www.sitem.fr\/en\/wp-json\/wp\/v2\/types\/post"}],"author":[{"embeddable":true,"href":"https:\/\/www.sitem.fr\/en\/wp-json\/wp\/v2\/users\/4708"}],"replies":[{"embeddable":true,"href":"https:\/\/www.sitem.fr\/en\/wp-json\/wp\/v2\/comments?post=27292"}],"version-history":[{"count":3,"href":"https:\/\/www.sitem.fr\/en\/wp-json\/wp\/v2\/posts\/27292\/revisions"}],"predecessor-version":[{"id":27318,"href":"https:\/\/www.sitem.fr\/en\/wp-json\/wp\/v2\/posts\/27292\/revisions\/27318"}],"wp:featuredmedia":[{"embeddable":true,"href":"https:\/\/www.sitem.fr\/en\/wp-json\/wp\/v2\/media\/27282"}],"wp:attachment":[{"href":"https:\/\/www.sitem.fr\/en\/wp-json\/wp\/v2\/media?parent=27292"}],"wp:term":[{"taxonomy":"category","embeddable":true,"href":"https:\/\/www.sitem.fr\/en\/wp-json\/wp\/v2\/categories?post=27292"},{"taxonomy":"post_tag","embeddable":true,"href":"https:\/\/www.sitem.fr\/en\/wp-json\/wp\/v2\/tags?post=27292"}],"curies":[{"name":"wp","href":"https:\/\/api.w.org\/{rel}","templated":true}]}}