{"id":27316,"date":"2020-12-09T10:44:00","date_gmt":"2020-12-09T09:44:00","guid":{"rendered":"https:\/\/www.sitem.fr\/?p=27316"},"modified":"2020-12-11T12:06:19","modified_gmt":"2020-12-11T11:06:19","slug":"les-cloisons-mila-wall-au-musee-royal-de-lafrique-centrale-a-tervuren-belgique","status":"publish","type":"post","link":"https:\/\/www.sitem.fr\/en\/les-cloisons-mila-wall-au-musee-royal-de-lafrique-centrale-a-tervuren-belgique\/","title":{"rendered":"Les cloisons Mila-wall au Mus\u00e9e Royal de l\u2019Afrique Centrale \u00e0 Tervuren (Belgique)"},"content":{"rendered":"<p>Pour la premi\u00e8re exposition temporaire depuis l\u2019ouverture en d\u00e9cembre 2018, l\u2019AfricaMuseum invite l\u2019artiste kinois <a href=\"https:\/\/expotsimba.africamuseum.be\/fr\/exhibition\/freddy_tsimba\"><strong>Freddy Tsimba<\/strong><\/a> \u00e0 dialoguer avec les collections du mus\u00e9e. Le commissaire de l\u2019exposition est l\u2019\u00e9crivain <a href=\"https:\/\/expotsimba.africamuseum.be\/fr\/exhibition\/jean_bofane\"><strong>In\u00a0Koli Jean Bofane<\/strong><\/a>, avec la contribution scientifique de <strong>Henry Bundjoko<\/strong>, directeur du Mus\u00e9e national de la R\u00e9publique d\u00e9mocratique du Congo \u00e0 Kinshasa.<\/p>\n<p>&nbsp;<\/p>\n<p>Le titre de l\u2019exposition, <strong>\u00ab\u00a0<em>Mabele eleki lola\u00a0!<\/em> La terre, plus belle que le paradis\u00a0\u00bb<\/strong> fait r\u00e9f\u00e9rence \u00e0 l\u2019urgence de vivre ici et maintenant et \u00e0 la r\u00e9silience dont les Congolais font preuve au quotidien.<\/p>\n<p>&nbsp;<\/p>\n<p>Les \u0153uvres monumentales de Tsimba entrent pour la premi\u00e8re fois en <strong>dialogue avec les collections du mus\u00e9e<\/strong>. L\u2019artiste rend ainsi hommage au travail du forgeron et du sculpteur classique. <strong>Vingt-deux installations<\/strong> de Freddy Tsimba, lors de cette rencontre singuli\u00e8re, <strong>font face \u00e0 trente pi\u00e8ces du mus\u00e9e.<\/strong><\/p>\n<p>&nbsp;<\/p>\n<p><img loading=\"lazy\" decoding=\"async\" width=\"661\" height=\"440\" class=\"size-medium wp-image-27352 aligncenter\" src=\"https:\/\/www.sitem.fr\/wp-content\/uploads\/2020\/12\/expo_tsimba-terre-cuit-661x440.jpg\" alt=\"\" srcset=\"https:\/\/www.sitem.fr\/wp-content\/uploads\/2020\/12\/expo_tsimba-terre-cuit-661x440.jpg 661w, https:\/\/www.sitem.fr\/wp-content\/uploads\/2020\/12\/expo_tsimba-terre-cuit-scaled-600x399.jpg 600w, https:\/\/www.sitem.fr\/wp-content\/uploads\/2020\/12\/expo_tsimba-terre-cuit-1200x800.jpg 1200w, https:\/\/www.sitem.fr\/wp-content\/uploads\/2020\/12\/expo_tsimba-terre-cuit-768x511.jpg 768w, https:\/\/www.sitem.fr\/wp-content\/uploads\/2020\/12\/expo_tsimba-terre-cuit-1536x1022.jpg 1536w, https:\/\/www.sitem.fr\/wp-content\/uploads\/2020\/12\/expo_tsimba-terre-cuit-2048x1363.jpg 2048w\" sizes=\"auto, (max-width: 661px) 100vw, 661px\" \/><\/p>\n<p>&nbsp;<\/p>\n<p><strong>A cette occasion, l\u2019AfricaMuseum a fait confiance \u00e0 la soci\u00e9t\u00e9 MBA France et \u00e0 ses <\/strong><strong>cloisons Mila-wall de 3.50m de haut<\/strong><strong>, pour la sc\u00e9nographie et la mise en avant des \u0153uvres expos\u00e9es. Cela montre notamment <\/strong><strong>que l\u2019on peut parfaitement utiliser un syst\u00e8me de cloisons tout en le combinant \u00e0 des \u00e9l\u00e9ments sur mesure r\u00e9alis\u00e9s par les ateliers du Mus\u00e9e.<\/strong><\/p>\n<p>Jusqu\u2019au 15\/08\/21<\/p>\n<p>&nbsp;<\/p>\n<p>&nbsp;<\/p>\n<p>Copyright Jean-Marc Vandyck Africamuseum<\/p>\n<p><strong><a href=\"https:\/\/expotsimba.africamuseum.be\/fr\">http<\/a><a href=\"https:\/\/expotsimba.africamuseum.be\/fr\">s:\/\/expotsimba.africamuseum.be\/fr<\/a><\/strong><\/p>\n<p><strong><a href=\"http:\/\/www.mba-france.fr\">www.mba-france.fr<\/a><\/strong><\/p>\n","protected":false},"excerpt":{"rendered":"Pour la premi\u00e8re exposition temporaire depuis l\u2019ouverture en d\u00e9cembre 2018, l\u2019AfricaMuseum invite l\u2019artiste kinois Freddy Tsimba \u00e0 dialoguer avec les collections du mus\u00e9e. Le commissaire de l\u2019exposition est l\u2019\u00e9crivain In\u00a0Koli Jean Bofane, avec la contribution scientifique de Henry Bundjoko, directeur du Mus\u00e9e national de la R\u00e9publique d\u00e9mocratique du Congo \u00e0 Kinshasa. &nbsp; Le titre de&#8230; <br><a class=\"readm\" href=\"https:\/\/www.sitem.fr\/en\/les-cloisons-mila-wall-au-musee-royal-de-lafrique-centrale-a-tervuren-belgique\/\">Read more<\/a>","protected":false},"author":1453,"featured_media":27314,"comment_status":"closed","ping_status":"closed","sticky":false,"template":"","format":"standard","meta":{"_acf_changed":false,"footnotes":""},"categories":[1111,139,830,1329],"tags":[619,1495,14,1022,1494,1113,632],"class_list":["post-27316","post","type-post","status-publish","format-standard","has-post-thumbnail","hentry","category-actualites-recentes","category-cloisons","category-decor","category-equipement-conservation-gestion-des-collections-et-du-patrimoine","tag-cloisons-mila-wall","tag-freddy-tsimba","tag-mba-france","tag-musee","tag-musee-royal-de-lafrique-centrale","tag-prestataire","tag-scenographie"],"acf":[],"_links":{"self":[{"href":"https:\/\/www.sitem.fr\/en\/wp-json\/wp\/v2\/posts\/27316","targetHints":{"allow":["GET"]}}],"collection":[{"href":"https:\/\/www.sitem.fr\/en\/wp-json\/wp\/v2\/posts"}],"about":[{"href":"https:\/\/www.sitem.fr\/en\/wp-json\/wp\/v2\/types\/post"}],"author":[{"embeddable":true,"href":"https:\/\/www.sitem.fr\/en\/wp-json\/wp\/v2\/users\/1453"}],"replies":[{"embeddable":true,"href":"https:\/\/www.sitem.fr\/en\/wp-json\/wp\/v2\/comments?post=27316"}],"version-history":[{"count":4,"href":"https:\/\/www.sitem.fr\/en\/wp-json\/wp\/v2\/posts\/27316\/revisions"}],"predecessor-version":[{"id":27354,"href":"https:\/\/www.sitem.fr\/en\/wp-json\/wp\/v2\/posts\/27316\/revisions\/27354"}],"wp:featuredmedia":[{"embeddable":true,"href":"https:\/\/www.sitem.fr\/en\/wp-json\/wp\/v2\/media\/27314"}],"wp:attachment":[{"href":"https:\/\/www.sitem.fr\/en\/wp-json\/wp\/v2\/media?parent=27316"}],"wp:term":[{"taxonomy":"category","embeddable":true,"href":"https:\/\/www.sitem.fr\/en\/wp-json\/wp\/v2\/categories?post=27316"},{"taxonomy":"post_tag","embeddable":true,"href":"https:\/\/www.sitem.fr\/en\/wp-json\/wp\/v2\/tags?post=27316"}],"curies":[{"name":"wp","href":"https:\/\/api.w.org\/{rel}","templated":true}]}}