{"id":27411,"date":"2020-12-10T16:38:34","date_gmt":"2020-12-10T15:38:34","guid":{"rendered":"https:\/\/www.sitem.fr\/?p=27411"},"modified":"2020-12-10T16:38:34","modified_gmt":"2020-12-10T15:38:34","slug":"paris-aura-son-concert-du-31-decembre-dans-la-cathedrale-notre-dame-reconstituee","status":"publish","type":"post","link":"https:\/\/www.sitem.fr\/en\/paris-aura-son-concert-du-31-decembre-dans-la-cathedrale-notre-dame-reconstituee\/","title":{"rendered":"Paris aura son concert du 31 d\u00e9cembre dans\u2026 la cath\u00e9drale Notre-Dame reconstitu\u00e9e"},"content":{"rendered":"<p>A circonstances exceptionnelles, programme exceptionnel,\u00a0et\u00a0c\u2019est pourquoi la Ville de Paris a confi\u00e9 la r\u00e9alisation\u00a0d\u2019un\u00a0spectacle 100% virtuel et accessible \u00e0 tous mais sans public, \u00e0 Jean-Michel Jarre.<\/p>\n<p>&nbsp;<\/p>\n<p>Plac\u00e9 sous le patronage de l\u2019<strong><a href=\"https:\/\/fr.unesco.org\/\">Unesco<\/a><\/strong>, ce concert multim\u00e9dia\u00a0<b><strong>\u00ab\u00a0Welcome to the other side\u00a0\u00bb<\/strong><\/b>\u00a0(\u00ab\u00a0Bienvenue Ailleurs\u00a0\u00bb)\u00a0se d\u00e9roulera le jeudi 31 d\u00e9cembre de 23h25 \u00e0 0h15\u00a0d\u2019un\u00a0int\u00e9rieur de la cath\u00e9drale Notre-Dame totalement reconstitu\u00e9 virtuellement.<\/p>\n<p>&nbsp;<\/p>\n<p>Ce concert est r\u00e9alis\u00e9 en collaboration avec les \u00e9quipes de la\u00a0<em>startup<\/em> fran\u00e7aise de r\u00e9alit\u00e9 virtuelle <strong><a href=\"https:\/\/www.vrroom.buzz\/fr\">VRrOOm<\/a><\/strong>. Il se d\u00e9roulera virtuellement \u00e0 l\u2019int\u00e9rieur de Notre-Dame (la cath\u00e9drale aura \u00e9t\u00e9 mod\u00e9lis\u00e9e pour l\u2019occasion). Jean-Michel Jarre se produira\u00a0en direct depuis un studio \u00e0 Paris en m\u00eame temps que son avatar jouera \u00e0 l\u2019int\u00e9rieur de la cath\u00e9drale.<\/p>\n<p>&nbsp;<\/p>\n<p>Notre-Dame, au c\u0153ur de Paris, occupe une place unique dans l\u2019imaginaire collectif. C\u2019est un symbole de la force du patrimoine mondial qui nous lie les uns aux autres. Pour le monde entier, Paris est la ville lumi\u00e8re. En cette p\u00e9riode difficile due \u00e0 la pand\u00e9mie,\u00a0ce concert\u00a0a\u00a0vocation \u00e0 r\u00e9affirmer \u00e0 l\u2019international\u00a0 que Paris ne plie pas devant l\u2019adversit\u00e9,\u00a0qu\u2019elle sait\u00a0tirer\u00a0toute la\u00a0force de\u00a0son\u00a0histoire et d\u00e9ployer de l\u2019\u00e9nergie gr\u00e2ce aux innovations technologiques,\u00a0culturelles\u00a0et \u00e9conomiques. Ainsi le spectacle \u00ab\u00a0Welcome to the other side\u00a0\u00bb\u00a0(\u00ab\u00a0Bienvenue Ailleurs\u00a0\u00bb)\u00a0enverra-t-il\u00a0un message d\u2019espoir et de force pour 2021, telle la cath\u00e9drale affaiblie qui sait se relever.<\/p>\n<p>&nbsp;<\/p>\n<p>&nbsp;<\/p>\n<p>&nbsp;<\/p>\n<p>Suite et lien du communiqu\u00e9 de presse de la ville de Paris : <strong><a href=\"https:\/\/presse.paris.fr\/pages\/19552\">https:\/\/presse.paris.fr\/pages\/19552<\/a><\/strong><\/p>\n","protected":false},"excerpt":{"rendered":"A circonstances exceptionnelles, programme exceptionnel,\u00a0et\u00a0c\u2019est pourquoi la Ville de Paris a confi\u00e9 la r\u00e9alisation\u00a0d\u2019un\u00a0spectacle 100% virtuel et accessible \u00e0 tous mais sans public, \u00e0 Jean-Michel Jarre. &nbsp; Plac\u00e9 sous le patronage de l\u2019Unesco, ce concert multim\u00e9dia\u00a0\u00ab\u00a0Welcome to the other side\u00a0\u00bb\u00a0(\u00ab\u00a0Bienvenue Ailleurs\u00a0\u00bb)\u00a0se d\u00e9roulera le jeudi 31 d\u00e9cembre de 23h25 \u00e0 0h15\u00a0d\u2019un\u00a0int\u00e9rieur de la cath\u00e9drale Notre-Dame totalement&#8230; <br><a class=\"readm\" href=\"https:\/\/www.sitem.fr\/en\/paris-aura-son-concert-du-31-decembre-dans-la-cathedrale-notre-dame-reconstituee\/\">Read more<\/a>","protected":false},"author":12,"featured_media":27412,"comment_status":"closed","ping_status":"closed","sticky":false,"template":"","format":"standard","meta":{"_acf_changed":false,"footnotes":""},"categories":[221,1111,137,320,845,1327],"tags":[1508,1509,1512,1510,1511],"class_list":["post-27411","post","type-post","status-publish","format-standard","has-post-thumbnail","hentry","category-3d","category-actualites-recentes","category-audiovisuel-multimedia","category-evenement-culturel","category-realite-augmentee","category-valorisation-et-etude-des-collections-museales-et-patrimoniales","tag-cathedrale-notre-dame","tag-concert","tag-jean-michel-jarre","tag-ville-de-paris","tag-vrroom"],"acf":[],"_links":{"self":[{"href":"https:\/\/www.sitem.fr\/en\/wp-json\/wp\/v2\/posts\/27411","targetHints":{"allow":["GET"]}}],"collection":[{"href":"https:\/\/www.sitem.fr\/en\/wp-json\/wp\/v2\/posts"}],"about":[{"href":"https:\/\/www.sitem.fr\/en\/wp-json\/wp\/v2\/types\/post"}],"author":[{"embeddable":true,"href":"https:\/\/www.sitem.fr\/en\/wp-json\/wp\/v2\/users\/12"}],"replies":[{"embeddable":true,"href":"https:\/\/www.sitem.fr\/en\/wp-json\/wp\/v2\/comments?post=27411"}],"version-history":[{"count":3,"href":"https:\/\/www.sitem.fr\/en\/wp-json\/wp\/v2\/posts\/27411\/revisions"}],"predecessor-version":[{"id":27416,"href":"https:\/\/www.sitem.fr\/en\/wp-json\/wp\/v2\/posts\/27411\/revisions\/27416"}],"wp:featuredmedia":[{"embeddable":true,"href":"https:\/\/www.sitem.fr\/en\/wp-json\/wp\/v2\/media\/27412"}],"wp:attachment":[{"href":"https:\/\/www.sitem.fr\/en\/wp-json\/wp\/v2\/media?parent=27411"}],"wp:term":[{"taxonomy":"category","embeddable":true,"href":"https:\/\/www.sitem.fr\/en\/wp-json\/wp\/v2\/categories?post=27411"},{"taxonomy":"post_tag","embeddable":true,"href":"https:\/\/www.sitem.fr\/en\/wp-json\/wp\/v2\/tags?post=27411"}],"curies":[{"name":"wp","href":"https:\/\/api.w.org\/{rel}","templated":true}]}}