{"id":27562,"date":"2020-12-16T20:14:42","date_gmt":"2020-12-16T19:14:42","guid":{"rendered":"https:\/\/www.sitem.fr\/?p=27562"},"modified":"2020-12-17T10:54:11","modified_gmt":"2020-12-17T09:54:11","slug":"une-avalanche-de-livraisons-pour-cette-fin-dannee","status":"publish","type":"post","link":"https:\/\/www.sitem.fr\/en\/une-avalanche-de-livraisons-pour-cette-fin-dannee\/","title":{"rendered":"La Fabrique Cr\u00e9ative : une avalanche de livraisons pour cette fin d\u2019ann\u00e9e\u00a0!"},"content":{"rendered":"<p class=\"p3\"><span class=\"s1\">Cette fin d\u2019ann\u00e9e<\/span> sera marqu\u00e9e par la livraison de 3 projets pour <strong><a href=\"http:\/\/la-fabrique-creative.fr\/\">La Fabrique Cr\u00e9ative<\/a><\/strong>, une exposition itin\u00e9rante et deux am\u00e9nagements permanents, en quasi simultan\u00e9, dans un contexte sanitaire particulier.<\/p>\n<p>&nbsp;<\/p>\n<p class=\"p3\">\u00c0 Rouen (photo 1), l\u2019A\u00eetre Saint-Maclou s\u2019appr\u00eate \u00e0 ouvrir au public son nouvel espace d\u00e9di\u00e9 \u00e0 la c\u00e9ramique et intitul\u00e9 \u00ab La c\u00e9ramique, mati\u00e8re d\u2019hier et de demain \u00bb. Ce nouvel espace permettra au visiteur de sonder la mati\u00e8re par le biais de diff\u00e9rents outils de m\u00e9diation pour une grande partie num\u00e9riques.<\/p>\n<p>&nbsp;<\/p>\n<p class=\"p3\">\u00c0 Mont-de-Marsan (photo 2), les archives d\u00e9partementales des Landes ont accueilli ces derniers jours l\u2019exposition <span class=\"s2\">\u00ab Adour, d&#8217;eau et d&#8217;hommes \u00bb.\u00a0<\/span><span class=\"s2\">Cette exposition itin\u00e8rera sur l\u2019ensemble de la r\u00e9gion.<\/span><\/p>\n<p>&nbsp;<\/p>\n<p class=\"p1\"><span class=\"s1\">\u00c0 Lewarde (photo 3), <\/span>le Centre Historique Minier de Lewarde accueillera bient\u00f4t son public au sein du tout nouvel espace d\u00e9di\u00e9 \u00e0 l\u2019\u00e9nergie, au c\u0153ur du puits d\u2019extraction num\u00e9ro 1 de la fosse Delloye, sur deux niveaux.<\/p>\n<p>&nbsp;<\/p>\n<div class=\"\"><strong><a class=\"\" href=\"http:\/\/la-fabrique-creative.fr\/\">www.la-fabrique-creative.fr<\/a><\/strong><br class=\"\" \/><strong><a class=\"\" href=\"https:\/\/fr-fr.facebook.com\/LFCparis\/\">Rejoignez-nous sur facebook<\/a><\/strong><br class=\"\" \/><strong><a class=\"\" href=\"http:\/\/www.instagram.com\/la_fabrique_creative\">www.instagram.com\/la_fabrique_creative<\/a><\/strong><\/div>\n<p>&nbsp;<\/p>\n","protected":false},"excerpt":{"rendered":"Cette fin d\u2019ann\u00e9e sera marqu\u00e9e par la livraison de 3 projets pour La Fabrique Cr\u00e9ative, une exposition itin\u00e9rante et deux am\u00e9nagements permanents, en quasi simultan\u00e9, dans un contexte sanitaire particulier. &nbsp; \u00c0 Rouen (photo 1), l\u2019A\u00eetre Saint-Maclou s\u2019appr\u00eate \u00e0 ouvrir au public son nouvel espace d\u00e9di\u00e9 \u00e0 la c\u00e9ramique et intitul\u00e9 \u00ab La c\u00e9ramique, mati\u00e8re&#8230; <br><a class=\"readm\" href=\"https:\/\/www.sitem.fr\/en\/une-avalanche-de-livraisons-pour-cette-fin-dannee\/\">Read more<\/a>","protected":false},"author":12,"featured_media":27563,"comment_status":"closed","ping_status":"closed","sticky":false,"template":"","format":"standard","meta":{"_acf_changed":false,"footnotes":""},"categories":[1111,1325,367],"tags":[1553,1554,1555,44,632],"class_list":["post-27562","post","type-post","status-publish","format-standard","has-post-thumbnail","hentry","category-actualites-recentes","category-museographie-scenographie-graphisme-signaletique","category-parcours-dinterpretation","tag-aitre-saint-maclou","tag-archives-departementales-des-landes","tag-centre-historique-minier-de-lewarde","tag-la-fabrique-creative","tag-scenographie"],"acf":[],"_links":{"self":[{"href":"https:\/\/www.sitem.fr\/en\/wp-json\/wp\/v2\/posts\/27562","targetHints":{"allow":["GET"]}}],"collection":[{"href":"https:\/\/www.sitem.fr\/en\/wp-json\/wp\/v2\/posts"}],"about":[{"href":"https:\/\/www.sitem.fr\/en\/wp-json\/wp\/v2\/types\/post"}],"author":[{"embeddable":true,"href":"https:\/\/www.sitem.fr\/en\/wp-json\/wp\/v2\/users\/12"}],"replies":[{"embeddable":true,"href":"https:\/\/www.sitem.fr\/en\/wp-json\/wp\/v2\/comments?post=27562"}],"version-history":[{"count":5,"href":"https:\/\/www.sitem.fr\/en\/wp-json\/wp\/v2\/posts\/27562\/revisions"}],"predecessor-version":[{"id":27575,"href":"https:\/\/www.sitem.fr\/en\/wp-json\/wp\/v2\/posts\/27562\/revisions\/27575"}],"wp:featuredmedia":[{"embeddable":true,"href":"https:\/\/www.sitem.fr\/en\/wp-json\/wp\/v2\/media\/27563"}],"wp:attachment":[{"href":"https:\/\/www.sitem.fr\/en\/wp-json\/wp\/v2\/media?parent=27562"}],"wp:term":[{"taxonomy":"category","embeddable":true,"href":"https:\/\/www.sitem.fr\/en\/wp-json\/wp\/v2\/categories?post=27562"},{"taxonomy":"post_tag","embeddable":true,"href":"https:\/\/www.sitem.fr\/en\/wp-json\/wp\/v2\/tags?post=27562"}],"curies":[{"name":"wp","href":"https:\/\/api.w.org\/{rel}","templated":true}]}}