{"id":27962,"date":"2021-02-09T09:32:09","date_gmt":"2021-02-09T08:32:09","guid":{"rendered":"https:\/\/www.sitem.fr\/?p=27962"},"modified":"2021-02-11T10:53:58","modified_gmt":"2021-02-11T09:53:58","slug":"mba-france-equipe-le-carre-saint-joseph-de-marcq-en-baroeul-en-cloisons-mila-wall-serie-100","status":"publish","type":"post","link":"https:\/\/www.sitem.fr\/en\/mba-france-equipe-le-carre-saint-joseph-de-marcq-en-baroeul-en-cloisons-mila-wall-serie-100\/","title":{"rendered":"MBA France \u00e9quipe le Carr\u00e9 Saint-Joseph de Marcq-en-Baroeul en cloisons Mila-wall s\u00e9rie 100"},"content":{"rendered":"<p>Apr\u00e8s de longs mois de travaux, et de reports d\u2019ouverture du fait de la crise sanitaire, le Carr\u00e9 Saint Joseph est pr\u00eat \u00e0 recevoir son public, d\u00e8s que les conditions sanitaires le permettront.<\/p>\n<p>&nbsp;<\/p>\n<p>Ce nouveau lieu culturel abrite entre autre un jardin exotique, un salon de th\u00e9, mais aussi et surtout une tr\u00e8s belle salle d\u2019exposition qui b\u00e9n\u00e9ficie de nombreuses entr\u00e9es de lumi\u00e8re venant de la rue et du jardin ainsi que d\u2019un sol aux tons m\u00e9diterran\u00e9ens.<\/p>\n<p>&nbsp;<\/p>\n<p>Les murs en briques d\u2019origine lui conf\u00e8rent son identit\u00e9. Bient\u00f4t y seront expos\u00e9es des peintures et autres sculptures lors d\u2019expositions d\u2019envergure m\u00e9tropolitaine.<\/p>\n<p>&nbsp;<\/p>\n<p>\u00c0 cette occasion, la ville de Marcq-en-Baroeul a fait confiance \u00e0 l\u2019expertise et \u00e0 la qualit\u00e9 des cloisons Mila-wall 100 de MBA France. Gr\u00e2ce \u00e0 leur design sobre et \u00e0 leur \u00e9l\u00e9gance, elles sauront parfaitement s\u2019int\u00e9grer \u00e0 cet espace pour pleinement mettre en valeur les \u0153uvres expos\u00e9es. En outre, leur robustesse leur conf\u00e8re une excellente durabilit\u00e9, et donc de nombreuses ann\u00e9es d\u2019expositions en perspective.<\/p>\n<p>&nbsp;<\/p>\n<p>&nbsp;<\/p>\n<p>Copyright MBA-Mus\u00e9e Cultures Europ\u00e9ennes Berlin<\/p>\n<p><strong><a href=\"http:\/\/www.mba-france.fr\/\">www.mba-france.fr<\/a><\/strong><\/p>\n","protected":false},"excerpt":{"rendered":"Apr\u00e8s de longs mois de travaux, et de reports d\u2019ouverture du fait de la crise sanitaire, le Carr\u00e9 Saint Joseph est pr\u00eat \u00e0 recevoir son public, d\u00e8s que les conditions sanitaires le permettront. &nbsp; Ce nouveau lieu culturel abrite entre autre un jardin exotique, un salon de th\u00e9, mais aussi et surtout une tr\u00e8s belle&#8230; <br><a class=\"readm\" href=\"https:\/\/www.sitem.fr\/en\/mba-france-equipe-le-carre-saint-joseph-de-marcq-en-baroeul-en-cloisons-mila-wall-serie-100\/\">Read more<\/a>","protected":false},"author":1453,"featured_media":27960,"comment_status":"closed","ping_status":"closed","sticky":false,"template":"","format":"standard","meta":{"_acf_changed":false,"footnotes":""},"categories":[1111,142,139,1329,1034],"tags":[1637,53,1636,14,15,984,1638,1113,1639],"class_list":["post-27962","post","type-post","status-publish","format-standard","has-post-thumbnail","hentry","category-actualites-recentes","category-agencement","category-cloisons","category-equipement-conservation-gestion-des-collections-et-du-patrimoine","category-oeuvres","tag-cloisons","tag-exposition","tag-le-carre-saint-joseph-de-marcq-en-baroeul","tag-mba-france","tag-mila-wall","tag-oeuvres","tag-peintures","tag-prestataire","tag-sculptures"],"acf":[],"_links":{"self":[{"href":"https:\/\/www.sitem.fr\/en\/wp-json\/wp\/v2\/posts\/27962","targetHints":{"allow":["GET"]}}],"collection":[{"href":"https:\/\/www.sitem.fr\/en\/wp-json\/wp\/v2\/posts"}],"about":[{"href":"https:\/\/www.sitem.fr\/en\/wp-json\/wp\/v2\/types\/post"}],"author":[{"embeddable":true,"href":"https:\/\/www.sitem.fr\/en\/wp-json\/wp\/v2\/users\/1453"}],"replies":[{"embeddable":true,"href":"https:\/\/www.sitem.fr\/en\/wp-json\/wp\/v2\/comments?post=27962"}],"version-history":[{"count":8,"href":"https:\/\/www.sitem.fr\/en\/wp-json\/wp\/v2\/posts\/27962\/revisions"}],"predecessor-version":[{"id":28142,"href":"https:\/\/www.sitem.fr\/en\/wp-json\/wp\/v2\/posts\/27962\/revisions\/28142"}],"wp:featuredmedia":[{"embeddable":true,"href":"https:\/\/www.sitem.fr\/en\/wp-json\/wp\/v2\/media\/27960"}],"wp:attachment":[{"href":"https:\/\/www.sitem.fr\/en\/wp-json\/wp\/v2\/media?parent=27962"}],"wp:term":[{"taxonomy":"category","embeddable":true,"href":"https:\/\/www.sitem.fr\/en\/wp-json\/wp\/v2\/categories?post=27962"},{"taxonomy":"post_tag","embeddable":true,"href":"https:\/\/www.sitem.fr\/en\/wp-json\/wp\/v2\/tags?post=27962"}],"curies":[{"name":"wp","href":"https:\/\/api.w.org\/{rel}","templated":true}]}}