{"id":28018,"date":"2021-02-11T09:50:59","date_gmt":"2021-02-11T08:50:59","guid":{"rendered":"https:\/\/www.sitem.fr\/?p=28018"},"modified":"2021-02-11T09:50:59","modified_gmt":"2021-02-11T08:50:59","slug":"polymorphe-design-meme-pas-peur","status":"publish","type":"post","link":"https:\/\/www.sitem.fr\/en\/polymorphe-design-meme-pas-peur\/","title":{"rendered":"Polymorphe Design : M\u00eame pas peur !"},"content":{"rendered":"<h4>Dernier projet de Polymorphe Design, l&#8217;exposition temporaire Subjectif(s) Futur(s) met en valeur des \u0153uvres de science-fiction accessibles au plus grand nombre : bandes dessin\u00e9es, romans, films, textes lus et gros caract\u00e8res.<\/h4>\n<p>&nbsp;<\/p>\n<div id=\"attachment_28012\" style=\"width: 690px\" class=\"wp-caption aligncenter\"><img loading=\"lazy\" decoding=\"async\" aria-describedby=\"caption-attachment-28012\" class=\"wp-image-28012 size-medium\" src=\"https:\/\/www.sitem.fr\/wp-content\/uploads\/2021\/02\/MVE-SF-postapocalyptique-1024-680x434.jpg\" alt=\"\" width=\"680\" height=\"434\" srcset=\"https:\/\/www.sitem.fr\/wp-content\/uploads\/2021\/02\/MVE-SF-postapocalyptique-1024-680x434.jpg 680w, https:\/\/www.sitem.fr\/wp-content\/uploads\/2021\/02\/MVE-SF-postapocalyptique-1024-600x383.jpg 600w, https:\/\/www.sitem.fr\/wp-content\/uploads\/2021\/02\/MVE-SF-postapocalyptique-1024-768x490.jpg 768w, https:\/\/www.sitem.fr\/wp-content\/uploads\/2021\/02\/MVE-SF-postapocalyptique-1024.jpg 1024w\" sizes=\"auto, (max-width: 680px) 100vw, 680px\" \/><p id=\"caption-attachment-28012\" class=\"wp-caption-text\">Vision post-apocalyptique : un monde sous cloche.<\/p><\/div>\n<p>&nbsp;<\/p>\n<p>Bienvenue dans Subjectif(s) Futur(s), les mondes de la SF !<\/p>\n<p>&nbsp;<\/p>\n<p>Vous plongeant dans des univers de space-op\u00e9ra, de voyages interstellaires ou dans des mondes post-apocalyptiques, cette installation met en valeur des \u0153uvres de science-fiction accessibles au plus grand nombre : bandes dessin\u00e9es, romans, films, textes lus et gros caract\u00e8res.\u00a0R\u00e9alis\u00e9e par Polymorphe Design, l&#8217;exposition est \u00e0 l&#8217;image de la m\u00e9diath\u00e8que de Val d&#8217;Europe, accessible : ergonomie du mobilier, r\u00e9sum\u00e9 en braille, jeux tactiles, et bien s\u00fbr l&#8217;accueil bienveillant de l&#8217;\u00e9quipe des m\u00e9diath\u00e9caires !<\/p>\n<p>&nbsp;<\/p>\n<p>A travers une s\u00e9lection d\u2019extraits de textes, de bandes-dessin\u00e9e et de films r\u00e9partis en 4 stations parmi les rayonnages, vous \u00eates invit\u00e9s \u00e0 franchir les portes de la Science Fiction. Chaque station s\u2019appuie sur les collections pour mettre en avant l\u2019un des ouvrages pr\u00e9sents en rayon. Vous \u00eates libre de d\u00e9couvrir l\u2019exposition dans l\u2019ordre qui lui convient, en une seule fois ou par petits bouts.<\/p>\n<p>&nbsp;<\/p>\n<div id=\"attachment_28004\" style=\"width: 610px\" class=\"wp-caption aligncenter\"><img loading=\"lazy\" decoding=\"async\" aria-describedby=\"caption-attachment-28004\" class=\"wp-image-28004 size-large\" src=\"https:\/\/www.sitem.fr\/wp-content\/uploads\/2021\/02\/MVE-SF-Antares-1024-600x800.jpg\" alt=\"\" width=\"600\" height=\"800\" srcset=\"https:\/\/www.sitem.fr\/wp-content\/uploads\/2021\/02\/MVE-SF-Antares-1024-600x800.jpg 600w, https:\/\/www.sitem.fr\/wp-content\/uploads\/2021\/02\/MVE-SF-Antares-1024-330x440.jpg 330w, https:\/\/www.sitem.fr\/wp-content\/uploads\/2021\/02\/MVE-SF-Antares-1024.jpg 768w\" sizes=\"auto, (max-width: 600px) 100vw, 600px\" \/><p id=\"caption-attachment-28004\" class=\"wp-caption-text\">Impression et d\u00e9coupe \u00e0 la forme sur Proc\u00e9d\u00e9 Ch\u00e9nel.<\/p><\/div>\n<h3><\/h3>\n<p>&nbsp;<\/p>\n<h4><span class=\"textefort\">\u00c9tonnez-vous de l&#8217;actualit\u00e9&#8230;<\/span><\/h4>\n<p>Masques et Notre Dame en feu&#8230; en 2007 ! Non ce n\u2019est pas une fiction, c\u2019est r\u00e9ellement l\u2019ann\u00e9e de parution de la BD Antares, o\u00f9 l\u2019auteur de science-fiction LEO dessine ces 2 \u00e9v\u00e9nements sur une m\u00eame planche. La BD est en pr\u00eat \u00e0 la m\u00e9diath\u00e8que de Magny le Hongre.<\/p>\n<p>&nbsp;<\/p>\n<p>&nbsp;<\/p>\n<p><img loading=\"lazy\" decoding=\"async\" class=\"aligncenter wp-image-28016 size-full\" src=\"https:\/\/www.sitem.fr\/wp-content\/uploads\/2021\/02\/MVE-SF-findumonde-640.jpg\" alt=\"C'est la fin du monde. Qu'emportez-vous ? &quot;Il se brossa les dents avec soin, utilisant un fil dentaire. Il faisait tr\u00e8s attention \u00e0 ses dents car, \u00e0 pr\u00e9sent, il \u00e9tait son propre dentiste. Il pouvait n\u00e9gliger beaucoup de choses, mais pas sa sant\u00e9.&quot; (Je suis une l\u00e9gende - Richard Matheson)\" width=\"640\" height=\"640\" srcset=\"https:\/\/www.sitem.fr\/wp-content\/uploads\/2021\/02\/MVE-SF-findumonde-640.jpg 640w, https:\/\/www.sitem.fr\/wp-content\/uploads\/2021\/02\/MVE-SF-findumonde-640-300x300.jpg 300w, https:\/\/www.sitem.fr\/wp-content\/uploads\/2021\/02\/MVE-SF-findumonde-640-100x100.jpg 100w, https:\/\/www.sitem.fr\/wp-content\/uploads\/2021\/02\/MVE-SF-findumonde-640-600x600.jpg 600w, https:\/\/www.sitem.fr\/wp-content\/uploads\/2021\/02\/MVE-SF-findumonde-640-440x440.jpg 440w\" sizes=\"auto, (max-width: 640px) 100vw, 640px\" \/><\/p>\n<h3><\/h3>\n<p>&nbsp;<\/p>\n<h3><\/h3>\n<h4><span class=\"textefort\">L\u00e2chez votre smartphone&#8230;<\/span><\/h4>\n<p>Chaque point d\u2019arr\u00eat propose de d\u00e9couvrir un des univers embl\u00e9matiques de la SF : utopie\/dystopie, Uchronie et Voyage dans le temps, Post-apocalypse, Space Opera. Toutes les stations proposent des jeux (volet \u00e0 soulever, textes et illustrations \u00e0 relier\u2026) et des manipulations afin de vous rendre acteur de votre visite. Laissez-vous prendre au jeu&#8230; Qu&#8217;emporteriez-vous si c&#8217;\u00e9tait la fin du monde ? Votre smartphone serait-il toujours aussi important ?<\/p>\n<p>Un livret-jeu est \u00e9galement disponible pour vous accompagner de fa\u00e7on ludique dans la visite de l&#8217;exposition !<\/p>\n<p>&nbsp;<\/p>\n<p>&nbsp;<\/p>\n<div id=\"attachment_28008\" style=\"width: 623px\" class=\"wp-caption aligncenter\"><img loading=\"lazy\" decoding=\"async\" aria-describedby=\"caption-attachment-28008\" class=\"wp-image-28008 size-large\" src=\"https:\/\/www.sitem.fr\/wp-content\/uploads\/2021\/02\/MVE-SF-Paysage-1024-613x800.jpg\" alt=\"\" width=\"613\" height=\"800\" srcset=\"https:\/\/www.sitem.fr\/wp-content\/uploads\/2021\/02\/MVE-SF-Paysage-1024-613x800.jpg 613w, https:\/\/www.sitem.fr\/wp-content\/uploads\/2021\/02\/MVE-SF-Paysage-1024-600x784.jpg 600w, https:\/\/www.sitem.fr\/wp-content\/uploads\/2021\/02\/MVE-SF-Paysage-1024-337x440.jpg 337w, https:\/\/www.sitem.fr\/wp-content\/uploads\/2021\/02\/MVE-SF-Paysage-1024-768x1003.jpg 768w, https:\/\/www.sitem.fr\/wp-content\/uploads\/2021\/02\/MVE-SF-Paysage-1024.jpg 784w\" sizes=\"auto, (max-width: 613px) 100vw, 613px\" \/><p id=\"caption-attachment-28008\" class=\"wp-caption-text\">Diorama-paysage, support aux animations avec les publics scolaires : imaginez&#8230;<\/p><\/div>\n<p>&nbsp;<\/p>\n<p>&nbsp;<\/p>\n<p>La m\u00e9diath\u00e8que accueille de nombreux groupes scolaires. C&#8217;est l&#8217;occasion de faire s&#8217;exprimer les enfants sur leurs mondes imaginaires. Un diorama sera compl\u00e9t\u00e9 au fil des animations par des objets et des \u00eatres venus&#8230; de l&#8217;imagination des enfants !<\/p>\n<p>Le rez-de-chauss\u00e9e de la m\u00e9diath\u00e8que repr\u00e9sente la terre. Au centre, le th\u00e9\u00e2tre sera votre point d\u2019ancrage sous la forme d\u2019un vaisseau spatial. Il est pilot\u00e9 par Le Corbusier et C3P0. Science fiction versus science du futur, lequel des deux repr\u00e9sente le monde le plus &#8230; id\u00e9al ?<\/p>\n<p>&nbsp;<\/p>\n<p>&nbsp;<\/p>\n<div id=\"attachment_28010\" style=\"width: 610px\" class=\"wp-caption aligncenter\"><img loading=\"lazy\" decoding=\"async\" aria-describedby=\"caption-attachment-28010\" class=\"wp-image-28010 size-large\" src=\"https:\/\/www.sitem.fr\/wp-content\/uploads\/2021\/02\/MVE-SF-Pilotes-1024-600x800.jpg\" alt=\"\" width=\"600\" height=\"800\" srcset=\"https:\/\/www.sitem.fr\/wp-content\/uploads\/2021\/02\/MVE-SF-Pilotes-1024-600x800.jpg 600w, https:\/\/www.sitem.fr\/wp-content\/uploads\/2021\/02\/MVE-SF-Pilotes-1024-330x440.jpg 330w, https:\/\/www.sitem.fr\/wp-content\/uploads\/2021\/02\/MVE-SF-Pilotes-1024.jpg 768w\" sizes=\"auto, (max-width: 600px) 100vw, 600px\" \/><p id=\"caption-attachment-28010\" class=\"wp-caption-text\">Les pilotes du vaisseau : science fiction ou science future&#8230; Quand Le Corbusier c\u00f4toie C3P0&#8230;<\/p><\/div>\n<p>&nbsp;<\/p>\n<p>&nbsp;<\/p>\n<div id=\"attachment_28006\" style=\"width: 690px\" class=\"wp-caption aligncenter\"><img loading=\"lazy\" decoding=\"async\" aria-describedby=\"caption-attachment-28006\" class=\"wp-image-28006 size-medium\" src=\"https:\/\/www.sitem.fr\/wp-content\/uploads\/2021\/02\/MVE-SF-Passagers-1024-680x383.jpg\" alt=\"Des passagers en partance pour l'espace.\" width=\"680\" height=\"383\" srcset=\"https:\/\/www.sitem.fr\/wp-content\/uploads\/2021\/02\/MVE-SF-Passagers-1024-680x383.jpg 680w, https:\/\/www.sitem.fr\/wp-content\/uploads\/2021\/02\/MVE-SF-Passagers-1024-600x338.jpg 600w, https:\/\/www.sitem.fr\/wp-content\/uploads\/2021\/02\/MVE-SF-Passagers-1024-768x433.jpg 768w, https:\/\/www.sitem.fr\/wp-content\/uploads\/2021\/02\/MVE-SF-Passagers-1024.jpg 1024w\" sizes=\"auto, (max-width: 680px) 100vw, 680px\" \/><p id=\"caption-attachment-28006\" class=\"wp-caption-text\">Installations immersives \u00e0 la m\u00e9diath\u00e8que de Val d&#8217;Europe.<\/p><\/div>\n<p>&nbsp;<\/p>\n<p>&nbsp;<\/p>\n<p>Les trois stations positionn\u00e9es autour du vaisseau ont \u00e9galement trait \u00e0 des univers situ\u00e9s essentiellement sur une plan\u00e8te, souvent la Terre. N&#8217;ayez pas peur&#8230; montez d\u2019un \u00e9tage et vous vous retrouverez dans l\u2019espace, avec une mise en avant du space-opera.<\/p>\n<p>&nbsp;<\/p>\n<p>&nbsp;<\/p>\n<p>&nbsp;<\/p>\n<p class=\"encadre\" align=\"center\"><em>Retrouvez la programmation de l&#8217;exposition sur <a href=\"http:\/\/mediatheques.valeurope-san.fr\/rendez-vous\/les-temps-forts\/676-subjectif-s-futur-s-les-mondes-de-la-science-fiction\"><br \/>\n<strong>http:\/\/mediatheques.valeurope-san.fr\/rendez-vous\/les-temps-forts\/676-subjectif-s-futur-s-les-mondes-de-la-science-fiction<\/strong><\/a> <\/em><\/p>\n<p>L&#8217;exposition temporaire Subjectif(s) Futur(s) ouvre samedi 6 f\u00e9vrier 2021 \u00e0 la M\u00e9diath\u00e8que de Val d&#8217;Europe. Elle y restera en 2021 puis partira vivre son itin\u00e9rance au sein du r\u00e9seau des m\u00e9diath\u00e8ques et au-del\u00e0.<\/p>\n<p>&nbsp;<\/p>\n<p align=\"center\"><strong>Les tirages ont \u00e9t\u00e9 r\u00e9alis\u00e9s sur des <a href=\"https:\/\/chenel.com\/\" target=\"_blank\" rel=\"noopener noreferrer\">Proc\u00e9d\u00e9s Ch\u00e9nel<\/a>, les grands formats par <a href=\"http:\/\/www.sitep.fr\/\" target=\"_blank\" rel=\"noopener noreferrer\">SITEP<\/a>, et les accessoires par <a href=\"http:\/\/www.atelier-hors-serie.fr\/\" target=\"_blank\" rel=\"noopener noreferrer\">Atelier Hors-s\u00e9rie<\/a>.<\/strong><\/p>\n","protected":false},"excerpt":{"rendered":"Dernier projet de Polymorphe Design, l&#8217;exposition temporaire Subjectif(s) Futur(s) met en valeur des \u0153uvres de science-fiction accessibles au plus grand nombre : bandes dessin\u00e9es, romans, films, textes lus et gros caract\u00e8res. &nbsp; &nbsp; Bienvenue dans Subjectif(s) Futur(s), les mondes de la SF ! &nbsp; Vous plongeant dans des univers de space-op\u00e9ra, de voyages interstellaires ou&#8230; <br><a class=\"readm\" href=\"https:\/\/www.sitem.fr\/en\/polymorphe-design-meme-pas-peur\/\">Read more<\/a>","protected":false},"author":2026,"featured_media":28006,"comment_status":"closed","ping_status":"closed","sticky":false,"template":"","format":"standard","meta":{"_acf_changed":false,"footnotes":""},"categories":[87,1111,1325,925],"tags":[1651,1066,53,984,329,1113,1650,1649],"class_list":["post-28018","post","type-post","status-publish","format-standard","has-post-thumbnail","hentry","category-accessibilite","category-actualites-recentes","category-museographie-scenographie-graphisme-signaletique","category-pedagogie","tag-bandes-dessinees","tag-collection","tag-exposition","tag-oeuvres","tag-polymorphe-design","tag-prestataire","tag-science-fiction","tag-subjectifs-futurs"],"acf":[],"_links":{"self":[{"href":"https:\/\/www.sitem.fr\/en\/wp-json\/wp\/v2\/posts\/28018","targetHints":{"allow":["GET"]}}],"collection":[{"href":"https:\/\/www.sitem.fr\/en\/wp-json\/wp\/v2\/posts"}],"about":[{"href":"https:\/\/www.sitem.fr\/en\/wp-json\/wp\/v2\/types\/post"}],"author":[{"embeddable":true,"href":"https:\/\/www.sitem.fr\/en\/wp-json\/wp\/v2\/users\/2026"}],"replies":[{"embeddable":true,"href":"https:\/\/www.sitem.fr\/en\/wp-json\/wp\/v2\/comments?post=28018"}],"version-history":[{"count":4,"href":"https:\/\/www.sitem.fr\/en\/wp-json\/wp\/v2\/posts\/28018\/revisions"}],"predecessor-version":[{"id":28058,"href":"https:\/\/www.sitem.fr\/en\/wp-json\/wp\/v2\/posts\/28018\/revisions\/28058"}],"wp:featuredmedia":[{"embeddable":true,"href":"https:\/\/www.sitem.fr\/en\/wp-json\/wp\/v2\/media\/28006"}],"wp:attachment":[{"href":"https:\/\/www.sitem.fr\/en\/wp-json\/wp\/v2\/media?parent=28018"}],"wp:term":[{"taxonomy":"category","embeddable":true,"href":"https:\/\/www.sitem.fr\/en\/wp-json\/wp\/v2\/categories?post=28018"},{"taxonomy":"post_tag","embeddable":true,"href":"https:\/\/www.sitem.fr\/en\/wp-json\/wp\/v2\/tags?post=28018"}],"curies":[{"name":"wp","href":"https:\/\/api.w.org\/{rel}","templated":true}]}}