{"id":28025,"date":"2021-02-08T11:20:29","date_gmt":"2021-02-08T10:20:29","guid":{"rendered":"https:\/\/www.sitem.fr\/?p=28025"},"modified":"2021-02-08T12:22:41","modified_gmt":"2021-02-08T11:22:41","slug":"lettre-ouverte-de-la-presse-artistique-au-president-de-la-republique-pour-la-reouverture-des-musees","status":"publish","type":"post","link":"https:\/\/www.sitem.fr\/en\/lettre-ouverte-de-la-presse-artistique-au-president-de-la-republique-pour-la-reouverture-des-musees\/","title":{"rendered":"Lettre ouverte de la presse artistique au Pr\u00e9sident de la R\u00e9publique pour la r\u00e9ouverture des mus\u00e9es"},"content":{"rendered":"<p>Paris le 6 f\u00e9vrier 2021<\/p>\n<p>&nbsp;<\/p>\n<p>Monsieur le Pr\u00e9sident de la R\u00e9publique,<\/p>\n<p>&nbsp;<\/p>\n<p>Nous sommes depuis plus de 30\u00a0ans, pour certains d\u2019entre nous, des observateurs attentifs des mus\u00e9es, sites patrimoniaux et centres d\u2019art. Nous les avons si souvent visit\u00e9s pour en rendre compte \u00e0 nos lecteurs que nous savons combien ce sont des lieux d\u2019intelligence et de convivialit\u00e9.<\/p>\n<p>&nbsp;<\/p>\n<p>C\u2019est pourquoi nous vous demandons de les rouvrir au plus vite pour que les enfants\u00a0qui sont actuellement en vacances ou vont l\u2019\u00eatre prochainement puissent aller \u00e0 la rencontre d\u2019\u0153uvres d\u2019art autrement que sur un \u00e9cran. Une d\u00e9clinaison de \u00ab l\u2019\u00e9t\u00e9 apprenant\u00a0\u00bb, en quelque sorte.<\/p>\n<p>&nbsp;<\/p>\n<p>Nous avons bien conscience du chemin de cr\u00eate \u00e9troit entre, d\u2019un c\u00f4t\u00e9, les contraintes sur le syst\u00e8me hospitalier et, de l\u2019autre, les enjeux \u00e9conomiques et soci\u00e9taux. En l\u2019esp\u00e8ce, les protocoles sanitaires, mis en place en mai dernier, sont de nature \u00e0 \u00e9viter la contamination entre visiteurs.<\/p>\n<p>&nbsp;<\/p>\n<p>Aussi, nous pensons qu\u2019il est possible d\u2019ouvrir ces lieux\u00a0<em>a minima<\/em>\u00a0en semaine avec une fermeture \u00e0 18\u00a0heures. Nos voisins italiens et espagnols l\u2019ont fait avant nous.<\/p>\n<p>&nbsp;<\/p>\n<p>Certes, ouvrir les sites patrimoniaux, c\u2019est prendre le risque de m\u00e9contenter les th\u00e9\u00e2tres et cin\u00e9mas qui souffrent tout autant. Eh\u00a0bien justement, profitons de la r\u00e9ouverture de ces sites pour mesurer l\u2019impact sur le nombre de nouveaux cas de contamination et si, comme nous le pensons, il n\u2019y a pas de cons\u00e9quences n\u00e9gatives, cela permettra aux th\u00e9\u00e2tres et cin\u00e9mas d\u2019accueillir eux aussi \u00e0 nouveau leur public, quelques semaines apr\u00e8s.<\/p>\n<p>&nbsp;<\/p>\n<p>Les enjeux \u00e9conomiques du secteur sont moindres que pour l\u2019\u00e9v\u00e9nementiel ou les bars et restaurants, mais ils sont r\u00e9els. De nombreux sites patrimoniaux priv\u00e9s n\u2019ont comme recettes que celles de leur billetterie. Par ailleurs, publics ou priv\u00e9s, ces lieux entretiennent un \u00e9cosyst\u00e8me mis \u00e0 mal par la crise : artistes, m\u00e9diateurs, guides-conf\u00e9renciers, sc\u00e9nographes, commissaires d\u2019exposition, agences de communication, \u00e9tudiants-stagiaires, critiques d\u2019art, journaux et revues d\u2019art.<\/p>\n<p>&nbsp;<\/p>\n<p>\u00ab\u00a0<em>Les mus\u00e9es et les monuments historiques pourraient \u00eatre des structures qui, dans le cadre d\u2019une stabilisation de l\u2019\u00e9pid\u00e9mie, pourraient faire l\u2019objet d\u2019une r\u00e9ouverture encadr\u00e9e<\/em>\u00a0\u00bb, indiquait le 12 janvier dernier aux parlementaires Mme Roselyne Bachelot.<\/p>\n<p>&nbsp;<\/p>\n<p>Vous avez fait le pari d\u2019un couvre-feu renforc\u00e9 plut\u00f4t que d\u2019un confinement total, faites aussi le pari d\u2019une r\u00e9ouverture graduelle des lieux de culture, en commen\u00e7ant maintenant par les mus\u00e9es, sites patrimoniaux et centres d\u2019art.<\/p>\n<p>&nbsp;<\/p>\n<p>En esp\u00e9rant que vous donnerez une suite favorable \u00e0 notre demande, nous vous prions d\u2019agr\u00e9er, Monsieur le Pr\u00e9sident de la R\u00e9publique, l\u2019expression de notre haute consid\u00e9ration.<\/p>\n<p>&nbsp;<\/p>\n<p>&nbsp;<\/p>\n<p>Lien de l&#8217;article du Quotidien de l&#8217;Art par Rafael Pic,\u00a0Fabrice Bousteau : <strong><a href=\"https:\/\/www.lequotidiendelart.com\/articles\/19136-lettre-ouverte-de-la-presse-artistique-au-pr%C3%A9sident-de-la-r%C3%A9publique-pour-la-r%C3%A9ouverture-des-mus%C3%A9es.html\">https:\/\/www.lequotidiendelart.com\/articles\/19136-lettre-ouverte-de-la-presse-artistique-au-pr%C3%A9sident-de-la-r%C3%A9publique-pour-la-r%C3%A9ouverture-des-mus%C3%A9es.html<\/a><\/strong><\/p>\n","protected":false},"excerpt":{"rendered":"Paris le 6 f\u00e9vrier 2021 &nbsp; Monsieur le Pr\u00e9sident de la R\u00e9publique, &nbsp; Nous sommes depuis plus de 30\u00a0ans, pour certains d\u2019entre nous, des observateurs attentifs des mus\u00e9es, sites patrimoniaux et centres d\u2019art. Nous les avons si souvent visit\u00e9s pour en rendre compte \u00e0 nos lecteurs que nous savons combien ce sont des lieux d\u2019intelligence&#8230; <br><a class=\"readm\" href=\"https:\/\/www.sitem.fr\/en\/lettre-ouverte-de-la-presse-artistique-au-president-de-la-republique-pour-la-reouverture-des-musees\/\">Read more<\/a>","protected":false},"author":12,"featured_media":28030,"comment_status":"closed","ping_status":"closed","sticky":false,"template":"","format":"standard","meta":{"_acf_changed":false,"footnotes":""},"categories":[1111],"tags":[1646,1647,1648],"class_list":["post-28025","post","type-post","status-publish","format-standard","has-post-thumbnail","hentry","category-actualites-recentes","tag-lettre-ouverte","tag-presse-artistique","tag-reouverture-des-musees"],"acf":[],"_links":{"self":[{"href":"https:\/\/www.sitem.fr\/en\/wp-json\/wp\/v2\/posts\/28025","targetHints":{"allow":["GET"]}}],"collection":[{"href":"https:\/\/www.sitem.fr\/en\/wp-json\/wp\/v2\/posts"}],"about":[{"href":"https:\/\/www.sitem.fr\/en\/wp-json\/wp\/v2\/types\/post"}],"author":[{"embeddable":true,"href":"https:\/\/www.sitem.fr\/en\/wp-json\/wp\/v2\/users\/12"}],"replies":[{"embeddable":true,"href":"https:\/\/www.sitem.fr\/en\/wp-json\/wp\/v2\/comments?post=28025"}],"version-history":[{"count":4,"href":"https:\/\/www.sitem.fr\/en\/wp-json\/wp\/v2\/posts\/28025\/revisions"}],"predecessor-version":[{"id":28033,"href":"https:\/\/www.sitem.fr\/en\/wp-json\/wp\/v2\/posts\/28025\/revisions\/28033"}],"wp:featuredmedia":[{"embeddable":true,"href":"https:\/\/www.sitem.fr\/en\/wp-json\/wp\/v2\/media\/28030"}],"wp:attachment":[{"href":"https:\/\/www.sitem.fr\/en\/wp-json\/wp\/v2\/media?parent=28025"}],"wp:term":[{"taxonomy":"category","embeddable":true,"href":"https:\/\/www.sitem.fr\/en\/wp-json\/wp\/v2\/categories?post=28025"},{"taxonomy":"post_tag","embeddable":true,"href":"https:\/\/www.sitem.fr\/en\/wp-json\/wp\/v2\/tags?post=28025"}],"curies":[{"name":"wp","href":"https:\/\/api.w.org\/{rel}","templated":true}]}}