{"id":28061,"date":"2021-02-10T11:35:31","date_gmt":"2021-02-10T10:35:31","guid":{"rendered":"https:\/\/www.sitem.fr\/?p=28061"},"modified":"2021-02-10T11:35:31","modified_gmt":"2021-02-10T10:35:31","slug":"caen-le-musee-des-beaux-arts-se-visite-entierement-en-3d","status":"publish","type":"post","link":"https:\/\/www.sitem.fr\/en\/caen-le-musee-des-beaux-arts-se-visite-entierement-en-3d\/","title":{"rendered":"Caen : le mus\u00e9e des Beaux-Arts se visite enti\u00e8rement en 3D"},"content":{"rendered":"<p>Confinement oblige, les lieux culturels usent de parades pour garder le lien avec le public en ces temps de pand\u00e9mie. \u00c0 cet effet, le mus\u00e9e des Beaux-Arts de Caen vient de mettre en ligne l\u2019int\u00e9gralit\u00e9 de ses collections en 3D.<\/p>\n<p>&nbsp;<\/p>\n<p>Il s&#8217;agit d&#8217;une visite virtuelle en 3D de l\u2019int\u00e9gralit\u00e9 de ses collections, et plus seulement de <strong><a href=\"https:\/\/www.ouest-france.fr\/normandie\/caen-14000\/normandie-impressionniste-caen-l-expo-fromanger-visible-en-3d-7064611\" target=\"_blank\" rel=\"noopener noreferrer\">l\u2019exposition temporaire de G\u00e9rard Fromanger<\/a>\u00a0<\/strong>comme initi\u00e9 fin novembre.<\/p>\n<p>&nbsp;<\/p>\n<p>En deux clics, on se retrouve ainsi plong\u00e9 dans l\u2019importante collection du mus\u00e9e. Le \u00ab\u00a0visiteur\u00a0\u00bb peut se rep\u00e9rer \u00e0 l\u2019aide du plan des salles en 3D. Chaque tableau fait l\u2019objet d\u2019une notice explicative. Cela demande un petit peu de prise en main, notamment pour r\u00e9gler la langue des options, mais c\u2019est une v\u00e9ritable immersion num\u00e9rique, dans laquelle on peut se laisser guider en appuyant sur le sigle \u00ab\u00a0Play\u00a0\u00bb ou choisir soi-m\u00eame son cheminement au gr\u00e9 des galeries.<\/p>\n<p>&nbsp;<\/p>\n<p><em>\u00ab\u00a0Cette visite\u00a0virtuelle repr\u00e9sente une photo \u00e0 un instant T des collections,\u00a0<\/em>explique Anne Bernardo, charg\u00e9e de communication du mus\u00e9e.\u00a0<em>Elle permet d\u2019avoir un aper\u00e7u de leur diversit\u00e9 et de leur pr\u00e9sentation en salle.<\/em><strong>\u00a0\u00bb<\/strong><\/p>\n<p>&nbsp;<\/p>\n<p>&nbsp;<\/p>\n<p>Suite et lien de l&#8217;article de Rapha\u00ebl FRESNAIS dans Ouest-France : <strong><a href=\"https:\/\/www.ouest-france.fr\/normandie\/caen-14000\/caen-dorenavant-le-musee-des-beaux-arts-se-visite-entierement-en-3d-7144382\">https:\/\/www.ouest-france.fr\/normandie\/caen-14000\/caen-dorenavant-le-musee-des-beaux-arts-se-visite-entierement-en-3d-7144382<\/a><\/strong><\/p>\n","protected":false},"excerpt":{"rendered":"Confinement oblige, les lieux culturels usent de parades pour garder le lien avec le public en ces temps de pand\u00e9mie. \u00c0 cet effet, le mus\u00e9e des Beaux-Arts de Caen vient de mettre en ligne l\u2019int\u00e9gralit\u00e9 de ses collections en 3D. &nbsp; Il s&#8217;agit d&#8217;une visite virtuelle en 3D de l\u2019int\u00e9gralit\u00e9 de ses collections, et plus&#8230; <br><a class=\"readm\" href=\"https:\/\/www.sitem.fr\/en\/caen-le-musee-des-beaux-arts-se-visite-entierement-en-3d\/\">Read more<\/a>","protected":false},"author":12,"featured_media":28062,"comment_status":"closed","ping_status":"closed","sticky":false,"template":"","format":"standard","meta":{"_acf_changed":false,"footnotes":""},"categories":[221,1111,845,1327],"tags":[658,1654,1655,251,1656,1388,1587],"class_list":["post-28061","post","type-post","status-publish","format-standard","has-post-thumbnail","hentry","category-3d","category-actualites-recentes","category-realite-augmentee","category-valorisation-et-etude-des-collections-museales-et-patrimoniales","tag-3d","tag-beaux-arts","tag-caen","tag-musee-des-beaux-arts","tag-normandie","tag-visite-virtuelle","tag-visiteur"],"acf":[],"_links":{"self":[{"href":"https:\/\/www.sitem.fr\/en\/wp-json\/wp\/v2\/posts\/28061","targetHints":{"allow":["GET"]}}],"collection":[{"href":"https:\/\/www.sitem.fr\/en\/wp-json\/wp\/v2\/posts"}],"about":[{"href":"https:\/\/www.sitem.fr\/en\/wp-json\/wp\/v2\/types\/post"}],"author":[{"embeddable":true,"href":"https:\/\/www.sitem.fr\/en\/wp-json\/wp\/v2\/users\/12"}],"replies":[{"embeddable":true,"href":"https:\/\/www.sitem.fr\/en\/wp-json\/wp\/v2\/comments?post=28061"}],"version-history":[{"count":1,"href":"https:\/\/www.sitem.fr\/en\/wp-json\/wp\/v2\/posts\/28061\/revisions"}],"predecessor-version":[{"id":28064,"href":"https:\/\/www.sitem.fr\/en\/wp-json\/wp\/v2\/posts\/28061\/revisions\/28064"}],"wp:featuredmedia":[{"embeddable":true,"href":"https:\/\/www.sitem.fr\/en\/wp-json\/wp\/v2\/media\/28062"}],"wp:attachment":[{"href":"https:\/\/www.sitem.fr\/en\/wp-json\/wp\/v2\/media?parent=28061"}],"wp:term":[{"taxonomy":"category","embeddable":true,"href":"https:\/\/www.sitem.fr\/en\/wp-json\/wp\/v2\/categories?post=28061"},{"taxonomy":"post_tag","embeddable":true,"href":"https:\/\/www.sitem.fr\/en\/wp-json\/wp\/v2\/tags?post=28061"}],"curies":[{"name":"wp","href":"https:\/\/api.w.org\/{rel}","templated":true}]}}