{"id":28918,"date":"2021-03-25T15:45:47","date_gmt":"2021-03-25T14:45:47","guid":{"rendered":"https:\/\/www.sitem.fr\/?p=28918"},"modified":"2021-03-29T11:25:50","modified_gmt":"2021-03-29T09:25:50","slug":"pic-bois-balade-dans-le-temps-au-pied-du-mont-ventoux","status":"publish","type":"post","link":"https:\/\/www.sitem.fr\/en\/pic-bois-balade-dans-le-temps-au-pied-du-mont-ventoux\/","title":{"rendered":"Pic Bois : Balade dans le temps au pied du Mont Ventoux"},"content":{"rendered":"<p style=\"text-align: left;\">A Bedoin, le <strong>Pavillon de Rolland<\/strong> est \u00e9rig\u00e9 au XIX\u00e8me si\u00e8cle pour <strong>loger les ouvriers<\/strong> de la Restauration des Terrains en Montagne qui sont charg\u00e9s, entre autres, de reboiser le Mont Ventoux. La commune a aujourd&#8217;hui <strong>restaur\u00e9<\/strong> le b\u00e2timent et l\u2019a transform\u00e9 en un <strong>lieu d&#8217;interpr\u00e9tation<\/strong> de l&#8217;histoire foresti\u00e8re et rurale des environs.<\/p>\n<p>&nbsp;<\/p>\n<p style=\"text-align: left;\"><strong><a href=\"https:\/\/www.pic-bois.com\/\">PIC BOIS<\/a><\/strong> a fabriqu\u00e9 et pos\u00e9 les mobiliers en bois et en m\u00e9tal valorisant ce site.<\/p>\n<p>&nbsp;<\/p>\n<p style=\"text-align: left;\">Des <strong>silhouettes grandeur nature des ouvriers<\/strong> accueillent le visiteur et le <strong>plongent dans l\u2019atmosph\u00e8re<\/strong> du XIX<sup>\u00e8me<\/sup> si\u00e8cle. Install\u00e9s en forme de cercle, des <strong>si\u00e8ges en acier et billons de bois <\/strong>composent \u00ab\u00a0le <strong>conseil des sages<\/strong>\u00a0\u00bb. Sur les dossiers, des <strong>plaques imprim\u00e9es<\/strong> pr\u00f4nent les bienfaits de la for\u00eat et le pouvoir des arbres.<\/p>\n<p>&nbsp;<\/p>\n<div id=\"attachment_28916\" style=\"width: 686px\" class=\"wp-caption aligncenter\"><img loading=\"lazy\" decoding=\"async\" aria-describedby=\"caption-attachment-28916\" class=\"wp-image-28916 size-medium\" src=\"https:\/\/www.sitem.fr\/wp-content\/uploads\/2021\/03\/picbois-Conseil-des-Sages-676x440.jpg\" alt=\"PIC BOIS - Conseil des Sages : Structures en m\u00e9tal et billots de bois\" width=\"676\" height=\"440\" srcset=\"https:\/\/www.sitem.fr\/wp-content\/uploads\/2021\/03\/picbois-Conseil-des-Sages-676x440.jpg 676w, https:\/\/www.sitem.fr\/wp-content\/uploads\/2021\/03\/picbois-Conseil-des-Sages-600x390.jpg 600w, https:\/\/www.sitem.fr\/wp-content\/uploads\/2021\/03\/picbois-Conseil-des-Sages-768x500.jpg 768w, https:\/\/www.sitem.fr\/wp-content\/uploads\/2021\/03\/picbois-Conseil-des-Sages-400x260.jpg 400w, https:\/\/www.sitem.fr\/wp-content\/uploads\/2021\/03\/picbois-Conseil-des-Sages.jpg 1047w\" sizes=\"auto, (max-width: 676px) 100vw, 676px\" \/><p id=\"caption-attachment-28916\" class=\"wp-caption-text\">Conseil des Sages : structure en m\u00e9tal et billot de bois<\/p><\/div>\n<p>&nbsp;<\/p>\n<p style=\"text-align: left;\">Une <strong>table de lecture<\/strong> circulaire retrace la <strong>chronologie <\/strong>du lieu, de 1860 \u00e0 nos jours. Son plateau en bois est <strong>sculpt\u00e9 pour imiter l\u2019\u00e9corce d\u2019un arbre<\/strong>.<\/p>\n<p>&nbsp;<\/p>\n<div id=\"attachment_28914\" style=\"width: 686px\" class=\"wp-caption aligncenter\"><img loading=\"lazy\" decoding=\"async\" aria-describedby=\"caption-attachment-28914\" class=\"wp-image-28914 size-medium\" src=\"https:\/\/www.sitem.fr\/wp-content\/uploads\/2021\/03\/pic-bois-table-de-lecture-circulaire-frise-chronologique-du-lieu-676x440.jpg\" alt=\"PIC BOIS - Table de lecture avec frise chronologique\" width=\"676\" height=\"440\" srcset=\"https:\/\/www.sitem.fr\/wp-content\/uploads\/2021\/03\/pic-bois-table-de-lecture-circulaire-frise-chronologique-du-lieu-676x440.jpg 676w, https:\/\/www.sitem.fr\/wp-content\/uploads\/2021\/03\/pic-bois-table-de-lecture-circulaire-frise-chronologique-du-lieu-600x391.jpg 600w, https:\/\/www.sitem.fr\/wp-content\/uploads\/2021\/03\/pic-bois-table-de-lecture-circulaire-frise-chronologique-du-lieu-768x500.jpg 768w, https:\/\/www.sitem.fr\/wp-content\/uploads\/2021\/03\/pic-bois-table-de-lecture-circulaire-frise-chronologique-du-lieu-400x260.jpg 400w, https:\/\/www.sitem.fr\/wp-content\/uploads\/2021\/03\/pic-bois-table-de-lecture-circulaire-frise-chronologique-du-lieu.jpg 1000w\" sizes=\"auto, (max-width: 676px) 100vw, 676px\" \/><p id=\"caption-attachment-28914\" class=\"wp-caption-text\">Frise chronologie de 1860, date de la 1\u00e8re loi sur le reboisement du Mont Ventoux par Napol\u00e9on III, \u00e0 nos jours<\/p><\/div>\n<p>&nbsp;<\/p>\n<p style=\"text-align: left;\">Impressionnant hommage, la <strong>fa\u00e7ade du b\u00e2timent porte les noms des 1000 ouvriers<\/strong> ayant particip\u00e9 \u00e0 la reforestation du Mont Ventoux !<\/p>\n<p style=\"text-align: left;\">Ce projet de valorisation patrimoniale est en partie <strong>financ\u00e9 par la Fondation du patrimoine<\/strong>.<\/p>\n<p>&nbsp;<\/p>\n<p style=\"text-align: left;\"><em>Ma\u00eetre d&#8217;\u0153uvre : ONF de B\u00e9doin<\/em><br \/>\n<em>Ma\u00eetre d&#8217;ouvrage : Commune de B\u00e9doin<\/em><\/p>\n<p style=\"text-align: left;\"><strong><a href=\"https:\/\/www.pic-bois.com\/produits\/references\/valorisation-du-pavillon-de-rolland-454.html\" target=\"_blank\" rel=\"noopener noreferrer\">En savoir plus<\/a><\/strong><\/p>\n","protected":false},"excerpt":{"rendered":"A Bedoin, le Pavillon de Rolland est \u00e9rig\u00e9 au XIX\u00e8me si\u00e8cle pour loger les ouvriers de la Restauration des Terrains en Montagne qui sont charg\u00e9s, entre autres, de reboiser le Mont Ventoux. La commune a aujourd&#8217;hui restaur\u00e9 le b\u00e2timent et l\u2019a transform\u00e9 en un lieu d&#8217;interpr\u00e9tation de l&#8217;histoire foresti\u00e8re et rurale des environs. &nbsp; PIC&#8230; <br><a class=\"readm\" href=\"https:\/\/www.sitem.fr\/en\/pic-bois-balade-dans-le-temps-au-pied-du-mont-ventoux\/\">Read more<\/a>","protected":false},"author":4400,"featured_media":28912,"comment_status":"closed","ping_status":"closed","sticky":false,"template":"","format":"standard","meta":{"_acf_changed":false,"footnotes":""},"categories":[1111,144,1325,367,916],"tags":[1736,1738,1608,1737,1692,1734,1735,496,1113],"class_list":["post-28918","post","type-post","status-publish","format-standard","has-post-thumbnail","hentry","category-actualites-recentes","category-mobilier","category-museographie-scenographie-graphisme-signaletique","category-parcours-dinterpretation","category-tourisme","tag-bedoin","tag-fondation-du-patrimoine","tag-foret","tag-lieu-dinterpretation","tag-mobiliers","tag-mont-ventoux","tag-pavillon-de-rolland","tag-pic-bois","tag-prestataire"],"acf":[],"_links":{"self":[{"href":"https:\/\/www.sitem.fr\/en\/wp-json\/wp\/v2\/posts\/28918","targetHints":{"allow":["GET"]}}],"collection":[{"href":"https:\/\/www.sitem.fr\/en\/wp-json\/wp\/v2\/posts"}],"about":[{"href":"https:\/\/www.sitem.fr\/en\/wp-json\/wp\/v2\/types\/post"}],"author":[{"embeddable":true,"href":"https:\/\/www.sitem.fr\/en\/wp-json\/wp\/v2\/users\/4400"}],"replies":[{"embeddable":true,"href":"https:\/\/www.sitem.fr\/en\/wp-json\/wp\/v2\/comments?post=28918"}],"version-history":[{"count":3,"href":"https:\/\/www.sitem.fr\/en\/wp-json\/wp\/v2\/posts\/28918\/revisions"}],"predecessor-version":[{"id":28925,"href":"https:\/\/www.sitem.fr\/en\/wp-json\/wp\/v2\/posts\/28918\/revisions\/28925"}],"wp:featuredmedia":[{"embeddable":true,"href":"https:\/\/www.sitem.fr\/en\/wp-json\/wp\/v2\/media\/28912"}],"wp:attachment":[{"href":"https:\/\/www.sitem.fr\/en\/wp-json\/wp\/v2\/media?parent=28918"}],"wp:term":[{"taxonomy":"category","embeddable":true,"href":"https:\/\/www.sitem.fr\/en\/wp-json\/wp\/v2\/categories?post=28918"},{"taxonomy":"post_tag","embeddable":true,"href":"https:\/\/www.sitem.fr\/en\/wp-json\/wp\/v2\/tags?post=28918"}],"curies":[{"name":"wp","href":"https:\/\/api.w.org\/{rel}","templated":true}]}}