{"id":28985,"date":"2021-03-29T09:34:17","date_gmt":"2021-03-29T07:34:17","guid":{"rendered":"https:\/\/www.sitem.fr\/?p=28985"},"modified":"2021-03-29T11:50:28","modified_gmt":"2021-03-29T09:50:28","slug":"correspondances-digitales-accompagne-le-musee-dart-et-dhistoire-du-judaisme-dans-la-refonte-de-son-parcours-permanent","status":"publish","type":"post","link":"https:\/\/www.sitem.fr\/en\/correspondances-digitales-accompagne-le-musee-dart-et-dhistoire-du-judaisme-dans-la-refonte-de-son-parcours-permanent\/","title":{"rendered":"{CORRESPONDANCES DIGITALES] Accompagne le mus\u00e9e d\u2019art et d\u2019histoire du judaisme dans la refonte de son parcours permanent"},"content":{"rendered":"<p><a href=\"https:\/\/correspondances.co\/\"><strong>{CORRESPONDANCES DIGITALES]<\/strong><\/a> accompagne le <strong><a href=\"https:\/\/www.mahj.org\/fr\">mus\u00e9e d&#8217;art et d&#8217;histoire du Juda\u00efsme<\/a><\/strong> sur le volet num\u00e9rique de la\u00a0 refonte de son parcours permanent.<\/p>\n<p>&nbsp;<\/p>\n<p>Diff\u00e9rents ateliers ont \u00e9t\u00e9 men\u00e9s avec les \u00e9quipes du mus\u00e9e pour :<\/p>\n<ul>\n<li>Identifier les diff\u00e9rents types de publics accueillis dans le mus\u00e9e, leurs besoins et leurs contraintes d\u2019usages\u00a0;<\/li>\n<li>Analyser les espaces mus\u00e9ographiques en cours de refonte ;<\/li>\n<li>D\u00e9finir diff\u00e9rentes solutions de m\u00e9diation num\u00e9riques ;<\/li>\n<li>R\u00e9diger un cahier des charges mais aussi identifier et recruter des prestataires.<\/li>\n<\/ul>\n<p>&nbsp;<\/p>\n<p>Ce volet num\u00e9rique sera mis en \u0153uvre progressivement \u00e0 partir de 2022.<\/p>\n<p>&nbsp;<\/p>\n","protected":false},"excerpt":{"rendered":"{CORRESPONDANCES DIGITALES] accompagne le mus\u00e9e d&#8217;art et d&#8217;histoire du Juda\u00efsme sur le volet num\u00e9rique de la\u00a0 refonte de son parcours permanent. &nbsp; Diff\u00e9rents ateliers ont \u00e9t\u00e9 men\u00e9s avec les \u00e9quipes du mus\u00e9e pour : Identifier les diff\u00e9rents types de publics accueillis dans le mus\u00e9e, leurs besoins et leurs contraintes d\u2019usages\u00a0; Analyser les espaces mus\u00e9ographiques en&#8230; <br><a class=\"readm\" href=\"https:\/\/www.sitem.fr\/en\/correspondances-digitales-accompagne-le-musee-dart-et-dhistoire-du-judaisme-dans-la-refonte-de-son-parcours-permanent\/\">Read more<\/a>","protected":false},"author":4416,"featured_media":28983,"comment_status":"closed","ping_status":"closed","sticky":false,"template":"","format":"standard","meta":{"_acf_changed":false,"footnotes":""},"categories":[1328,1111,1673],"tags":[561,1767,1764,1766,1113,1765],"class_list":["post-28985","post","type-post","status-publish","format-standard","has-post-thumbnail","hentry","category-accessibilite-gestion-des-publics-aide-a-la-visite","category-actualites-recentes","category-strategie-numerique","tag-correspondances-digitales","tag-mediation-numeriques","tag-musee-dart-et-dhistoire-du-judaisme","tag-parcours-permanent","tag-prestataire","tag-volet-numerique"],"acf":[],"_links":{"self":[{"href":"https:\/\/www.sitem.fr\/en\/wp-json\/wp\/v2\/posts\/28985","targetHints":{"allow":["GET"]}}],"collection":[{"href":"https:\/\/www.sitem.fr\/en\/wp-json\/wp\/v2\/posts"}],"about":[{"href":"https:\/\/www.sitem.fr\/en\/wp-json\/wp\/v2\/types\/post"}],"author":[{"embeddable":true,"href":"https:\/\/www.sitem.fr\/en\/wp-json\/wp\/v2\/users\/4416"}],"replies":[{"embeddable":true,"href":"https:\/\/www.sitem.fr\/en\/wp-json\/wp\/v2\/comments?post=28985"}],"version-history":[{"count":4,"href":"https:\/\/www.sitem.fr\/en\/wp-json\/wp\/v2\/posts\/28985\/revisions"}],"predecessor-version":[{"id":29075,"href":"https:\/\/www.sitem.fr\/en\/wp-json\/wp\/v2\/posts\/28985\/revisions\/29075"}],"wp:featuredmedia":[{"embeddable":true,"href":"https:\/\/www.sitem.fr\/en\/wp-json\/wp\/v2\/media\/28983"}],"wp:attachment":[{"href":"https:\/\/www.sitem.fr\/en\/wp-json\/wp\/v2\/media?parent=28985"}],"wp:term":[{"taxonomy":"category","embeddable":true,"href":"https:\/\/www.sitem.fr\/en\/wp-json\/wp\/v2\/categories?post=28985"},{"taxonomy":"post_tag","embeddable":true,"href":"https:\/\/www.sitem.fr\/en\/wp-json\/wp\/v2\/tags?post=28985"}],"curies":[{"name":"wp","href":"https:\/\/api.w.org\/{rel}","templated":true}]}}