{"id":29191,"date":"2021-04-08T17:29:28","date_gmt":"2021-04-08T15:29:28","guid":{"rendered":"https:\/\/www.sitem.fr\/?p=29191"},"modified":"2021-04-08T17:29:28","modified_gmt":"2021-04-08T15:29:28","slug":"le-chapeau-a-plume-celebre-jean-de-la-fontaine-a-vaux-le-vicomte","status":"publish","type":"post","link":"https:\/\/www.sitem.fr\/en\/le-chapeau-a-plume-celebre-jean-de-la-fontaine-a-vaux-le-vicomte\/","title":{"rendered":"Le Chapeau \u00e0 Plume c\u00e9l\u00e8bre Jean de La Fontaine \u00e0 Vaux-le-Vicomte"},"content":{"rendered":"<p>En 2021 nous f\u00eatons le 400<sup>\u00e8me<\/sup> anniversaire de la naissance de Jean de La Fontaine&#8230; Un \u00e9crivain \u00e9troitement li\u00e9 au ch\u00e2teau de <strong><a href=\"https:\/\/vaux-le-vicomte.com\/\">Vaux-le-Vicomte<\/a><\/strong>, car il fut un grand ami de Nicolas Fouquet &#8211; le b\u00e2tisseur de Vaux-le-Vicomte &#8211; et il y effectua de nombreux s\u00e9jours. L\u2019ann\u00e9e 2021 est donc \u00e0 Vaux-le-Vicomte une \u00ab\u00a0ann\u00e9e La Fontaine\u00a0\u00bb avec de nombreux \u00e9v\u00e9nements et animations pr\u00e9vus au fil des saisons. Malheureusement plusieurs projets ont d\u00e9j\u00e0 \u00e9t\u00e9 contrari\u00e9s par la pand\u00e9mie, mais d\u00e8s que les conditions sanitaires le permettront il n\u2019est pas interdit d\u2019esp\u00e9rer qu\u2019ils puissent un jour se r\u00e9aliser\u00a0!<\/p>\n<p>&nbsp;<\/p>\n<p>Ainsi, le Chapeau \u00e0 Plume est heureux d\u2019avoir d\u00e9velopp\u00e9 pour Vaux-le-Vicomte un livret de chasse au tr\u00e9sor &#8211; qui avait \u00e9t\u00e9 imagin\u00e9 pour P\u00e2ques 2021 autour de la fable de La Poule aux \u0152ufs d\u2019Or \u2013 ainsi que des fichiers illustr\u00e9s de sorties scolaires pour les 6-9 ans et les 9-12 ans sur le th\u00e8me de Jean de La Fontaine&#8230; Il ne reste plus qu\u2019\u00e0 attendre patiemment qu\u2019ils puissent se retrouver dans les mains des enfants\u00a0!<\/p>\n<p>&nbsp;<\/p>\n<p>En attendant la r\u00e9ouverture et la suite des festivit\u00e9s autour de La Fontaine, il est toujours possible de soutenir le domaine en souscrivant \u00e0 l\u2019association <a href=\"https:\/\/www.amis-vaux-le-vicomte.org\/\"><strong>\u00ab\u00a0Les amis de Vaux-le-Vicomte\u00a0\u00bb<\/strong><\/a> qui ouvre \u00e0 ses membres de nombreux avantages.<\/p>\n<p>&nbsp;<\/p>\n<p>D\u00e9couvrez d\u2019autres r\u00e9alisations du Chapeau \u00e0 Plume sur <strong><a href=\"http:\/\/www.lechapeauaplume.fr\/\">www.lechapeauaplume.fr<\/a><\/strong><\/p>\n<p>&nbsp;<\/p>\n<p>&nbsp;<\/p>\n<p><img loading=\"lazy\" decoding=\"async\" width=\"350\" height=\"207\" class=\"alignnone size-full wp-image-27041 aligncenter\" src=\"https:\/\/www.sitem.fr\/wp-content\/uploads\/2020\/09\/logo_chapeau_a_plume.jpg\" alt=\"\" \/><\/p>\n","protected":false},"excerpt":{"rendered":"En 2021 nous f\u00eatons le 400\u00e8me anniversaire de la naissance de Jean de La Fontaine&#8230; Un \u00e9crivain \u00e9troitement li\u00e9 au ch\u00e2teau de Vaux-le-Vicomte, car il fut un grand ami de Nicolas Fouquet &#8211; le b\u00e2tisseur de Vaux-le-Vicomte &#8211; et il y effectua de nombreux s\u00e9jours. L\u2019ann\u00e9e 2021 est donc \u00e0 Vaux-le-Vicomte une \u00ab\u00a0ann\u00e9e La Fontaine\u00a0\u00bb&#8230; <br><a class=\"readm\" href=\"https:\/\/www.sitem.fr\/en\/le-chapeau-a-plume-celebre-jean-de-la-fontaine-a-vaux-le-vicomte\/\">Read more<\/a>","protected":false},"author":4708,"featured_media":29189,"comment_status":"closed","ping_status":"closed","sticky":false,"template":"","format":"standard","meta":{"_acf_changed":false,"footnotes":""},"categories":[1111,696,1034,925,1327],"tags":[1617,1778,1616,1721,1113,1777],"class_list":["post-29191","post","type-post","status-publish","format-standard","has-post-thumbnail","hentry","category-actualites-recentes","category-jeu","category-oeuvres","category-pedagogie","category-valorisation-et-etude-des-collections-museales-et-patrimoniales","tag-chasse-au-tresor","tag-jean-de-la-fontaine","tag-le-chapeau-a-plume","tag-livret","tag-prestataire","tag-vaux-le-vicomte"],"acf":[],"_links":{"self":[{"href":"https:\/\/www.sitem.fr\/en\/wp-json\/wp\/v2\/posts\/29191","targetHints":{"allow":["GET"]}}],"collection":[{"href":"https:\/\/www.sitem.fr\/en\/wp-json\/wp\/v2\/posts"}],"about":[{"href":"https:\/\/www.sitem.fr\/en\/wp-json\/wp\/v2\/types\/post"}],"author":[{"embeddable":true,"href":"https:\/\/www.sitem.fr\/en\/wp-json\/wp\/v2\/users\/4708"}],"replies":[{"embeddable":true,"href":"https:\/\/www.sitem.fr\/en\/wp-json\/wp\/v2\/comments?post=29191"}],"version-history":[{"count":3,"href":"https:\/\/www.sitem.fr\/en\/wp-json\/wp\/v2\/posts\/29191\/revisions"}],"predecessor-version":[{"id":29204,"href":"https:\/\/www.sitem.fr\/en\/wp-json\/wp\/v2\/posts\/29191\/revisions\/29204"}],"wp:featuredmedia":[{"embeddable":true,"href":"https:\/\/www.sitem.fr\/en\/wp-json\/wp\/v2\/media\/29189"}],"wp:attachment":[{"href":"https:\/\/www.sitem.fr\/en\/wp-json\/wp\/v2\/media?parent=29191"}],"wp:term":[{"taxonomy":"category","embeddable":true,"href":"https:\/\/www.sitem.fr\/en\/wp-json\/wp\/v2\/categories?post=29191"},{"taxonomy":"post_tag","embeddable":true,"href":"https:\/\/www.sitem.fr\/en\/wp-json\/wp\/v2\/tags?post=29191"}],"curies":[{"name":"wp","href":"https:\/\/api.w.org\/{rel}","templated":true}]}}