{"id":29269,"date":"2021-04-15T11:21:27","date_gmt":"2021-04-15T09:21:27","guid":{"rendered":"https:\/\/www.sitem.fr\/?p=29269"},"modified":"2021-04-15T11:21:27","modified_gmt":"2021-04-15T09:21:27","slug":"organisation-dune-conference-le-4-05-avec-le-ministere-des-armees-sur-linnovation-au-service-du-tourisme-de-memoire","status":"publish","type":"post","link":"https:\/\/www.sitem.fr\/en\/organisation-dune-conference-le-4-05-avec-le-ministere-des-armees-sur-linnovation-au-service-du-tourisme-de-memoire\/","title":{"rendered":"Organisation d&#8217;une conf\u00e9rence le 4\/05 avec le minist\u00e8re des Arm\u00e9es sur &#8220;L&#8217;innovation au service du tourisme de m\u00e9moire&#8221;"},"content":{"rendered":"<p><strong>La direction des patrimoines, de la m\u00e9moire et des archives (DPMA) du minist\u00e8re des Arm\u00e9es organise, le 4 mai prochain, en collaboration avec {CORRESPONDANCES DIGITALES]<\/strong><strong>, une nouvelle conf\u00e9rence 100 % d\u00e9mat\u00e9rialis\u00e9e sur &#8220;L&#8217;innovation au service du tourisme de m\u00e9moire&#8221;.<\/strong><\/p>\n<p>&nbsp;<\/p>\n<p><strong>\u00c0 cette occasion, Genevi\u00e8ve Darrieussecq, ministre d\u00e9l\u00e9gu\u00e9e aupr\u00e8s de la ministre des Arm\u00e9es, annoncera les laur\u00e9ats de l&#8217;appel \u00e0 projets 2020-2021 &#8220;Services num\u00e9riques innovants destin\u00e9s au tourisme de m\u00e9moire&#8221;.<\/strong><\/p>\n<p>&nbsp;<\/p>\n<p>Tout au long de la matin\u00e9e, les diff\u00e9rents intervenants contribueront \u00e0 pr\u00e9senter l\u2019engagement du minist\u00e8re des Arm\u00e9es dans l\u2019innovation et la valorisation du tourisme de m\u00e9moire. Les laur\u00e9ats de l\u2019\u00e9dition 2020-2021 de l\u2019appel \u00e0 projets num\u00e9rique t\u00e9moigneront de l\u2019int\u00e9r\u00eat de leurs projets au travers d\u2019une pr\u00e9sentation th\u00e9matis\u00e9e. Enfin, les repr\u00e9sentants de la direction des patrimoines, de la m\u00e9moire et des archives (DPMA) mettront en avant le r\u00e9seau et l\u2019\u00e9cosyst\u00e8me d\u00e9velopp\u00e9s par la direction lors des pr\u00e9c\u00e9dentes \u00e9ditions de l\u2019appel \u00e0 projets et, plus globalement, gr\u00e2ce \u00e0 ses multiples actions d\u2019animation et d\u2019accompagnement.<\/p>\n<p>&nbsp;<\/p>\n<p>Pour vous inscrire\u00a0: <strong><a href=\"http:\/\/bit.ly\/innovation-tourisme-memoire\" data-cke-saved-href=\"http:\/\/bit.ly\/innovation-tourisme-memoire\">http:\/\/bit.ly\/innovation-tourisme-memoire<\/a><\/strong><\/p>\n","protected":false},"excerpt":{"rendered":"La direction des patrimoines, de la m\u00e9moire et des archives (DPMA) du minist\u00e8re des Arm\u00e9es organise, le 4 mai prochain, en collaboration avec {CORRESPONDANCES DIGITALES], une nouvelle conf\u00e9rence 100 % d\u00e9mat\u00e9rialis\u00e9e sur &#8220;L&#8217;innovation au service du tourisme de m\u00e9moire&#8221;. &nbsp; \u00c0 cette occasion, Genevi\u00e8ve Darrieussecq, ministre d\u00e9l\u00e9gu\u00e9e aupr\u00e8s de la ministre des Arm\u00e9es, annoncera les&#8230; <br><a class=\"readm\" href=\"https:\/\/www.sitem.fr\/en\/organisation-dune-conference-le-4-05-avec-le-ministere-des-armees-sur-linnovation-au-service-du-tourisme-de-memoire\/\">Read more<\/a>","protected":false},"author":4416,"featured_media":29267,"comment_status":"closed","ping_status":"closed","sticky":false,"template":"","format":"standard","meta":{"_acf_changed":false,"footnotes":""},"categories":[1328,1111,766],"tags":[561,259,1800,1760,1336,1113,520,841],"class_list":["post-29269","post","type-post","status-publish","format-standard","has-post-thumbnail","hentry","category-accessibilite-gestion-des-publics-aide-a-la-visite","category-actualites-recentes","category-etudes","tag-correspondances-digitales","tag-conference","tag-genevieve-darrieussecq","tag-innovation","tag-ministere-des-armees","tag-prestataire","tag-tourisme-de-memoire","tag-valorisation"],"acf":[],"_links":{"self":[{"href":"https:\/\/www.sitem.fr\/en\/wp-json\/wp\/v2\/posts\/29269","targetHints":{"allow":["GET"]}}],"collection":[{"href":"https:\/\/www.sitem.fr\/en\/wp-json\/wp\/v2\/posts"}],"about":[{"href":"https:\/\/www.sitem.fr\/en\/wp-json\/wp\/v2\/types\/post"}],"author":[{"embeddable":true,"href":"https:\/\/www.sitem.fr\/en\/wp-json\/wp\/v2\/users\/4416"}],"replies":[{"embeddable":true,"href":"https:\/\/www.sitem.fr\/en\/wp-json\/wp\/v2\/comments?post=29269"}],"version-history":[{"count":3,"href":"https:\/\/www.sitem.fr\/en\/wp-json\/wp\/v2\/posts\/29269\/revisions"}],"predecessor-version":[{"id":29290,"href":"https:\/\/www.sitem.fr\/en\/wp-json\/wp\/v2\/posts\/29269\/revisions\/29290"}],"wp:featuredmedia":[{"embeddable":true,"href":"https:\/\/www.sitem.fr\/en\/wp-json\/wp\/v2\/media\/29267"}],"wp:attachment":[{"href":"https:\/\/www.sitem.fr\/en\/wp-json\/wp\/v2\/media?parent=29269"}],"wp:term":[{"taxonomy":"category","embeddable":true,"href":"https:\/\/www.sitem.fr\/en\/wp-json\/wp\/v2\/categories?post=29269"},{"taxonomy":"post_tag","embeddable":true,"href":"https:\/\/www.sitem.fr\/en\/wp-json\/wp\/v2\/tags?post=29269"}],"curies":[{"name":"wp","href":"https:\/\/api.w.org\/{rel}","templated":true}]}}