{"id":29302,"date":"2021-04-19T16:53:37","date_gmt":"2021-04-19T14:53:37","guid":{"rendered":"https:\/\/www.sitem.fr\/?p=29302"},"modified":"2021-04-20T09:27:21","modified_gmt":"2021-04-20T07:27:21","slug":"les-cloisons-mila-wall-de-mba-au-centre-montesquieu-de-maisons-laffitte","status":"publish","type":"post","link":"https:\/\/www.sitem.fr\/en\/les-cloisons-mila-wall-de-mba-au-centre-montesquieu-de-maisons-laffitte\/","title":{"rendered":"Les cloisons Mila-wall de MBA au Centre Montesquieu de Maisons-Laffitte"},"content":{"rendered":"<p><a href=\"https:\/\/www.usml.fr\/?installations=centre-montesquieu\"><strong>Le centre Montesquieu \u00e0 Maisons-Laffitte<\/strong><\/a> vient d\u2019\u00eatre enti\u00e8rement r\u00e9nov\u00e9. Ce lieu culturel bien connu des mansonniens accueille chaque ann\u00e9e des conf\u00e9rences, des rassemblements associatifs et divers \u00e9v\u00e8nements culturels.<\/p>\n<p>Le point d\u2019orgue de la saison a lieu \u00e0 l\u2019automne, avec la Biennale de la photographie, lorsque le centre Montesquieu accueille le Salon des Arts.<\/p>\n<p>Pour ces futures expositions, la ville de Maisons-Laffitte a fait confiance \u00e0 <strong><a href=\"http:\/\/www.mba-france.fr\/\">MBA France<\/a><\/strong> en acqu\u00e9rant les toutes nouvelles cloisons <a href=\"http:\/\/www.mba-france.fr\/cloisons\/mila-wall\/p1\/?osCsid=92cb61f70db0f0bb757e34a0b51eaa61\"><strong>Mila-wall<\/strong><\/a> de 2,50 m de haut.<\/p>\n<p>Comme vous pourrez le constater, elles sont mont\u00e9es, fin pr\u00eates, et attendent de pied ferme le feu vert pour pouvoir servir de support aux nombreuses expositions \u00e0 venir, afin d\u2019en faire profiter les visiteurs.<\/p>\n<p>&nbsp;<\/p>\n<p>Copyright Centre Montesquieu Maisons-Laffitte<\/p>\n<p>&nbsp;<\/p>\n<p><img loading=\"lazy\" decoding=\"async\" width=\"587\" height=\"440\" class=\"size-medium wp-image-29300 aligncenter\" src=\"https:\/\/www.sitem.fr\/wp-content\/uploads\/2021\/04\/Exposition-7-587x440.jpg\" alt=\"\" srcset=\"https:\/\/www.sitem.fr\/wp-content\/uploads\/2021\/04\/Exposition-7-587x440.jpg 587w, https:\/\/www.sitem.fr\/wp-content\/uploads\/2021\/04\/Exposition-7-scaled-600x450.jpg 600w, https:\/\/www.sitem.fr\/wp-content\/uploads\/2021\/04\/Exposition-7-1067x800.jpg 1067w, https:\/\/www.sitem.fr\/wp-content\/uploads\/2021\/04\/Exposition-7-768x576.jpg 768w, https:\/\/www.sitem.fr\/wp-content\/uploads\/2021\/04\/Exposition-7-1536x1152.jpg 1536w, https:\/\/www.sitem.fr\/wp-content\/uploads\/2021\/04\/Exposition-7-2048x1536.jpg 2048w\" sizes=\"auto, (max-width: 587px) 100vw, 587px\" \/><\/p>\n<p>&nbsp;<\/p>\n<p>&nbsp;<\/p>\n<p><img loading=\"lazy\" decoding=\"async\" width=\"587\" height=\"440\" class=\"size-medium wp-image-29298 aligncenter\" src=\"https:\/\/www.sitem.fr\/wp-content\/uploads\/2021\/04\/Exposition-3-587x440.jpg\" alt=\"\" srcset=\"https:\/\/www.sitem.fr\/wp-content\/uploads\/2021\/04\/Exposition-3-587x440.jpg 587w, https:\/\/www.sitem.fr\/wp-content\/uploads\/2021\/04\/Exposition-3-scaled-600x450.jpg 600w, https:\/\/www.sitem.fr\/wp-content\/uploads\/2021\/04\/Exposition-3-1067x800.jpg 1067w, https:\/\/www.sitem.fr\/wp-content\/uploads\/2021\/04\/Exposition-3-768x576.jpg 768w, https:\/\/www.sitem.fr\/wp-content\/uploads\/2021\/04\/Exposition-3-1536x1152.jpg 1536w, https:\/\/www.sitem.fr\/wp-content\/uploads\/2021\/04\/Exposition-3-2048x1536.jpg 2048w\" sizes=\"auto, (max-width: 587px) 100vw, 587px\" \/><\/p>\n","protected":false},"excerpt":{"rendered":"Le centre Montesquieu \u00e0 Maisons-Laffitte vient d\u2019\u00eatre enti\u00e8rement r\u00e9nov\u00e9. Ce lieu culturel bien connu des mansonniens accueille chaque ann\u00e9e des conf\u00e9rences, des rassemblements associatifs et divers \u00e9v\u00e8nements culturels. Le point d\u2019orgue de la saison a lieu \u00e0 l\u2019automne, avec la Biennale de la photographie, lorsque le centre Montesquieu accueille le Salon des Arts. Pour ces&#8230; <br><a class=\"readm\" href=\"https:\/\/www.sitem.fr\/en\/les-cloisons-mila-wall-de-mba-au-centre-montesquieu-de-maisons-laffitte\/\">Read more<\/a>","protected":false},"author":1453,"featured_media":29294,"comment_status":"closed","ping_status":"closed","sticky":false,"template":"","format":"standard","meta":{"_acf_changed":false,"footnotes":""},"categories":[1111,142,139,1329,1034],"tags":[1804,1637,915,1805,1803,15,1113],"class_list":["post-29302","post","type-post","status-publish","format-standard","has-post-thumbnail","hentry","category-actualites-recentes","category-agencement","category-cloisons","category-equipement-conservation-gestion-des-collections-et-du-patrimoine","category-oeuvres","tag-centre-montesquieu","tag-cloisons","tag-expositions","tag-maisons-laffitte","tag-mba","tag-mila-wall","tag-prestataire"],"acf":[],"_links":{"self":[{"href":"https:\/\/www.sitem.fr\/en\/wp-json\/wp\/v2\/posts\/29302","targetHints":{"allow":["GET"]}}],"collection":[{"href":"https:\/\/www.sitem.fr\/en\/wp-json\/wp\/v2\/posts"}],"about":[{"href":"https:\/\/www.sitem.fr\/en\/wp-json\/wp\/v2\/types\/post"}],"author":[{"embeddable":true,"href":"https:\/\/www.sitem.fr\/en\/wp-json\/wp\/v2\/users\/1453"}],"replies":[{"embeddable":true,"href":"https:\/\/www.sitem.fr\/en\/wp-json\/wp\/v2\/comments?post=29302"}],"version-history":[{"count":4,"href":"https:\/\/www.sitem.fr\/en\/wp-json\/wp\/v2\/posts\/29302\/revisions"}],"predecessor-version":[{"id":29452,"href":"https:\/\/www.sitem.fr\/en\/wp-json\/wp\/v2\/posts\/29302\/revisions\/29452"}],"wp:featuredmedia":[{"embeddable":true,"href":"https:\/\/www.sitem.fr\/en\/wp-json\/wp\/v2\/media\/29294"}],"wp:attachment":[{"href":"https:\/\/www.sitem.fr\/en\/wp-json\/wp\/v2\/media?parent=29302"}],"wp:term":[{"taxonomy":"category","embeddable":true,"href":"https:\/\/www.sitem.fr\/en\/wp-json\/wp\/v2\/categories?post=29302"},{"taxonomy":"post_tag","embeddable":true,"href":"https:\/\/www.sitem.fr\/en\/wp-json\/wp\/v2\/tags?post=29302"}],"curies":[{"name":"wp","href":"https:\/\/api.w.org\/{rel}","templated":true}]}}