{"id":30206,"date":"2021-05-12T09:14:39","date_gmt":"2021-05-12T07:14:39","guid":{"rendered":"https:\/\/www.sitem.fr\/?p=30206"},"modified":"2021-05-12T09:14:39","modified_gmt":"2021-05-12T07:14:39","slug":"les-collections-des-3-musees-de-la-fondation-plateforme-10-a-lausanne-gerees-avec-decalog-flora","status":"publish","type":"post","link":"https:\/\/www.sitem.fr\/en\/les-collections-des-3-musees-de-la-fondation-plateforme-10-a-lausanne-gerees-avec-decalog-flora\/","title":{"rendered":"Les collections des 3 mus\u00e9es de la Fondation Plateforme 10 \u00e0 Lausanne g\u00e9r\u00e9es avec Decalog Flora"},"content":{"rendered":"<p>Le nouveau quartier des arts situ\u00e9 en plein c\u0153ur de la ville de Lausanne, capitale vaudoise et olympique, r\u00e9unit sur un m\u00eame site le <strong>Mus\u00e9e Cantonal des Beaux-Arts<\/strong>, le <strong>Mus\u00e9e de l&#8217;Elys\u00e9e<\/strong> sp\u00e9cialis\u00e9 en photographies et le <strong>Mus\u00e9e de Design et d&#8217;Arts Appliqu\u00e9s<\/strong>.<\/p>\n<p>&nbsp;<\/p>\n<p>La <strong><a href=\"https:\/\/plateforme10.ch\/fr\" target=\"_blank\" rel=\"noopener noreferrer\">fondation PLATEFORME 10<\/a> <\/strong>a \u00e9t\u00e9 missionn\u00e9e par les autorit\u00e9s cantonales pour mettre en \u0153uvre un nouveau syst\u00e8me de gestion des collections, commun \u00e0 ces trois \u00e9tablissements, en remplacement de MuseumPlus et de la solution Museris d\u00e9velopp\u00e9e localement.<\/p>\n<p>&nbsp;<\/p>\n<p>C&#8217;est la solution de <strong><a href=\"https:\/\/flora.decalog.net\/\" target=\"_blank\" rel=\"noopener noreferrer\">Decalog Flora<\/a><\/strong> qui a \u00e9t\u00e9 retenue \u00e0 la suite d&#8217;un appel d&#8217;offres international. L&#8217;h\u00e9bergement des donn\u00e9es, mutualis\u00e9 pour les trois mus\u00e9es, sera fournie par un prestataire suisse. La supervision de l&#8217;application sera assur\u00e9e par l&#8217;\u00e9quipe d&#8217;exploitation de Decalog Flora.<\/p>\n<p>&nbsp;<\/p>\n<p>La reprise des donn\u00e9es existantes est au c\u0153ur du projet. Decalog Flora a d\u00e9j\u00e0 migr\u00e9 des donn\u00e9es extraites de MuseumPlus et fournira un accompagnement des sp\u00e9cifications \u00e0 l&#8217;\u00e9quipe projet de Lausanne. Le transfert de comp\u00e9tences aux 140 personnels des mus\u00e9es n\u00e9cessitera une mobilisation des formateurs de Decalog Flora entre octobre 2021 et mars 2022.<\/p>\n<p>&nbsp;<\/p>\n<p>Ce beau projet est pour Decalog Flora l&#8217;opportunit\u00e9 d&#8217;\u00e9tendre son offre de logiciels et de services aux mus\u00e9es suisses. Flora \u00e9quipe d\u00e9j\u00e0 les archives de la R\u00e9publique et Canton de Neuch\u00e2tel ainsi que le r\u00e9seau des biblioth\u00e8ques scolaires de la Ville de Gen\u00e8ve.<\/p>\n","protected":false},"excerpt":{"rendered":"Le nouveau quartier des arts situ\u00e9 en plein c\u0153ur de la ville de Lausanne, capitale vaudoise et olympique, r\u00e9unit sur un m\u00eame site le Mus\u00e9e Cantonal des Beaux-Arts, le Mus\u00e9e de l&#8217;Elys\u00e9e sp\u00e9cialis\u00e9 en photographies et le Mus\u00e9e de Design et d&#8217;Arts Appliqu\u00e9s. &nbsp; La fondation PLATEFORME 10 a \u00e9t\u00e9 missionn\u00e9e par les autorit\u00e9s cantonales&#8230; <br><a class=\"readm\" href=\"https:\/\/www.sitem.fr\/en\/les-collections-des-3-musees-de-la-fondation-plateforme-10-a-lausanne-gerees-avec-decalog-flora\/\">Read more<\/a>","protected":false},"author":4580,"featured_media":30202,"comment_status":"closed","ping_status":"closed","sticky":false,"template":"","format":"standard","meta":{"_acf_changed":false,"footnotes":""},"categories":[1111,1329,147,1034],"tags":[1832,1829,1828,1830,1831,1113,1833],"class_list":["post-30206","post","type-post","status-publish","format-standard","has-post-thumbnail","hentry","category-actualites-recentes","category-equipement-conservation-gestion-des-collections-et-du-patrimoine","category-gestion-informatisee-des-collections-2","category-oeuvres","tag-cantonal-des-beaux-arts","tag-decalog-flora","tag-fondation-plateforme-10","tag-musee-de-design-et-darts-appliques","tag-musee-de-lelysee","tag-prestataire","tag-ville-de-lausanne"],"acf":[],"_links":{"self":[{"href":"https:\/\/www.sitem.fr\/en\/wp-json\/wp\/v2\/posts\/30206","targetHints":{"allow":["GET"]}}],"collection":[{"href":"https:\/\/www.sitem.fr\/en\/wp-json\/wp\/v2\/posts"}],"about":[{"href":"https:\/\/www.sitem.fr\/en\/wp-json\/wp\/v2\/types\/post"}],"author":[{"embeddable":true,"href":"https:\/\/www.sitem.fr\/en\/wp-json\/wp\/v2\/users\/4580"}],"replies":[{"embeddable":true,"href":"https:\/\/www.sitem.fr\/en\/wp-json\/wp\/v2\/comments?post=30206"}],"version-history":[{"count":3,"href":"https:\/\/www.sitem.fr\/en\/wp-json\/wp\/v2\/posts\/30206\/revisions"}],"predecessor-version":[{"id":30582,"href":"https:\/\/www.sitem.fr\/en\/wp-json\/wp\/v2\/posts\/30206\/revisions\/30582"}],"wp:featuredmedia":[{"embeddable":true,"href":"https:\/\/www.sitem.fr\/en\/wp-json\/wp\/v2\/media\/30202"}],"wp:attachment":[{"href":"https:\/\/www.sitem.fr\/en\/wp-json\/wp\/v2\/media?parent=30206"}],"wp:term":[{"taxonomy":"category","embeddable":true,"href":"https:\/\/www.sitem.fr\/en\/wp-json\/wp\/v2\/categories?post=30206"},{"taxonomy":"post_tag","embeddable":true,"href":"https:\/\/www.sitem.fr\/en\/wp-json\/wp\/v2\/tags?post=30206"}],"curies":[{"name":"wp","href":"https:\/\/api.w.org\/{rel}","templated":true}]}}