{"id":30638,"date":"2021-05-21T09:12:37","date_gmt":"2021-05-21T07:12:37","guid":{"rendered":"https:\/\/www.sitem.fr\/?p=30638"},"modified":"2021-05-27T17:13:41","modified_gmt":"2021-05-27T15:13:41","slug":"communications-dun-nouveau-genre-par-akken","status":"publish","type":"post","link":"https:\/\/www.sitem.fr\/en\/communications-dun-nouveau-genre-par-akken\/","title":{"rendered":"Communications d&#8217;un nouveau genre par Akken"},"content":{"rendered":"<p>Lorsqu&#8217;<a href=\"http:\/\/www.akken.fr\/\"><strong>Akken<\/strong><\/a> s&#8217;allie au <strong><a href=\"https:\/\/www.crabe-fantome.fr\/\">Crabe Fant\u00f4me<\/a><\/strong> pour inventer un storytelling de territoire pour le Pays de Fontenay-Vend\u00e9e, \u00e7a donne un m\u00e9lange savoureux :<\/p>\n<p>M\u00e9lusine, chef de file des Fontenautes, devient \u00e9g\u00e9rie du territoire sur les r\u00e9seaux sociaux,\u00a0un carnet vivant sous forme de th\u00e9\u00e2tre optique (r\u00e9al. <a href=\"http:\/\/www.simetsam.com\/\"><strong>Sim &amp; Sam<\/strong><\/a>) retient des Fontenautes mal mat\u00e9rialis\u00e9s, une Etrange Balade sonore arpente les rues de Fontenay-le-Comte \u00e0 la recherche de personnages r\u00e9els ou imaginaires nich\u00e9s dans les recoins de cette architecture Renaissance&#8230;<\/p>\n<p>&nbsp;<\/p>\n<p>Derni\u00e8re r\u00e9alisation en date, le &#8220;QG des Fontenautes&#8221; a \u00e9t\u00e9 cr\u00e9\u00e9 au coeur de l&#8217;Office de Tourisme de Fontenay, o\u00f9 les visiteurs peuvent s&#8217;emparer des diff\u00e9rents t\u00e9l\u00e9phones \u00e0 leur disposition pour y faire des rencontres auditives : un propri\u00e9taire de ch\u00e2teau de princesse, un arbre tricentenaire, une petite fille amoureuse d&#8217;aventures et de nature, une girafe placide&#8230; autant de Fontenautes bien r\u00e9els qui vous feront aimer leur mani\u00e8re ce beau territoire.<\/p>\n<p>&nbsp;<\/p>\n","protected":false},"excerpt":{"rendered":"Lorsqu&#8217;Akken s&#8217;allie au Crabe Fant\u00f4me pour inventer un storytelling de territoire pour le Pays de Fontenay-Vend\u00e9e, \u00e7a donne un m\u00e9lange savoureux : M\u00e9lusine, chef de file des Fontenautes, devient \u00e9g\u00e9rie du territoire sur les r\u00e9seaux sociaux,\u00a0un carnet vivant sous forme de th\u00e9\u00e2tre optique (r\u00e9al. Sim &amp; Sam) retient des Fontenautes mal mat\u00e9rialis\u00e9s, une Etrange Balade&#8230; <br><a class=\"readm\" href=\"https:\/\/www.sitem.fr\/en\/communications-dun-nouveau-genre-par-akken\/\">Read more<\/a>","protected":false},"author":4398,"featured_media":30636,"comment_status":"closed","ping_status":"closed","sticky":false,"template":"","format":"standard","meta":{"_acf_changed":false,"footnotes":""},"categories":[1328,1111,149,925],"tags":[491,707,734,1848,53,1847,256,1113],"class_list":["post-30638","post","type-post","status-publish","format-standard","has-post-thumbnail","hentry","category-accessibilite-gestion-des-publics-aide-a-la-visite","category-actualites-recentes","category-interactivite-2","category-pedagogie","tag-akken","tag-balade-sonore","tag-crabe-fantome","tag-design-sensoriel","tag-exposition","tag-fontenay-vendee","tag-mediation-culturelle","tag-prestataire"],"acf":[],"_links":{"self":[{"href":"https:\/\/www.sitem.fr\/en\/wp-json\/wp\/v2\/posts\/30638","targetHints":{"allow":["GET"]}}],"collection":[{"href":"https:\/\/www.sitem.fr\/en\/wp-json\/wp\/v2\/posts"}],"about":[{"href":"https:\/\/www.sitem.fr\/en\/wp-json\/wp\/v2\/types\/post"}],"author":[{"embeddable":true,"href":"https:\/\/www.sitem.fr\/en\/wp-json\/wp\/v2\/users\/4398"}],"replies":[{"embeddable":true,"href":"https:\/\/www.sitem.fr\/en\/wp-json\/wp\/v2\/comments?post=30638"}],"version-history":[{"count":3,"href":"https:\/\/www.sitem.fr\/en\/wp-json\/wp\/v2\/posts\/30638\/revisions"}],"predecessor-version":[{"id":30829,"href":"https:\/\/www.sitem.fr\/en\/wp-json\/wp\/v2\/posts\/30638\/revisions\/30829"}],"wp:featuredmedia":[{"embeddable":true,"href":"https:\/\/www.sitem.fr\/en\/wp-json\/wp\/v2\/media\/30636"}],"wp:attachment":[{"href":"https:\/\/www.sitem.fr\/en\/wp-json\/wp\/v2\/media?parent=30638"}],"wp:term":[{"taxonomy":"category","embeddable":true,"href":"https:\/\/www.sitem.fr\/en\/wp-json\/wp\/v2\/categories?post=30638"},{"taxonomy":"post_tag","embeddable":true,"href":"https:\/\/www.sitem.fr\/en\/wp-json\/wp\/v2\/tags?post=30638"}],"curies":[{"name":"wp","href":"https:\/\/api.w.org\/{rel}","templated":true}]}}