{"id":30892,"date":"2021-05-27T09:22:53","date_gmt":"2021-05-27T07:22:53","guid":{"rendered":"https:\/\/www.sitem.fr\/?p=30892"},"modified":"2021-05-27T17:15:09","modified_gmt":"2021-05-27T15:15:09","slug":"le-plus-grand-musee-deurope-sur-la-premiere-guerre-mondiale-fait-appel-a-gece","status":"publish","type":"post","link":"https:\/\/www.sitem.fr\/en\/le-plus-grand-musee-deurope-sur-la-premiere-guerre-mondiale-fait-appel-a-gece\/","title":{"rendered":"Le plus grand mus\u00e9e d\u2019Europe sur la Premi\u00e8re Guerre mondiale fait appel \u00e0 Gece"},"content":{"rendered":"<p>Avec plus de 70\u00a0000 objets et documents expos\u00e9s sur 3000 m2, <strong>le mus\u00e9e de la Grande Guerre du Pays de Meaux poss\u00e8de une collection unique en Europe avec une diversit\u00e9 exceptionnelle sur la Premi\u00e8re Guerre mondiale<\/strong>. Une compilation rare qui aborde cette \u00e9poque sous diff\u00e9rents aspects\u00a0: les changements de la m\u00e9decine, l\u2019\u00e9volution des communications, le r\u00f4le primordial des femmes durant le conflit et bien plus.<\/p>\n<p>&nbsp;<\/p>\n<p>C\u2019est pr\u00e8s de <strong>900\u00a0000 curieux que le mus\u00e9e a accueilli en presque 10 ans<\/strong>, avec une forte hausse de sa fr\u00e9quentation sur la p\u00e9riode de comm\u00e9morations du Centenaire de la guerre.<\/p>\n<p>&nbsp;<\/p>\n<p>Dans ce contexte, le mus\u00e9e a fait appel \u00e0 <strong><a href=\"https:\/\/www.gece.fr\/\">Gece<\/a><\/strong> afin de mener une \u00ab \u00c9tude de publics du Mus\u00e9e de la Grande Guerre \u00bb afin de dresser un portrait de son public et proposer un nouveau projet Scientifique et Culturel.<\/p>\n<p>&nbsp;<\/p>\n<div id=\"attachment_7238\" style=\"width: 709px\" class=\"wp-caption aligncenter\"><img loading=\"lazy\" decoding=\"async\" aria-describedby=\"caption-attachment-7238\" class=\"wp-image-7238\" src=\"https:\/\/www.gece.fr\/wp-content\/uploads\/2021\/05\/1914-1918-5-musees-incontournables.jpg\" alt=\"\u00a9ParisMatch\" width=\"699\" height=\"466\" \/><p id=\"caption-attachment-7238\" class=\"wp-caption-text\">\u00a9ParisMatch<\/p><\/div>\n<h2><\/h2>\n<h2>Au<strong> total, 800 visiteurs seront interrog\u00e9s.<\/strong><\/h2>\n<p>Pour r\u00e9pondre \u00e0 la demande, l\u2019institut Gece pr\u00e9voit de :<\/p>\n<ul>\n<li>Mobiliser les r\u00e9sultats et donn\u00e9es de son \u00e9tude de 2019 sur le tourisme de m\u00e9moire 14-18<\/li>\n<li>R\u00e9aliser des observations et des entretiens sur place<\/li>\n<li>Effectuer des entretiens qualitatifs par t\u00e9l\u00e9phone<\/li>\n<li>Interroger un minimum de 800 visiteurs sur place<\/li>\n<\/ul>\n<p>&nbsp;<\/p>\n<p>A l\u2019avenir, ces r\u00e9sultats permettront au plus grand mus\u00e9e d\u2019Europe de la guerre 14-18 d\u2019am\u00e9liorer la qualit\u00e9 du parcours de visite, d&#8217;adapter la programmation culturelle aux attentes des visiteurs, d&#8217;affiner le positionnement du mus\u00e9e et de mettre en place des actions de promotion optimales afin d\u2019accro\u00eetre la fr\u00e9quentation du mus\u00e9e.<\/p>\n","protected":false},"excerpt":{"rendered":"Avec plus de 70\u00a0000 objets et documents expos\u00e9s sur 3000 m2, le mus\u00e9e de la Grande Guerre du Pays de Meaux poss\u00e8de une collection unique en Europe avec une diversit\u00e9 exceptionnelle sur la Premi\u00e8re Guerre mondiale. Une compilation rare qui aborde cette \u00e9poque sous diff\u00e9rents aspects\u00a0: les changements de la m\u00e9decine, l\u2019\u00e9volution des communications, le&#8230; <br><a class=\"readm\" href=\"https:\/\/www.sitem.fr\/en\/le-plus-grand-musee-deurope-sur-la-premiere-guerre-mondiale-fait-appel-a-gece\/\">Read more<\/a>","protected":false},"author":4254,"featured_media":30894,"comment_status":"closed","ping_status":"closed","sticky":false,"template":"","format":"standard","meta":{"_acf_changed":false,"footnotes":""},"categories":[1328,1111,766,916],"tags":[1888,1890,285,1022,1887,1113,1889],"class_list":["post-30892","post","type-post","status-publish","format-standard","has-post-thumbnail","hentry","category-accessibilite-gestion-des-publics-aide-a-la-visite","category-actualites-recentes","category-etudes","category-tourisme","tag-etude-de-publics","tag-frequentation","tag-gece","tag-musee","tag-premiere-guerre","tag-prestataire","tag-projet-scientifique-et-culturel"],"acf":[],"_links":{"self":[{"href":"https:\/\/www.sitem.fr\/en\/wp-json\/wp\/v2\/posts\/30892","targetHints":{"allow":["GET"]}}],"collection":[{"href":"https:\/\/www.sitem.fr\/en\/wp-json\/wp\/v2\/posts"}],"about":[{"href":"https:\/\/www.sitem.fr\/en\/wp-json\/wp\/v2\/types\/post"}],"author":[{"embeddable":true,"href":"https:\/\/www.sitem.fr\/en\/wp-json\/wp\/v2\/users\/4254"}],"replies":[{"embeddable":true,"href":"https:\/\/www.sitem.fr\/en\/wp-json\/wp\/v2\/comments?post=30892"}],"version-history":[{"count":5,"href":"https:\/\/www.sitem.fr\/en\/wp-json\/wp\/v2\/posts\/30892\/revisions"}],"predecessor-version":[{"id":30937,"href":"https:\/\/www.sitem.fr\/en\/wp-json\/wp\/v2\/posts\/30892\/revisions\/30937"}],"wp:featuredmedia":[{"embeddable":true,"href":"https:\/\/www.sitem.fr\/en\/wp-json\/wp\/v2\/media\/30894"}],"wp:attachment":[{"href":"https:\/\/www.sitem.fr\/en\/wp-json\/wp\/v2\/media?parent=30892"}],"wp:term":[{"taxonomy":"category","embeddable":true,"href":"https:\/\/www.sitem.fr\/en\/wp-json\/wp\/v2\/categories?post=30892"},{"taxonomy":"post_tag","embeddable":true,"href":"https:\/\/www.sitem.fr\/en\/wp-json\/wp\/v2\/tags?post=30892"}],"curies":[{"name":"wp","href":"https:\/\/api.w.org\/{rel}","templated":true}]}}