{"id":30931,"date":"2021-05-27T09:35:58","date_gmt":"2021-05-27T07:35:58","guid":{"rendered":"https:\/\/www.sitem.fr\/?p=30931"},"modified":"2021-05-27T09:35:58","modified_gmt":"2021-05-27T07:35:58","slug":"promuseum-equipe-en-cimaises-mobiles-le-centre-de-pierrevives","status":"publish","type":"post","link":"https:\/\/www.sitem.fr\/en\/promuseum-equipe-en-cimaises-mobiles-le-centre-de-pierrevives\/","title":{"rendered":"Promuseum \u00e9quipe en cimaises mobiles le centre de Pierrevives"},"content":{"rendered":"<p>En 2012, le d\u00e9partement de l&#8217;H\u00e9rault a ouvert un nouvel \u00e9tablissement public au nord-ouest de Montpellier : Pierrevives, un lieu con\u00e7u pour la culture et le sport.<\/p>\n<p>Le magnifique b\u00e2timent con\u00e7u par l&#8217;architecte Zaha Hadid comprend une galerie d&#8217;exposition.<\/p>\n<p>&nbsp;<\/p>\n<p>Le d\u00e9partement de l&#8217;H\u00e9rault a demand\u00e9 \u00e0 Promuseum d&#8217;am\u00e9nager la galerie pour organiser des expositions temporaires.<\/p>\n<p>&nbsp;<\/p>\n<p>Le service programmation, p\u00f4le culture \u00e9tait \u00e0 la recherche d\u2019une solution p\u00e9renne pour des\u00a0<strong>cimaises mobiles facilement utilisables dans diff\u00e9rentes sc\u00e9nographies.<\/strong><\/p>\n<p><strong><a href=\"https:\/\/promuseum.eu\/cimaise\/cimaise-mobile\">La cimaise mobile<\/a><\/strong>\u00a0propos\u00e9e par Promuseum, est\u00a0<strong>r\u00e9alis\u00e9e en m\u00e9dium pour ses propri\u00e9t\u00e9s m\u00e9caniques<\/strong>\u00a0: ultra lisse il est facile \u00e0 peindre et est\u00a0<strong>particuli\u00e8rement adapt\u00e9 \u00e0 la pose d\u2019adh\u00e9sif ou support graphique<\/strong>. Il peut \u00e9galement \u00eatre perc\u00e9 pour un accrochage direct et facilement rebouch\u00e9 pour la prochaine exposition.<\/p>\n<p>&nbsp;<\/p>\n<p>Les roulettes permettent de la d\u00e9placer tr\u00e8s facilement et elle peut \u00eatre immobilis\u00e9e par les freins.<\/p>\n<p>Cette cimaise mobile est id\u00e9ale pour <strong>reconfigurer tous vos lieux d\u2019expositions temporaires<\/strong>.<\/p>\n<p>&nbsp;<\/p>\n<p>Pierresvives a ainsi utilis\u00e9 les cimaises mobiles pour trois expositions tr\u00e8s diff\u00e9rentes :<\/p>\n<p><strong>\u2022 Tapis d&#8217;exception. La Savonnerie de Lod\u00e8ve s&#8217;expose \u00e0 pierresvives. <\/strong><em>En partenariat avec le Mobilier national<\/em><\/p>\n<p>Ici, les cimaises ont \u00e9t\u00e9 peintes en gris et ont \u00e9t\u00e9 utilis\u00e9es de nombreuses mani\u00e8res : pour afficher du texte et des panneaux explicatifs, des tirages sur papier, mais \u00e9galement pour accrocher et pr\u00e9senter les tapis.<\/p>\n<p><strong>\u2022 X.Y.Z | ENAER HIEN OSE. <\/strong><em>En partenariat avec l\u2019association de street art LINE UP<\/em><\/p>\n<p>Pour cette exposition sur trois artistes et leur vision : Enaer, Hien et Ose, les cimaises ont \u00e9t\u00e9 peintes en blanc pour exposer les peintures parfois monumentales des trois artistes.<\/p>\n<p><strong>\u2022 Je mange donc je suis . <\/strong><em>Une exposition con\u00e7ue par le Mus\u00e9um national d\u2019histoire naturelle &#8211; mus\u00e9e de l\u2019Homme et adapt\u00e9e pour le domaine d\u00e9partemental de Pierresvives, \u00e0 Montpellier.<\/em><\/p>\n<p>Les cimaises ont \u00e9t\u00e9 peintes en vert clair afin de pr\u00e9senter des photos sur notre rapport \u00e0 la nourriture \u00e0 travers diff\u00e9rents pays et diff\u00e9rentes cultures.<\/p>\n<p>Les cimaises mobiles peuvent \u00eatre utilis\u00e9es de tr\u00e8s nombreuses fa\u00e7ons et\u00a0<strong>permettent d\u2019organiser de nombreuses expositions sur des th\u00e8mes vari\u00e9s.<\/strong><\/p>\n<p>&nbsp;<\/p>\n<p>&nbsp;<\/p>\n<p>Plus d&#8217;informations sur : <strong><a href=\"https:\/\/promuseum.eu\/actualites\">https:\/\/promuseum.eu\/actualites<\/a><\/strong><\/p>\n<p><em>Cr\u00e9dit Photo : D\u00e9partement de l&#8217;H\u00e9rault<\/em><\/p>\n","protected":false},"excerpt":{"rendered":"En 2012, le d\u00e9partement de l&#8217;H\u00e9rault a ouvert un nouvel \u00e9tablissement public au nord-ouest de Montpellier : Pierrevives, un lieu con\u00e7u pour la culture et le sport. Le magnifique b\u00e2timent con\u00e7u par l&#8217;architecte Zaha Hadid comprend une galerie d&#8217;exposition. &nbsp; Le d\u00e9partement de l&#8217;H\u00e9rault a demand\u00e9 \u00e0 Promuseum d&#8217;am\u00e9nager la galerie pour organiser des expositions&#8230; <br><a class=\"readm\" href=\"https:\/\/www.sitem.fr\/en\/promuseum-equipe-en-cimaises-mobiles-le-centre-de-pierrevives\/\">Read more<\/a>","protected":false},"author":4575,"featured_media":30929,"comment_status":"closed","ping_status":"closed","sticky":false,"template":"","format":"standard","meta":{"_acf_changed":false,"footnotes":""},"categories":[1111,1329,1034],"tags":[1897,1899,915,1898,1113,61],"class_list":["post-30931","post","type-post","status-publish","format-standard","has-post-thumbnail","hentry","category-actualites-recentes","category-equipement-conservation-gestion-des-collections-et-du-patrimoine","category-oeuvres","tag-centre-de-pierrevives","tag-departement-de-lherault","tag-expositions","tag-la-cimaise-mobile","tag-prestataire","tag-promuseum"],"acf":[],"_links":{"self":[{"href":"https:\/\/www.sitem.fr\/en\/wp-json\/wp\/v2\/posts\/30931","targetHints":{"allow":["GET"]}}],"collection":[{"href":"https:\/\/www.sitem.fr\/en\/wp-json\/wp\/v2\/posts"}],"about":[{"href":"https:\/\/www.sitem.fr\/en\/wp-json\/wp\/v2\/types\/post"}],"author":[{"embeddable":true,"href":"https:\/\/www.sitem.fr\/en\/wp-json\/wp\/v2\/users\/4575"}],"replies":[{"embeddable":true,"href":"https:\/\/www.sitem.fr\/en\/wp-json\/wp\/v2\/comments?post=30931"}],"version-history":[{"count":3,"href":"https:\/\/www.sitem.fr\/en\/wp-json\/wp\/v2\/posts\/30931\/revisions"}],"predecessor-version":[{"id":30941,"href":"https:\/\/www.sitem.fr\/en\/wp-json\/wp\/v2\/posts\/30931\/revisions\/30941"}],"wp:featuredmedia":[{"embeddable":true,"href":"https:\/\/www.sitem.fr\/en\/wp-json\/wp\/v2\/media\/30929"}],"wp:attachment":[{"href":"https:\/\/www.sitem.fr\/en\/wp-json\/wp\/v2\/media?parent=30931"}],"wp:term":[{"taxonomy":"category","embeddable":true,"href":"https:\/\/www.sitem.fr\/en\/wp-json\/wp\/v2\/categories?post=30931"},{"taxonomy":"post_tag","embeddable":true,"href":"https:\/\/www.sitem.fr\/en\/wp-json\/wp\/v2\/tags?post=30931"}],"curies":[{"name":"wp","href":"https:\/\/api.w.org\/{rel}","templated":true}]}}