{"id":31206,"date":"2021-06-10T14:25:05","date_gmt":"2021-06-10T12:25:05","guid":{"rendered":"https:\/\/www.sitem.fr\/?p=31206"},"modified":"2021-06-18T09:56:54","modified_gmt":"2021-06-18T07:56:54","slug":"les-cloisons-mila-wall-de-mba-france-a-la-chapelle-des-jesuites-a-chaumont","status":"publish","type":"post","link":"https:\/\/www.sitem.fr\/en\/les-cloisons-mila-wall-de-mba-france-a-la-chapelle-des-jesuites-a-chaumont\/","title":{"rendered":"Les cloisons Mila-wall de MBA France \u00e0 la Chapelle des J\u00e9suites \u00e0 Chaumont"},"content":{"rendered":"<p>La chapelle des J\u00e9suites, \u00e9galement appel\u00e9e \u00ab chapelle du Lyc\u00e9e \u00bb de Chaumont est un superbe \u00e9difice \u00e9rig\u00e9 entre 1629 \u00e0 1640, gr\u00e2ce aux dons de familles chaumontaises, typique de l\u2019architecture j\u00e9suite. La d\u00e9coration int\u00e9rieure est somptueuse, avec comme pi\u00e8ce ma\u00eetresse l\u2019impressionnant retable de Claude Collignon, repr\u00e9sentant <em>l\u2019Assomption<\/em> de J.-B. Bouchardon qui provient du couvent des Ursulines.<\/p>\n<p>&nbsp;<\/p>\n<p>Restaur\u00e9e il y a quelques ann\u00e9es par la municipalit\u00e9, elle accueille d\u00e9sormais de nombreuses expositions d\u2019Art Contemporain. A cet effet, la ville de Chaumont a investi dans de toutes nouvelles cloisons Mila-wall de la s\u00e9rie 100, pour remplacer un syst\u00e8me existant devenu obsol\u00e8te. Elles ont d\u2019embl\u00e9e \u00e9t\u00e9 mises en place pour l\u2019exposition actuellement en cours : \u00ab Art\u2019bracadabra \u00bb de l\u2019artiste Rapha\u00ebl Garnier, en partenariat avec le Centre Pompidou.<\/p>\n<p>&nbsp;<\/p>\n<p>A voir jusqu\u2019au 22 ao\u00fbt 2021.<\/p>\n<p>Copyright Richard Pelletier<\/p>\n<p>&nbsp;<\/p>\n<p>&nbsp;<\/p>\n<p><img loading=\"lazy\" decoding=\"async\" width=\"659\" height=\"440\" class=\"size-medium wp-image-31202 aligncenter\" src=\"https:\/\/www.sitem.fr\/wp-content\/uploads\/2021\/06\/DSC_7905-659x440.jpeg\" alt=\"\" srcset=\"https:\/\/www.sitem.fr\/wp-content\/uploads\/2021\/06\/DSC_7905-659x440.jpeg 659w, https:\/\/www.sitem.fr\/wp-content\/uploads\/2021\/06\/DSC_7905-600x401.jpeg 600w, https:\/\/www.sitem.fr\/wp-content\/uploads\/2021\/06\/DSC_7905-1200x800.jpeg 1200w, https:\/\/www.sitem.fr\/wp-content\/uploads\/2021\/06\/DSC_7905-768x513.jpeg 768w, https:\/\/www.sitem.fr\/wp-content\/uploads\/2021\/06\/DSC_7905-1536x1025.jpeg 1536w, https:\/\/www.sitem.fr\/wp-content\/uploads\/2021\/06\/DSC_7905.jpeg 1600w\" sizes=\"auto, (max-width: 659px) 100vw, 659px\" \/><\/p>\n<p>&nbsp;<\/p>\n<p><img loading=\"lazy\" decoding=\"async\" width=\"604\" height=\"440\" class=\"size-medium wp-image-31204 aligncenter\" src=\"https:\/\/www.sitem.fr\/wp-content\/uploads\/2021\/06\/DSC_7961-604x440.jpeg\" alt=\"\" srcset=\"https:\/\/www.sitem.fr\/wp-content\/uploads\/2021\/06\/DSC_7961-604x440.jpeg 604w, https:\/\/www.sitem.fr\/wp-content\/uploads\/2021\/06\/DSC_7961-600x437.jpeg 600w, https:\/\/www.sitem.fr\/wp-content\/uploads\/2021\/06\/DSC_7961-1098x800.jpeg 1098w, https:\/\/www.sitem.fr\/wp-content\/uploads\/2021\/06\/DSC_7961-768x560.jpeg 768w, https:\/\/www.sitem.fr\/wp-content\/uploads\/2021\/06\/DSC_7961-1536x1119.jpeg 1536w, https:\/\/www.sitem.fr\/wp-content\/uploads\/2021\/06\/DSC_7961.jpeg 1600w\" sizes=\"auto, (max-width: 604px) 100vw, 604px\" \/><\/p>\n","protected":false},"excerpt":{"rendered":"La chapelle des J\u00e9suites, \u00e9galement appel\u00e9e \u00ab chapelle du Lyc\u00e9e \u00bb de Chaumont est un superbe \u00e9difice \u00e9rig\u00e9 entre 1629 \u00e0 1640, gr\u00e2ce aux dons de familles chaumontaises, typique de l\u2019architecture j\u00e9suite. La d\u00e9coration int\u00e9rieure est somptueuse, avec comme pi\u00e8ce ma\u00eetresse l\u2019impressionnant retable de Claude Collignon, repr\u00e9sentant l\u2019Assomption de J.-B. Bouchardon qui provient du couvent&#8230; <br><a class=\"readm\" href=\"https:\/\/www.sitem.fr\/en\/les-cloisons-mila-wall-de-mba-france-a-la-chapelle-des-jesuites-a-chaumont\/\">Read more<\/a>","protected":false},"author":1453,"featured_media":31200,"comment_status":"closed","ping_status":"closed","sticky":false,"template":"","format":"standard","meta":{"_acf_changed":false,"footnotes":""},"categories":[1111,142,139,1329,1034],"tags":[190,1912,1913,1469,1637,14,15,1113],"class_list":["post-31206","post","type-post","status-publish","format-standard","has-post-thumbnail","hentry","category-actualites-recentes","category-agencement","category-cloisons","category-equipement-conservation-gestion-des-collections-et-du-patrimoine","category-oeuvres","tag-art-contemporain","tag-chapelle-des-jesuites","tag-chapelle-du-lycee","tag-chaumont","tag-cloisons","tag-mba-france","tag-mila-wall","tag-prestataire"],"acf":[],"_links":{"self":[{"href":"https:\/\/www.sitem.fr\/en\/wp-json\/wp\/v2\/posts\/31206","targetHints":{"allow":["GET"]}}],"collection":[{"href":"https:\/\/www.sitem.fr\/en\/wp-json\/wp\/v2\/posts"}],"about":[{"href":"https:\/\/www.sitem.fr\/en\/wp-json\/wp\/v2\/types\/post"}],"author":[{"embeddable":true,"href":"https:\/\/www.sitem.fr\/en\/wp-json\/wp\/v2\/users\/1453"}],"replies":[{"embeddable":true,"href":"https:\/\/www.sitem.fr\/en\/wp-json\/wp\/v2\/comments?post=31206"}],"version-history":[{"count":4,"href":"https:\/\/www.sitem.fr\/en\/wp-json\/wp\/v2\/posts\/31206\/revisions"}],"predecessor-version":[{"id":31416,"href":"https:\/\/www.sitem.fr\/en\/wp-json\/wp\/v2\/posts\/31206\/revisions\/31416"}],"wp:featuredmedia":[{"embeddable":true,"href":"https:\/\/www.sitem.fr\/en\/wp-json\/wp\/v2\/media\/31200"}],"wp:attachment":[{"href":"https:\/\/www.sitem.fr\/en\/wp-json\/wp\/v2\/media?parent=31206"}],"wp:term":[{"taxonomy":"category","embeddable":true,"href":"https:\/\/www.sitem.fr\/en\/wp-json\/wp\/v2\/categories?post=31206"},{"taxonomy":"post_tag","embeddable":true,"href":"https:\/\/www.sitem.fr\/en\/wp-json\/wp\/v2\/tags?post=31206"}],"curies":[{"name":"wp","href":"https:\/\/api.w.org\/{rel}","templated":true}]}}