{"id":31267,"date":"2021-06-15T10:29:15","date_gmt":"2021-06-15T08:29:15","guid":{"rendered":"https:\/\/www.sitem.fr\/?p=31267"},"modified":"2021-06-24T14:39:23","modified_gmt":"2021-06-24T12:39:23","slug":"le-musee-de-la-toile-de-jouy-reve-ses-collections-en-2d-et-3d-grace-a-arkhenum","status":"publish","type":"post","link":"https:\/\/www.sitem.fr\/en\/le-musee-de-la-toile-de-jouy-reve-ses-collections-en-2d-et-3d-grace-a-arkhenum\/","title":{"rendered":"Le mus\u00e9e de la Toile de Jouy r\u00eave ses collections en 2D et 3D gr\u00e2ce \u00e0 Arkh\u00eanum"},"content":{"rendered":"<p>Anim\u00e9 par le d\u00e9sir de diffuser et d\u2019am\u00e9liorer l\u2019acc\u00e8s \u00e0 ses collections, le Mus\u00e9e de la Toile de Jouy entame une grande <strong>campagne de num\u00e9risation et d\u2019informatisation de ses archives avec Arkh\u00eanum<\/strong>.<\/p>\n<p>&nbsp;<\/p>\n<p>Alors que l\u2019institution fait peau neuve avec l\u2019ouverture d\u2019un nouveau parcours permanent et bient\u00f4t de nouveaux espaces interactifs et d\u2019accueil des visiteurs, elle entame en 2021 un <strong>chantier des collections qui se d\u00e9roulera sur les deux ann\u00e9es \u00e0 venir<\/strong>.<\/p>\n<p>&nbsp;<\/p>\n<p><strong>Les soci\u00e9t\u00e9s Arkh\u00eanum et Tribvn ont \u00e9t\u00e9 s\u00e9lectionn\u00e9es par le Mus\u00e9e de la Toile de Jouy<\/strong> pour mener \u00e0 bien cette campagne de num\u00e9risation des collections apr\u00e8s une proc\u00e9dure publique d\u2019appel d\u2019offres. Face \u00e0 la grande vari\u00e9t\u00e9 des fonds \u00e0 num\u00e9riser (fonds textiles grand format et tr\u00e8s grand format, pi\u00e8ces de mobilier ou encore costumes), le projet va conjuguer la num\u00e9risation 2D avec l\u2019apport de la <strong>num\u00e9risation d\u2019objets en 3D ou encore la num\u00e9risation \u00e0 l\u2019aide de drones<\/strong>.<\/p>\n<p>&nbsp;<\/p>\n<p><img loading=\"lazy\" decoding=\"async\" width=\"587\" height=\"440\" class=\"size-medium wp-image-31265 aligncenter\" src=\"https:\/\/www.sitem.fr\/wp-content\/uploads\/2021\/06\/IMG_5959-587x440.jpg\" alt=\"\" srcset=\"https:\/\/www.sitem.fr\/wp-content\/uploads\/2021\/06\/IMG_5959-587x440.jpg 587w, https:\/\/www.sitem.fr\/wp-content\/uploads\/2021\/06\/IMG_5959-scaled-600x450.jpg 600w, https:\/\/www.sitem.fr\/wp-content\/uploads\/2021\/06\/IMG_5959-1067x800.jpg 1067w, https:\/\/www.sitem.fr\/wp-content\/uploads\/2021\/06\/IMG_5959-768x576.jpg 768w, https:\/\/www.sitem.fr\/wp-content\/uploads\/2021\/06\/IMG_5959-1536x1152.jpg 1536w, https:\/\/www.sitem.fr\/wp-content\/uploads\/2021\/06\/IMG_5959-2048x1536.jpg 2048w\" sizes=\"auto, (max-width: 587px) 100vw, 587px\" \/><\/p>\n<p>&nbsp;<\/p>\n<p>Vous souhaitez en savoir plus sur cet ambitieux projet\u00a0?<\/p>\n<p>Arkh\u00eanum vous donne rendez-vous le <strong><a href=\"https:\/\/www.sitem.fr\/ateliers\/atelier-arkenhum\/\" target=\"_blank\" rel=\"noopener noreferrer\">Mercredi 15 Septembre de 16H00 \u00e0 16H45<\/a> au Carrousel du Louvre \u00e0 Paris lors du <a href=\"https:\/\/www.sitem.fr\/\" target=\"_blank\" rel=\"noopener noreferrer\">Salon Sitem<\/a><\/strong>.<\/p>\n<p>Lors de cet atelier,\u00a0 Charlotte du Vivier-Lebrun, Directrice du mus\u00e9e ainsi que Alexia Fontaine, Responsable Scientifique et des Collections pr\u00e9senteront leur chantier de collection. Les repr\u00e9sentants du mus\u00e9e ainsi que des soci\u00e9t\u00e9s Arkh\u00eanum et Tribvn \u00e9voqueront les d\u00e9fis soulev\u00e9s par ce projet et les solutions apport\u00e9es ainsi que les perspectives de partage et de m\u00e9diation qui s\u2019ouvrent au Mus\u00e9e.<\/p>\n","protected":false},"excerpt":{"rendered":"Anim\u00e9 par le d\u00e9sir de diffuser et d\u2019am\u00e9liorer l\u2019acc\u00e8s \u00e0 ses collections, le Mus\u00e9e de la Toile de Jouy entame une grande campagne de num\u00e9risation et d\u2019informatisation de ses archives avec Arkh\u00eanum. &nbsp; Alors que l\u2019institution fait peau neuve avec l\u2019ouverture d\u2019un nouveau parcours permanent et bient\u00f4t de nouveaux espaces interactifs et d\u2019accueil des visiteurs,&#8230; <br><a class=\"readm\" href=\"https:\/\/www.sitem.fr\/en\/le-musee-de-la-toile-de-jouy-reve-ses-collections-en-2d-et-3d-grace-a-arkhenum\/\">Read more<\/a>","protected":false},"author":4740,"featured_media":31263,"comment_status":"closed","ping_status":"closed","sticky":false,"template":"","format":"standard","meta":{"_acf_changed":false,"footnotes":""},"categories":[1111,147,1327],"tags":[1361,1818,1918,1916,1917,509,1113,1915],"class_list":["post-31267","post","type-post","status-publish","format-standard","has-post-thumbnail","hentry","category-actualites-recentes","category-gestion-informatisee-des-collections-2","category-valorisation-et-etude-des-collections-museales-et-patrimoniales","tag-archives","tag-arkhenum","tag-campagne-de-numerisation","tag-carrousel-du-louvre","tag-chantier-des-collections","tag-musee-de-la-toile-de-jouy","tag-prestataire","tag-salon-sitem"],"acf":[],"_links":{"self":[{"href":"https:\/\/www.sitem.fr\/en\/wp-json\/wp\/v2\/posts\/31267","targetHints":{"allow":["GET"]}}],"collection":[{"href":"https:\/\/www.sitem.fr\/en\/wp-json\/wp\/v2\/posts"}],"about":[{"href":"https:\/\/www.sitem.fr\/en\/wp-json\/wp\/v2\/types\/post"}],"author":[{"embeddable":true,"href":"https:\/\/www.sitem.fr\/en\/wp-json\/wp\/v2\/users\/4740"}],"replies":[{"embeddable":true,"href":"https:\/\/www.sitem.fr\/en\/wp-json\/wp\/v2\/comments?post=31267"}],"version-history":[{"count":3,"href":"https:\/\/www.sitem.fr\/en\/wp-json\/wp\/v2\/posts\/31267\/revisions"}],"predecessor-version":[{"id":31551,"href":"https:\/\/www.sitem.fr\/en\/wp-json\/wp\/v2\/posts\/31267\/revisions\/31551"}],"wp:featuredmedia":[{"embeddable":true,"href":"https:\/\/www.sitem.fr\/en\/wp-json\/wp\/v2\/media\/31263"}],"wp:attachment":[{"href":"https:\/\/www.sitem.fr\/en\/wp-json\/wp\/v2\/media?parent=31267"}],"wp:term":[{"taxonomy":"category","embeddable":true,"href":"https:\/\/www.sitem.fr\/en\/wp-json\/wp\/v2\/categories?post=31267"},{"taxonomy":"post_tag","embeddable":true,"href":"https:\/\/www.sitem.fr\/en\/wp-json\/wp\/v2\/tags?post=31267"}],"curies":[{"name":"wp","href":"https:\/\/api.w.org\/{rel}","templated":true}]}}