{"id":31330,"date":"2021-06-15T11:59:48","date_gmt":"2021-06-15T09:59:48","guid":{"rendered":"https:\/\/www.sitem.fr\/?p=31330"},"modified":"2021-06-29T09:51:18","modified_gmt":"2021-06-29T07:51:18","slug":"sound-4-museum-sonorise-des-bornes-interactives-de-lexposition-ex-africa-du-quai-branly","status":"publish","type":"post","link":"https:\/\/www.sitem.fr\/en\/sound-4-museum-sonorise-des-bornes-interactives-de-lexposition-ex-africa-du-quai-branly\/","title":{"rendered":"Sound 4 Museum sonorise des bornes interactives de l\u2019exposition Ex Africa du Quai Branly"},"content":{"rendered":"<p>L\u2019exposition <i>Ex Africa, <\/i><i>Pr\u00e9sences africaines dans l\u2019art d\u2019aujourd\u2019hui<\/i> organis\u00e9e par le <a href=\"https:\/\/www.quaibranly.fr\/fr\/expositions-evenements\/au-musee\/expositions\/\"><strong>Quai Branly \u2013 Jacques Chirac<\/strong><\/a> met en sc\u00e8ne 150 \u0153uvres contemporaines d\u2019artistes africain(e)s. A travers le regard d\u2019artistes d\u2019horizons tr\u00e8s diff\u00e9rents, de Jean-Michel Alberola \u00e0 Basquiat en passant par Herv\u00e9 Di Rosa, les photographies, sculptures, peintures ou encore les installations pr\u00e9sent\u00e9es navigue entre l\u2019art contemporain et l\u2019art traditionnel et ancien africain.<\/p>\n<p>Une exposition qui interroge sur de nombreuses probl\u00e9matiques soci\u00e9tales de l\u2019Afrique actuelle.<\/p>\n<p>&nbsp;<\/p>\n<p>L\u2019exposition Ex Africa a ouvert ses portes au public depuis le 19 mai. Pr\u00e9vue initialement jusqu\u2019au 27 juin 2021, elle est prolong\u00e9e jusqu\u2019au 11 juillet 2021.<\/p>\n<p>&nbsp;<\/p>\n<p>Dans le cadre de ce parcours parfaitement sc\u00e9nographi\u00e9, le mus\u00e9e du Quai Branly a souhait\u00e9 installer des bornes comment\u00e9es pour les visiteurs en situation de handicap visuel. Ces bornes, pour lesquelles Sound 4 Museum a fourni et install\u00e9 des dispositifs audio (lecteurs audio sur casque), pr\u00e9sentent quelques unes des \u0153uvres de l\u2019exposition sous forme de commentaires audio et de repr\u00e9sentations en relief. Une autre fa\u00e7on de d\u00e9couvrir une \u0153uvre par le sens du toucher.<\/p>\n<p>&nbsp;<\/p>\n<p><strong><a href=\"https:\/\/www.sound4museum.com\" target=\"_blank\" rel=\"noopener noreferrer\">https:\/\/www.sound4museum.com<\/a><\/strong><\/p>\n","protected":false},"excerpt":{"rendered":"L\u2019exposition Ex Africa, Pr\u00e9sences africaines dans l\u2019art d\u2019aujourd\u2019hui organis\u00e9e par le Quai Branly \u2013 Jacques Chirac met en sc\u00e8ne 150 \u0153uvres contemporaines d\u2019artistes africain(e)s. A travers le regard d\u2019artistes d\u2019horizons tr\u00e8s diff\u00e9rents, de Jean-Michel Alberola \u00e0 Basquiat en passant par Herv\u00e9 Di Rosa, les photographies, sculptures, peintures ou encore les installations pr\u00e9sent\u00e9es navigue entre l\u2019art&#8230; <br><a class=\"readm\" href=\"https:\/\/www.sitem.fr\/en\/sound-4-museum-sonorise-des-bornes-interactives-de-lexposition-ex-africa-du-quai-branly\/\">Read more<\/a>","protected":false},"author":3760,"featured_media":31328,"comment_status":"closed","ping_status":"closed","sticky":false,"template":"","format":"standard","meta":{"_acf_changed":false,"footnotes":""},"categories":[1111,1695,1049,154,1327],"tags":[1924,1926,53,1925,1113,1923,119],"class_list":["post-31330","post","type-post","status-publish","format-standard","has-post-thumbnail","hentry","category-actualites-recentes","category-aide-a-la-visite","category-bornes","category-son-2","category-valorisation-et-etude-des-collections-museales-et-patrimoniales","tag-bornes-commentees","tag-dispositifs-audio","tag-exposition","tag-handicap-visuel","tag-prestataire","tag-quai-branly","tag-sound-4-museum"],"acf":[],"_links":{"self":[{"href":"https:\/\/www.sitem.fr\/en\/wp-json\/wp\/v2\/posts\/31330","targetHints":{"allow":["GET"]}}],"collection":[{"href":"https:\/\/www.sitem.fr\/en\/wp-json\/wp\/v2\/posts"}],"about":[{"href":"https:\/\/www.sitem.fr\/en\/wp-json\/wp\/v2\/types\/post"}],"author":[{"embeddable":true,"href":"https:\/\/www.sitem.fr\/en\/wp-json\/wp\/v2\/users\/3760"}],"replies":[{"embeddable":true,"href":"https:\/\/www.sitem.fr\/en\/wp-json\/wp\/v2\/comments?post=31330"}],"version-history":[{"count":4,"href":"https:\/\/www.sitem.fr\/en\/wp-json\/wp\/v2\/posts\/31330\/revisions"}],"predecessor-version":[{"id":31653,"href":"https:\/\/www.sitem.fr\/en\/wp-json\/wp\/v2\/posts\/31330\/revisions\/31653"}],"wp:featuredmedia":[{"embeddable":true,"href":"https:\/\/www.sitem.fr\/en\/wp-json\/wp\/v2\/media\/31328"}],"wp:attachment":[{"href":"https:\/\/www.sitem.fr\/en\/wp-json\/wp\/v2\/media?parent=31330"}],"wp:term":[{"taxonomy":"category","embeddable":true,"href":"https:\/\/www.sitem.fr\/en\/wp-json\/wp\/v2\/categories?post=31330"},{"taxonomy":"post_tag","embeddable":true,"href":"https:\/\/www.sitem.fr\/en\/wp-json\/wp\/v2\/tags?post=31330"}],"curies":[{"name":"wp","href":"https:\/\/api.w.org\/{rel}","templated":true}]}}