{"id":31338,"date":"2021-06-25T14:03:52","date_gmt":"2021-06-25T12:03:52","guid":{"rendered":"https:\/\/www.sitem.fr\/?p=31338"},"modified":"2021-07-04T22:24:18","modified_gmt":"2021-07-04T20:24:18","slug":"des-podcasts-patrimoniaux-pour-la-rochelle-tourisme","status":"publish","type":"post","link":"https:\/\/www.sitem.fr\/en\/des-podcasts-patrimoniaux-pour-la-rochelle-tourisme\/","title":{"rendered":"Akken : des podcasts patrimoniaux pour La Rochelle Tourisme"},"content":{"rendered":"<p>&#8220;Ecouter pour mieux voir&#8221; est une s\u00e9rie de 5 podcasts r\u00e9alis\u00e9e par <a href=\"http:\/\/www.akken.fr\/\"><strong>Akken<\/strong><\/a>, avec le concours des guides conf\u00e9renci\u00e8res de La Rochelle Tourisme.<\/p>\n<p>Dans un exercice d&#8217;interview inhabituel, elles nous confient leur attachement \u00e0 des lieux de patrimoine et des monuments du territoire inattendus. A un moment o\u00f9 elles avaient d\u00fb &#8211; cas de force majeure &#8211; d\u00e9laisser les ruelles et les paysages de la Rochelle ainsi que leurs visiteurs priv\u00e9s de culture ; les guides conf\u00e9renci\u00e8res ont pris le parti d&#8217;occuper le terrain autrement, en se livrant \u00e0 un voyage sonore, par la pens\u00e9e et l&#8217;imaginaire.<\/p>\n<p>Interviews sensibles, cr\u00e9ations sonores et musicales entrainent l&#8217;auditeur \u00e0 la d\u00e9couverte de la Base sous marine de la Pallice, de la gare et son d\u00e9cor f\u00e9\u00e9rique et aquatique, du quartier bien cach\u00e9 des Templiers, du bucolique hameau de la Sauzaie, de l&#8217;\u00e9tonnante statue d&#8217;Eug\u00e8ne Fromentin, peintre orientaliste rochelais&#8230;<\/p>\n<p>\u00c0\u00a0\u00e9couter <strong><a href=\"https:\/\/soundcloud.com\/akken-revelateur\/sets\/les-podcasts-de-la-rochelle\">sous ce lien<\/a>.<\/strong><\/p>\n","protected":false},"excerpt":{"rendered":"&#8220;Ecouter pour mieux voir&#8221; est une s\u00e9rie de 5 podcasts r\u00e9alis\u00e9e par Akken, avec le concours des guides conf\u00e9renci\u00e8res de La Rochelle Tourisme. Dans un exercice d&#8217;interview inhabituel, elles nous confient leur attachement \u00e0 des lieux de patrimoine et des monuments du territoire inattendus. A un moment o\u00f9 elles avaient d\u00fb &#8211; cas de force&#8230; <br><a class=\"readm\" href=\"https:\/\/www.sitem.fr\/en\/des-podcasts-patrimoniaux-pour-la-rochelle-tourisme\/\">Read more<\/a>","protected":false},"author":4398,"featured_media":31336,"comment_status":"closed","ping_status":"closed","sticky":false,"template":"","format":"standard","meta":{"_acf_changed":false,"footnotes":""},"categories":[1111,154,1327],"tags":[491,1946,1944,971,1113,1945],"class_list":["post-31338","post","type-post","status-publish","format-standard","has-post-thumbnail","hentry","category-actualites-recentes","category-son-2","category-valorisation-et-etude-des-collections-museales-et-patrimoniales","tag-akken","tag-guides-conferencieres","tag-patrimoniaux","tag-podcasts","tag-prestataire","tag-rochelle-tourisme"],"acf":[],"_links":{"self":[{"href":"https:\/\/www.sitem.fr\/en\/wp-json\/wp\/v2\/posts\/31338","targetHints":{"allow":["GET"]}}],"collection":[{"href":"https:\/\/www.sitem.fr\/en\/wp-json\/wp\/v2\/posts"}],"about":[{"href":"https:\/\/www.sitem.fr\/en\/wp-json\/wp\/v2\/types\/post"}],"author":[{"embeddable":true,"href":"https:\/\/www.sitem.fr\/en\/wp-json\/wp\/v2\/users\/4398"}],"replies":[{"embeddable":true,"href":"https:\/\/www.sitem.fr\/en\/wp-json\/wp\/v2\/comments?post=31338"}],"version-history":[{"count":8,"href":"https:\/\/www.sitem.fr\/en\/wp-json\/wp\/v2\/posts\/31338\/revisions"}],"predecessor-version":[{"id":31825,"href":"https:\/\/www.sitem.fr\/en\/wp-json\/wp\/v2\/posts\/31338\/revisions\/31825"}],"wp:featuredmedia":[{"embeddable":true,"href":"https:\/\/www.sitem.fr\/en\/wp-json\/wp\/v2\/media\/31336"}],"wp:attachment":[{"href":"https:\/\/www.sitem.fr\/en\/wp-json\/wp\/v2\/media?parent=31338"}],"wp:term":[{"taxonomy":"category","embeddable":true,"href":"https:\/\/www.sitem.fr\/en\/wp-json\/wp\/v2\/categories?post=31338"},{"taxonomy":"post_tag","embeddable":true,"href":"https:\/\/www.sitem.fr\/en\/wp-json\/wp\/v2\/tags?post=31338"}],"curies":[{"name":"wp","href":"https:\/\/api.w.org\/{rel}","templated":true}]}}