{"id":31367,"date":"2021-06-22T10:24:30","date_gmt":"2021-06-22T08:24:30","guid":{"rendered":"https:\/\/www.sitem.fr\/?p=31367"},"modified":"2021-06-22T10:24:30","modified_gmt":"2021-06-22T08:24:30","slug":"promuseum-vitrines-patrimoniales-sur-mesure-au-chronographe-de-reze","status":"publish","type":"post","link":"https:\/\/www.sitem.fr\/en\/promuseum-vitrines-patrimoniales-sur-mesure-au-chronographe-de-reze\/","title":{"rendered":"Promuseum : Vitrines patrimoniales sur mesure au Chronographe de Rez\u00e9"},"content":{"rendered":"<p>Pour l\u2019organisation de l\u2019exposition <em>Le verre dans tous ses \u00e9clats<\/em> (du 29 mai 2021 au 7 novembre 2021), le Chronographe de Rez\u00e9 a fait appel \u00e0 <a href=\"https:\/\/promuseumcreation.com\/2021\/06\/16\/le-chronographe-de-reze-mai-2021\/\"><strong>Promuseum<\/strong><\/a> pour fabriquer et installer trois vitrines patrimoniales sur mesure. Con\u00e7ue en partenariat avec l\u2019Inrap (Institut national de recherches arch\u00e9ologiques pr\u00e9ventives) et l\u2019Afav (Association Fran\u00e7aise d\u2019Arch\u00e9ologie du Verre), l\u2019exposition retrace l\u2019histoire du verre de l\u2019Antiquit\u00e9 jusqu\u2019\u00e0 nos jours.<\/p>\n<p>&nbsp;<\/p>\n<p>Cette exposition centr\u00e9e sur l\u2019arch\u00e9ologie du verre romain dans le Grand Ouest a \u00e9t\u00e9 con\u00e7ue comme un dialogue entre une arch\u00e9ologue (Fran\u00e7oise Labaune, Inrap) et un artisan verrier (Fran\u00e7ois Arnaud, verrier \u00e0 l\u2019antique MOF). L\u2019exposition pr\u00e9sente une centaine de pi\u00e8ces issues de fouilles arch\u00e9ologiques dans le Grand Ouest\u00a0: perles et bracelets, vaisselle, fioles et flacons pour la toilette et la m\u00e9decine, bouteilles et pots pour le stockage et le transport, toupies, urnes fun\u00e9raires, vitrages\u2026<\/p>\n<p>&nbsp;<\/p>\n<p>C\u2019est pour pr\u00e9senter ces \u0153uvres que la directrice du Chronographe de Rez\u00e9, Mme C\u00e9cile de Collasson, a fait appel \u00e0 Promuseum. La sc\u00e9nographie a \u00e9t\u00e9 confi\u00e9e \u00e0 Mme Marine Brunet de SOPLO et a \u00e9t\u00e9 pens\u00e9e comme un lieu ludique et interactif.<\/p>\n<p>&nbsp;<\/p>\n<p>Afin de respecter les exigences du Chronographe en mati\u00e8re de d\u2019exposition et de conservation pr\u00e9ventive, nous avons propos\u00e9 notre gamme de vitrines patrimoniales. Gr\u00e2ce \u00e0 la qualit\u00e9 des vitrines patrimoniales, les collections et les \u0153uvres expos\u00e9es sont parfaitement mises en valeur et parfaitement prot\u00e9g\u00e9es gr\u00e2ce au syst\u00e8me de contr\u00f4le hygrom\u00e9trique et aux serrures de s\u00e9curit\u00e9 Abloy\u00ae.<\/p>\n<p>Les vitrines ont \u00e9t\u00e9 con\u00e7ues pour permettre leur installation sur des meubles bas existants. Certaines vitrines ont \u00e9t\u00e9 con\u00e7ues pour permettre l\u2019installation sur des meubles en MDF et d\u2019autres sur des meubles en m\u00e9tal. Les supports sont \u00e9quip\u00e9s de traverses \u00e0 placer selon les contraintes de l\u2019exposition. Des per\u00e7ages ont \u00e9t\u00e9 pr\u00e9vus pour l\u2019installation d\u2019une sonde de contr\u00f4le hygrom\u00e9trique. Promuseum a \u00e9galement fourni des pieds adaptables pour permettre une r\u00e9utilisation des vitrines par le Chronographe. Ces vitrines patrimoniales offrent une grande modularit\u00e9 et permettent une utilisation pour des expositions tr\u00e8s diff\u00e9rentes.<\/p>\n<p>&nbsp;<\/p>\n<p>Le coloris blanc a \u00e9t\u00e9 choisi pour son esth\u00e9tisme et son \u00e9l\u00e9gance, ainsi la salle d\u2019exposition offre un parcours \u00e9pur\u00e9 et les \u0153uvres sont parfaitement mises en valeur. Le verre des cloches est un verre feuillet\u00e9 Ultra Clair Guardian 8,76 mm (44.2) qui offre aux visiteurs une parfaite transparence et une vision \u00ab \u00e0 l\u2019\u0153il nu \u00bb des \u0153uvres expos\u00e9es. La cloche en verre poss\u00e8de une ouverture assist\u00e9e par v\u00e9rins \u00e0 gaz pour une grande facilit\u00e9 de manipulation.<\/p>\n<p>Les vitrines sont \u00e9quip\u00e9es de compartiment pour produit dessiccant afin de garantir la conservation optimale des objets expos\u00e9s. L\u2019acc\u00e8s \u00e0 ce compartiment se fait \u00e0 l\u2019ext\u00e9rieur de la vitrine pour \u00e9viter toute variation brutale de l\u2019espace d\u2019exposition.<\/p>\n<p>&nbsp;<\/p>\n<p><strong>Projet Promuseum\/Archa<\/strong><\/p>\n<p><strong>Photos : Beno\u00eet Drouet &#8211; Le Chronographe de Rez\u00e9<\/strong><\/p>\n","protected":false},"excerpt":{"rendered":"Pour l\u2019organisation de l\u2019exposition Le verre dans tous ses \u00e9clats (du 29 mai 2021 au 7 novembre 2021), le Chronographe de Rez\u00e9 a fait appel \u00e0 Promuseum pour fabriquer et installer trois vitrines patrimoniales sur mesure. Con\u00e7ue en partenariat avec l\u2019Inrap (Institut national de recherches arch\u00e9ologiques pr\u00e9ventives) et l\u2019Afav (Association Fran\u00e7aise d\u2019Arch\u00e9ologie du Verre), l\u2019exposition&#8230; <br><a class=\"readm\" href=\"https:\/\/www.sitem.fr\/en\/promuseum-vitrines-patrimoniales-sur-mesure-au-chronographe-de-reze\/\">Read more<\/a>","protected":false},"author":4575,"featured_media":31365,"comment_status":"closed","ping_status":"closed","sticky":false,"template":"","format":"standard","meta":{"_acf_changed":false,"footnotes":""},"categories":[1111,142,1329,1034,156],"tags":[1928,1756,1929,53,1869,984,1113,61,1927],"class_list":["post-31367","post","type-post","status-publish","format-standard","has-post-thumbnail","hentry","category-actualites-recentes","category-agencement","category-equipement-conservation-gestion-des-collections-et-du-patrimoine","category-oeuvres","category-vitrines","tag-chronographe-de-reze","tag-conservation-preventive","tag-controle-hygrometrique","tag-exposition","tag-installation","tag-oeuvres","tag-prestataire","tag-promuseum","tag-vitrines-patrimoniales"],"acf":[],"_links":{"self":[{"href":"https:\/\/www.sitem.fr\/en\/wp-json\/wp\/v2\/posts\/31367","targetHints":{"allow":["GET"]}}],"collection":[{"href":"https:\/\/www.sitem.fr\/en\/wp-json\/wp\/v2\/posts"}],"about":[{"href":"https:\/\/www.sitem.fr\/en\/wp-json\/wp\/v2\/types\/post"}],"author":[{"embeddable":true,"href":"https:\/\/www.sitem.fr\/en\/wp-json\/wp\/v2\/users\/4575"}],"replies":[{"embeddable":true,"href":"https:\/\/www.sitem.fr\/en\/wp-json\/wp\/v2\/comments?post=31367"}],"version-history":[{"count":3,"href":"https:\/\/www.sitem.fr\/en\/wp-json\/wp\/v2\/posts\/31367\/revisions"}],"predecessor-version":[{"id":31470,"href":"https:\/\/www.sitem.fr\/en\/wp-json\/wp\/v2\/posts\/31367\/revisions\/31470"}],"wp:featuredmedia":[{"embeddable":true,"href":"https:\/\/www.sitem.fr\/en\/wp-json\/wp\/v2\/media\/31365"}],"wp:attachment":[{"href":"https:\/\/www.sitem.fr\/en\/wp-json\/wp\/v2\/media?parent=31367"}],"wp:term":[{"taxonomy":"category","embeddable":true,"href":"https:\/\/www.sitem.fr\/en\/wp-json\/wp\/v2\/categories?post=31367"},{"taxonomy":"post_tag","embeddable":true,"href":"https:\/\/www.sitem.fr\/en\/wp-json\/wp\/v2\/tags?post=31367"}],"curies":[{"name":"wp","href":"https:\/\/api.w.org\/{rel}","templated":true}]}}