{"id":31611,"date":"2021-06-28T16:16:03","date_gmt":"2021-06-28T14:16:03","guid":{"rendered":"https:\/\/www.sitem.fr\/?p=31611"},"modified":"2021-06-28T16:45:55","modified_gmt":"2021-06-28T14:45:55","slug":"carole-calvez-concoit-le-design-olfactif-de-lexposition-migratory-notes-demeka-ogboh-a-la-friche-la-belle-de-mai","status":"publish","type":"post","link":"https:\/\/www.sitem.fr\/en\/carole-calvez-concoit-le-design-olfactif-de-lexposition-migratory-notes-demeka-ogboh-a-la-friche-la-belle-de-mai\/","title":{"rendered":"Carole Calvez con\u00e7oit le design olfactif de l\u2019exposition Migratory Notes d\u2019Emeka Ogboh, \u00e0 la Friche La Belle de Mai"},"content":{"rendered":"<h2><strong>&#8220;L\u2019olfactif, composante sc\u00e9nographique au m\u00eame titre que la vue et le son&#8221;\u00a0<\/strong><\/h2>\n<p>&nbsp;<\/p>\n<p class=\"Normal tm5\"><span class=\"tm7\">Du 04 juin au 24 octobre 2021, l\u2019artiste nig\u00e9rian Emeka Ogboh investit les espaces multiples de la Friche avec une \u0153uvre in\u00e9dite o\u00f9 <\/span><strong><span class=\"tm6\">images en mouvement, r\u00e9cit olfactif et installation sonore se r\u00e9pondent, tissant des liens sensibles entre Marseille et diff\u00e9rents ports de l\u2019Afrique de l\u2019Ouest.<\/span><\/strong><\/p>\n<p>&nbsp;<\/p>\n<p class=\"Normal tm5\"><span class=\"tm7\">Artiste de renomm\u00e9e internationale, Emeka Ogboh s\u2019int\u00e9resse aux questions de migrations et aux liens que tissent les femmes et les hommes avec leurs lieux de vie, de m\u00e9moire ou de passage.<br \/>\n<\/span><span class=\"tm7\">Il travaille diff\u00e9rents m\u00e9diums, tels que le son et la vid\u00e9o tout comme les denr\u00e9es alimentaires qui indistinctement deviennent des instruments de lecture et de compr\u00e9hension des villes en tant qu\u2019espaces cosmopolites, migratoires et globalis\u00e9s. <\/span><strong><em><span class=\"tm8\">Migratory Notes<\/span><\/em><span class=\"tm6\"> est la premi\u00e8re oeuvre d\u2019Emeka Ogboh qui convoque les odeurs.<\/span><\/strong><\/p>\n<p>&nbsp;<\/p>\n<p class=\"Normal tm9\"><strong><span class=\"tm6\">L\u2019installation multi-sensorielle et immersive, s\u2019\u00e9tend sous nos yeux<\/span><\/strong><span class=\"tm7\">, <\/span><strong><span class=\"tm6\">emplit notre paysage sonore, sollicite notre m\u00e9moire olfactive\u00a0:<\/span><\/strong><span class=\"tm7\"> les objets, les gestes, les personnages, les produits, les lieux, les \u00e9v\u00e8nements, les pays, les quotidiens constituent simultan\u00e9ment les \u00e9l\u00e9ments d\u2019un tout o<\/span><span class=\"tm7\">\u00f9 les sens sont sollicit\u00e9s et deviennent les vecteurs d\u2019une compr\u00e9hension du monde globalis\u00e9 et de ses identit\u00e9s hybrides.\u00a0<\/span><\/p>\n<p class=\"Normal tm9\"><span class=\"tm7\">Une collaboration de plusieurs mois qui a permis d\u2019interroger autant le <\/span><strong><span class=\"tm6\">patrimoine olfactif et la puissance d\u2019\u00e9vocation des odeurs<\/span><\/strong><span class=\"tm7\">, que la <\/span><strong><span class=\"tm6\">sc\u00e9nographie olfactive et la perception multisensorielle. <\/span><\/strong><\/p>\n<p class=\"Normal tm9\"><span class=\"tm7\">Les trois diffuseurs plac\u00e9s strat\u00e9giquement dans la salle Panorama (600 m2, 12 m de hauteur) cr\u00e9ent \u00e0 la fois trois bulles olfactives distinctes et des points de rencontre olfactifs, qui participent au r\u00e9cit. <\/span><\/p>\n<p class=\"Normal tm9\"><span class=\"tm7\">Ce dernier est compos\u00e9 de trois odeurs, r\u00e9pondant aux images et aux sons projet\u00e9s : la terre mouill\u00e9e et balay\u00e9e par l\u2019harmattan, l\u2019odeur de la mer transportant les denr\u00e9es alimentaires vers Marseille et enfin celle des \u00e9pices africaines.\u00a0<\/span><\/p>\n<p>&nbsp;<\/p>\n<p class=\"Normal tm9\"><span class=\"tm7\">Des fragrances cr\u00e9\u00e9es sur mesure, \u00e0 partir d\u2019\u00e9changes avec l\u2019artiste, de recherches et de smell session de mati\u00e8res prises sur le terrain.<br \/>\n<\/span>A sentir les 14,15,16 septembre 2021 sur le Stand S12 au Sitem.<\/p>\n<p class=\"Normal tm9\"><strong><a href=\"https:\/\/www.instagram.com\/carolecalvez_designerolfactif\/?hl=fr\">https:\/\/www.instagram.com\/carolecalvez_designerolfactif\/?hl=fr<\/a><\/strong><\/p>\n<p>&nbsp;<\/p>\n<p><img loading=\"lazy\" decoding=\"async\" width=\"587\" height=\"440\" class=\"size-medium wp-image-31603 aligncenter\" src=\"https:\/\/www.sitem.fr\/wp-content\/uploads\/2021\/06\/IMG-0506-587x440.jpg\" alt=\"\" srcset=\"https:\/\/www.sitem.fr\/wp-content\/uploads\/2021\/06\/IMG-0506-587x440.jpg 587w, https:\/\/www.sitem.fr\/wp-content\/uploads\/2021\/06\/IMG-0506-scaled-600x450.jpg 600w, https:\/\/www.sitem.fr\/wp-content\/uploads\/2021\/06\/IMG-0506-1067x800.jpg 1067w, https:\/\/www.sitem.fr\/wp-content\/uploads\/2021\/06\/IMG-0506-768x576.jpg 768w, https:\/\/www.sitem.fr\/wp-content\/uploads\/2021\/06\/IMG-0506-1536x1152.jpg 1536w, https:\/\/www.sitem.fr\/wp-content\/uploads\/2021\/06\/IMG-0506-2048x1536.jpg 2048w\" sizes=\"auto, (max-width: 587px) 100vw, 587px\" \/><\/p>\n<p>&nbsp;<\/p>\n<p><img loading=\"lazy\" decoding=\"async\" width=\"587\" height=\"440\" class=\"size-medium wp-image-31609 aligncenter\" src=\"https:\/\/www.sitem.fr\/wp-content\/uploads\/2021\/06\/IMG-0470-1-587x440.jpg\" alt=\"\" srcset=\"https:\/\/www.sitem.fr\/wp-content\/uploads\/2021\/06\/IMG-0470-1-587x440.jpg 587w, https:\/\/www.sitem.fr\/wp-content\/uploads\/2021\/06\/IMG-0470-1-scaled-600x450.jpg 600w, https:\/\/www.sitem.fr\/wp-content\/uploads\/2021\/06\/IMG-0470-1-1067x800.jpg 1067w, https:\/\/www.sitem.fr\/wp-content\/uploads\/2021\/06\/IMG-0470-1-768x576.jpg 768w, https:\/\/www.sitem.fr\/wp-content\/uploads\/2021\/06\/IMG-0470-1-1536x1152.jpg 1536w, https:\/\/www.sitem.fr\/wp-content\/uploads\/2021\/06\/IMG-0470-1-2048x1536.jpg 2048w\" sizes=\"auto, (max-width: 587px) 100vw, 587px\" \/><\/p>\n<p>&nbsp;<\/p>\n<p class=\"Normal tm9\"><em><span class=\"tm10\">Migratory Notes<\/span><\/em><span class=\"tm7\"> est une nouvelle production sp\u00e9cifiquement con\u00e7ue pour <\/span><em><span class=\"tm10\">Stirring the Pot<\/span><\/em><span class=\"tm7\">.<br \/>\n<\/span>\u00ab Stirring the Pot \u00bb d\u2019Emeka Ogboh<br \/>\n<span class=\"tm7\">Exposition du 04 juin au 24 octobre 2021, <\/span>Friche la Belle de Mai, Marseille<br \/>\n<span class=\"tm7\">Une coproduction Fraeme, Friche La Belle de Mai, Les Grandes Tables<br \/>\n<\/span><span class=\"tm7\">Sc\u00e9nographie : Cl\u00e9mence Farrell<br \/>\n<\/span><span class=\"tm7\">Design olfactif\u00a0: Carole Calvez<\/span><\/p>\n","protected":false},"excerpt":{"rendered":"&#8220;L\u2019olfactif, composante sc\u00e9nographique au m\u00eame titre que la vue et le son&#8221;\u00a0 &nbsp; Du 04 juin au 24 octobre 2021, l\u2019artiste nig\u00e9rian Emeka Ogboh investit les espaces multiples de la Friche avec une \u0153uvre in\u00e9dite o\u00f9 images en mouvement, r\u00e9cit olfactif et installation sonore se r\u00e9pondent, tissant des liens sensibles entre Marseille et diff\u00e9rents ports&#8230; <br><a class=\"readm\" href=\"https:\/\/www.sitem.fr\/en\/carole-calvez-concoit-le-design-olfactif-de-lexposition-migratory-notes-demeka-ogboh-a-la-friche-la-belle-de-mai\/\">Read more<\/a>","protected":false},"author":4435,"featured_media":31605,"comment_status":"closed","ping_status":"closed","sticky":false,"template":"","format":"standard","meta":{"_acf_changed":false,"footnotes":""},"categories":[1111,1325],"tags":[1952,1955,1953,1954,1957,1956,1113],"class_list":["post-31611","post","type-post","status-publish","format-standard","has-post-thumbnail","hentry","category-actualites-recentes","category-museographie-scenographie-graphisme-signaletique","tag-carole-calvez","tag-design-olfactif","tag-emeka-ogboh","tag-friche-la-belle-de-mai","tag-multisensorielle","tag-odeurs","tag-prestataire"],"acf":[],"_links":{"self":[{"href":"https:\/\/www.sitem.fr\/en\/wp-json\/wp\/v2\/posts\/31611","targetHints":{"allow":["GET"]}}],"collection":[{"href":"https:\/\/www.sitem.fr\/en\/wp-json\/wp\/v2\/posts"}],"about":[{"href":"https:\/\/www.sitem.fr\/en\/wp-json\/wp\/v2\/types\/post"}],"author":[{"embeddable":true,"href":"https:\/\/www.sitem.fr\/en\/wp-json\/wp\/v2\/users\/4435"}],"replies":[{"embeddable":true,"href":"https:\/\/www.sitem.fr\/en\/wp-json\/wp\/v2\/comments?post=31611"}],"version-history":[{"count":3,"href":"https:\/\/www.sitem.fr\/en\/wp-json\/wp\/v2\/posts\/31611\/revisions"}],"predecessor-version":[{"id":31638,"href":"https:\/\/www.sitem.fr\/en\/wp-json\/wp\/v2\/posts\/31611\/revisions\/31638"}],"wp:featuredmedia":[{"embeddable":true,"href":"https:\/\/www.sitem.fr\/en\/wp-json\/wp\/v2\/media\/31605"}],"wp:attachment":[{"href":"https:\/\/www.sitem.fr\/en\/wp-json\/wp\/v2\/media?parent=31611"}],"wp:term":[{"taxonomy":"category","embeddable":true,"href":"https:\/\/www.sitem.fr\/en\/wp-json\/wp\/v2\/categories?post=31611"},{"taxonomy":"post_tag","embeddable":true,"href":"https:\/\/www.sitem.fr\/en\/wp-json\/wp\/v2\/tags?post=31611"}],"curies":[{"name":"wp","href":"https:\/\/api.w.org\/{rel}","templated":true}]}}