{"id":32056,"date":"2021-07-22T09:28:00","date_gmt":"2021-07-22T07:28:00","guid":{"rendered":"https:\/\/www.sitem.fr\/?p=32056"},"modified":"2021-07-26T09:14:34","modified_gmt":"2021-07-26T07:14:34","slug":"mba-france-les-cloisons-mila-wall-au-musee-dart-et-dhistoire-davranches","status":"publish","type":"post","link":"https:\/\/www.sitem.fr\/en\/mba-france-les-cloisons-mila-wall-au-musee-dart-et-dhistoire-davranches\/","title":{"rendered":"MBA France : Les cloisons Mila-wall au Mus\u00e9e d\u2019Art et d\u2019Histoire d\u2019Avranches"},"content":{"rendered":"<p>Cr\u00e9\u00e9 dans les ann\u00e9es 1830 et install\u00e9 dans l&#8217;ancien \u00e9v\u00each\u00e9 depuis 1963, au coeur de la vieille ville, le mus\u00e9e d&#8217;Avranches pr\u00e9sente l\u2019histoire de l\u2019Avranchin depuis l\u2019Antiquit\u00e9 jusqu\u2019\u00e0 la Seconde Guerre mondiale.<\/p>\n<p>Depuis 2002, l&#8217;appellation \u00ab Mus\u00e9e de France \u00bb confirme l&#8217;int\u00e9r\u00eat historique et patrimonial des collections de ce mus\u00e9e qui est l\u2019un des plus anciens mus\u00e9es de l&#8217;Ouest.<\/p>\n<p>Depuis 5 ans, certaines \u0153uvres issues de la collection du Mus\u00e9e sont en restauration, au fur et \u00e0 mesure des ann\u00e9es.<\/p>\n<p>&nbsp;<\/p>\n<p>Avec l\u2019exposition temporaire \u00ab\u00a0Collections \u00e0 la loupe\u00a0: 5 ans de restauration\u00a0\u00bb, r\u00e9alis\u00e9e en partenariat avec la Fabrique de Patrimoines en Normandie, le Mus\u00e9e met en avant les \u0153uvres restaur\u00e9es ainsi que le travail minutieux des restaurateurs. A cet effet, le Mus\u00e9e \u00e0 fait une nouvelle fois confiance \u00e0 <strong><a href=\"https:\/\/www.mba-france.fr\/\">MBA France<\/a><\/strong> en compl\u00e9tant son parc de cloisons Mila-wall existant avec de nouvelles cloisons et accessoires.<\/p>\n<p>&nbsp;<\/p>\n<p><img loading=\"lazy\" decoding=\"async\" width=\"587\" height=\"440\" class=\"size-medium wp-image-32054 aligncenter\" src=\"https:\/\/www.sitem.fr\/wp-content\/uploads\/2021\/07\/20210603_123425-587x440.jpg\" alt=\"\" srcset=\"https:\/\/www.sitem.fr\/wp-content\/uploads\/2021\/07\/20210603_123425-587x440.jpg 587w, https:\/\/www.sitem.fr\/wp-content\/uploads\/2021\/07\/20210603_123425-scaled-600x450.jpg 600w, https:\/\/www.sitem.fr\/wp-content\/uploads\/2021\/07\/20210603_123425-1067x800.jpg 1067w, https:\/\/www.sitem.fr\/wp-content\/uploads\/2021\/07\/20210603_123425-768x576.jpg 768w, https:\/\/www.sitem.fr\/wp-content\/uploads\/2021\/07\/20210603_123425-1536x1152.jpg 1536w, https:\/\/www.sitem.fr\/wp-content\/uploads\/2021\/07\/20210603_123425-2048x1536.jpg 2048w\" sizes=\"auto, (max-width: 587px) 100vw, 587px\" \/><\/p>\n<p>&nbsp;<\/p>\n<p><img loading=\"lazy\" decoding=\"async\" width=\"587\" height=\"440\" class=\"size-medium wp-image-32050 aligncenter\" src=\"https:\/\/www.sitem.fr\/wp-content\/uploads\/2021\/07\/20210603_123305-587x440.jpg\" alt=\"\" srcset=\"https:\/\/www.sitem.fr\/wp-content\/uploads\/2021\/07\/20210603_123305-587x440.jpg 587w, https:\/\/www.sitem.fr\/wp-content\/uploads\/2021\/07\/20210603_123305-scaled-600x450.jpg 600w, https:\/\/www.sitem.fr\/wp-content\/uploads\/2021\/07\/20210603_123305-1067x800.jpg 1067w, https:\/\/www.sitem.fr\/wp-content\/uploads\/2021\/07\/20210603_123305-768x576.jpg 768w, https:\/\/www.sitem.fr\/wp-content\/uploads\/2021\/07\/20210603_123305-1536x1152.jpg 1536w, https:\/\/www.sitem.fr\/wp-content\/uploads\/2021\/07\/20210603_123305-2048x1536.jpg 2048w\" sizes=\"auto, (max-width: 587px) 100vw, 587px\" \/><\/p>\n<p>&nbsp;<\/p>\n<p>&nbsp;<\/p>\n<p><strong>Copyright<\/strong>\u00a0: Mus\u00e9e d\u2019Art &amp; d\u2019Histoire &#8211; Ville d\u2019Avranches<\/p>\n<p><strong>Exposition \u00ab Collections \u00e0 la loupe : 5 ans de restaurations \u00bb, \u00e0 visiter jusqu\u2019au 30 septembre 2021.<\/strong><\/p>\n","protected":false},"excerpt":{"rendered":"Cr\u00e9\u00e9 dans les ann\u00e9es 1830 et install\u00e9 dans l&#8217;ancien \u00e9v\u00each\u00e9 depuis 1963, au coeur de la vieille ville, le mus\u00e9e d&#8217;Avranches pr\u00e9sente l\u2019histoire de l\u2019Avranchin depuis l\u2019Antiquit\u00e9 jusqu\u2019\u00e0 la Seconde Guerre mondiale. Depuis 2002, l&#8217;appellation \u00ab Mus\u00e9e de France \u00bb confirme l&#8217;int\u00e9r\u00eat historique et patrimonial des collections de ce mus\u00e9e qui est l\u2019un des plus&#8230; <br><a class=\"readm\" href=\"https:\/\/www.sitem.fr\/en\/mba-france-les-cloisons-mila-wall-au-musee-dart-et-dhistoire-davranches\/\">Read more<\/a>","protected":false},"author":1453,"featured_media":32048,"comment_status":"closed","ping_status":"closed","sticky":false,"template":"","format":"standard","meta":{"_acf_changed":false,"footnotes":""},"categories":[1111,142,139,1329,1034],"tags":[1637,14,15,1979,1396,1113,1980],"class_list":["post-32056","post","type-post","status-publish","format-standard","has-post-thumbnail","hentry","category-actualites-recentes","category-agencement","category-cloisons","category-equipement-conservation-gestion-des-collections-et-du-patrimoine","category-oeuvres","tag-cloisons","tag-mba-france","tag-mila-wall","tag-musee-dart-et-dhistoire-davranches","tag-musee-de-france","tag-prestataire","tag-ville-davranches"],"acf":[],"_links":{"self":[{"href":"https:\/\/www.sitem.fr\/en\/wp-json\/wp\/v2\/posts\/32056","targetHints":{"allow":["GET"]}}],"collection":[{"href":"https:\/\/www.sitem.fr\/en\/wp-json\/wp\/v2\/posts"}],"about":[{"href":"https:\/\/www.sitem.fr\/en\/wp-json\/wp\/v2\/types\/post"}],"author":[{"embeddable":true,"href":"https:\/\/www.sitem.fr\/en\/wp-json\/wp\/v2\/users\/1453"}],"replies":[{"embeddable":true,"href":"https:\/\/www.sitem.fr\/en\/wp-json\/wp\/v2\/comments?post=32056"}],"version-history":[{"count":4,"href":"https:\/\/www.sitem.fr\/en\/wp-json\/wp\/v2\/posts\/32056\/revisions"}],"predecessor-version":[{"id":32679,"href":"https:\/\/www.sitem.fr\/en\/wp-json\/wp\/v2\/posts\/32056\/revisions\/32679"}],"wp:featuredmedia":[{"embeddable":true,"href":"https:\/\/www.sitem.fr\/en\/wp-json\/wp\/v2\/media\/32048"}],"wp:attachment":[{"href":"https:\/\/www.sitem.fr\/en\/wp-json\/wp\/v2\/media?parent=32056"}],"wp:term":[{"taxonomy":"category","embeddable":true,"href":"https:\/\/www.sitem.fr\/en\/wp-json\/wp\/v2\/categories?post=32056"},{"taxonomy":"post_tag","embeddable":true,"href":"https:\/\/www.sitem.fr\/en\/wp-json\/wp\/v2\/tags?post=32056"}],"curies":[{"name":"wp","href":"https:\/\/api.w.org\/{rel}","templated":true}]}}