{"id":32341,"date":"2021-07-26T09:55:25","date_gmt":"2021-07-26T07:55:25","guid":{"rendered":"https:\/\/www.sitem.fr\/?p=32341"},"modified":"2021-07-30T09:38:22","modified_gmt":"2021-07-30T07:38:22","slug":"polymorphe-design-sexpose-a-france-design-week","status":"publish","type":"post","link":"https:\/\/www.sitem.fr\/en\/polymorphe-design-sexpose-a-france-design-week\/","title":{"rendered":"Polymorphe Design s&#8217;expose \u00e0 France Design Week !"},"content":{"rendered":"<div class=\"_3O9Q_\">\n<div class=\"cv5N0\">\n<div class=\"_1uVSr\" data-testid=\"static-text-element\">\n<div class=\"_3Ao-S\">\n<div class=\"\">\n<p>Le 27 septembre 2021, Polymorphe Design sera pr\u00e9sent \u00e0 la France Design Week pour un <strong>\u00c9PAT<\/strong>en<strong>2039<\/strong> !!! L\u2019<strong>\u00c9PAT<\/strong>en\u2026 est un <strong>\u00c9<\/strong>v\u00e9nement <strong>P<\/strong>ermanent pour l\u2019<strong>A<\/strong>ccessibilit\u00e9 du <strong>T<\/strong>erritoire aux personnes en situation de handicap en 2024, 2031, 2039\u2026 selon la date \u00e0 laquelle on se projette.<\/p>\n<p>&nbsp;<\/p>\n<p>S\u2019appuyant sur la science-fiction, cet atelier permet de r\u00e9fl\u00e9chir \u00e0 ce qu\u2019implique notre conception de l\u2019accessibilit\u00e9 dans nos d\u00e9marches design, architecturales ou urbanistiques aujourd\u2019hui.<\/p>\n<ul>\n<li>Vision prospective sur nos villes futures<\/li>\n<li>Vision prospective du corps, des sciences et de la m\u00e9decine<\/li>\n<li>Vision prospective des populations<\/li>\n<\/ul>\n<p>&nbsp;<\/p>\n<p><strong>Notre vision actuelle de l\u2019accessibilit\u00e9 fonctionnera-t-elle encore demain ?<\/strong><\/p>\n<p><strong><a href=\"https:\/\/francedesignweek.fr\/evenements\/epaten\/\" target=\"_blank\" rel=\"noopener noreferrer\">France Design Week<\/a><\/strong> est l&#8217;occasion de pr\u00e9senter cette\u00a0 approche du design qui utilise la science-fiction pour inventer notre quotidien.<\/p>\n<p>&nbsp;<\/p>\n<p><strong>Le 27 septembre, embarquez pour\u00a0 2039&#8230;<br \/>\n<\/strong><a class=\"_3yOCp MhGcE _3wyNW _1Q2Sx _1-Wi5 _25BAx _2y-66 css-k90t27\"><span class=\"_2pqTJ css-1wta0f\">(Inscription bient\u00f4t en ligne&#8230;)<\/span><\/a><strong><br \/>\n<\/strong><\/p>\n<p>&nbsp;<\/p>\n<p><img loading=\"lazy\" decoding=\"async\" width=\"680\" height=\"339\" class=\"size-medium wp-image-32339 aligncenter\" src=\"https:\/\/www.sitem.fr\/wp-content\/uploads\/2021\/07\/DESIGN-FICTION-680x339.jpg\" alt=\"Quand le Design Fiction permet d'anticiper l'accessibilit\u00e9 aux visiteurs handicap\u00e9s\" srcset=\"https:\/\/www.sitem.fr\/wp-content\/uploads\/2021\/07\/DESIGN-FICTION-680x339.jpg 680w, https:\/\/www.sitem.fr\/wp-content\/uploads\/2021\/07\/DESIGN-FICTION-600x299.jpg 600w, https:\/\/www.sitem.fr\/wp-content\/uploads\/2021\/07\/DESIGN-FICTION-768x383.jpg 768w, https:\/\/www.sitem.fr\/wp-content\/uploads\/2021\/07\/DESIGN-FICTION.jpg 999w\" sizes=\"auto, (max-width: 680px) 100vw, 680px\" \/><\/p>\n<\/div>\n<\/div>\n<\/div>\n<\/div>\n<\/div>\n","protected":false},"excerpt":{"rendered":"Le 27 septembre 2021, Polymorphe Design sera pr\u00e9sent \u00e0 la France Design Week pour un \u00c9PATen2039 !!! L\u2019\u00c9PATen\u2026 est un \u00c9v\u00e9nement Permanent pour l\u2019Accessibilit\u00e9 du Territoire aux personnes en situation de handicap en 2024, 2031, 2039\u2026 selon la date \u00e0 laquelle on se projette. &nbsp; S\u2019appuyant sur la science-fiction, cet atelier permet de r\u00e9fl\u00e9chir \u00e0&#8230; <br><a class=\"readm\" href=\"https:\/\/www.sitem.fr\/en\/polymorphe-design-sexpose-a-france-design-week\/\">Read more<\/a>","protected":false},"author":2026,"featured_media":32337,"comment_status":"closed","ping_status":"closed","sticky":false,"template":"","format":"standard","meta":{"_acf_changed":false,"footnotes":""},"categories":[87,1328,140],"tags":[602,1991,1990,329,1113,1992],"class_list":["post-32341","post","type-post","status-publish","format-standard","has-post-thumbnail","hentry","category-accessibilite","category-accessibilite-gestion-des-publics-aide-a-la-visite","category-communication","tag-design","tag-epat","tag-france-design-week","tag-polymorphe-design","tag-prestataire","tag-situation-de-handicap"],"acf":[],"_links":{"self":[{"href":"https:\/\/www.sitem.fr\/en\/wp-json\/wp\/v2\/posts\/32341","targetHints":{"allow":["GET"]}}],"collection":[{"href":"https:\/\/www.sitem.fr\/en\/wp-json\/wp\/v2\/posts"}],"about":[{"href":"https:\/\/www.sitem.fr\/en\/wp-json\/wp\/v2\/types\/post"}],"author":[{"embeddable":true,"href":"https:\/\/www.sitem.fr\/en\/wp-json\/wp\/v2\/users\/2026"}],"replies":[{"embeddable":true,"href":"https:\/\/www.sitem.fr\/en\/wp-json\/wp\/v2\/comments?post=32341"}],"version-history":[{"count":6,"href":"https:\/\/www.sitem.fr\/en\/wp-json\/wp\/v2\/posts\/32341\/revisions"}],"predecessor-version":[{"id":32930,"href":"https:\/\/www.sitem.fr\/en\/wp-json\/wp\/v2\/posts\/32341\/revisions\/32930"}],"wp:featuredmedia":[{"embeddable":true,"href":"https:\/\/www.sitem.fr\/en\/wp-json\/wp\/v2\/media\/32337"}],"wp:attachment":[{"href":"https:\/\/www.sitem.fr\/en\/wp-json\/wp\/v2\/media?parent=32341"}],"wp:term":[{"taxonomy":"category","embeddable":true,"href":"https:\/\/www.sitem.fr\/en\/wp-json\/wp\/v2\/categories?post=32341"},{"taxonomy":"post_tag","embeddable":true,"href":"https:\/\/www.sitem.fr\/en\/wp-json\/wp\/v2\/tags?post=32341"}],"curies":[{"name":"wp","href":"https:\/\/api.w.org\/{rel}","templated":true}]}}