{"id":34338,"date":"2021-09-23T15:08:48","date_gmt":"2021-09-23T13:08:48","guid":{"rendered":"https:\/\/www.sitem.fr\/?p=34338"},"modified":"2021-09-23T15:08:48","modified_gmt":"2021-09-23T13:08:48","slug":"convelio-a-lance-son-programme-de-developpement-durable-climate-care","status":"publish","type":"post","link":"https:\/\/www.sitem.fr\/en\/convelio-a-lance-son-programme-de-developpement-durable-climate-care\/","title":{"rendered":"Convelio a lanc\u00e9 son programme de d\u00e9veloppement durable &#8211; &#8220;Climate Care&#8221;."},"content":{"rendered":"<p><b>&#8220;Durabilit\u00e9&#8221;, &#8220;changement climatique&#8221;, &#8220;net-z\u00e9ro&#8221;, &#8220;impact environnemental&#8221;, &#8220;\u00e9cologie&#8221; : ces mots sont de plus en plus pr\u00e9sents dans notre quotidien, tous secteurs confondus. Le monde de l&#8217;art ne fait pas exception. Les mus\u00e9es, les galeries et les plus grandes maisons de vente aux ench\u00e8res mettent tous en place des actions li\u00e9es \u00e0 l&#8217;environnement ou \u00e0 la durabilit\u00e9. Des associations, telles que Gallery Climate Coalition ou Museums for Climate Action, se cr\u00e9ent et se d\u00e9veloppent \u00e0 toute vitesse. \u00c0 l&#8217;approche de la <\/b><a href=\"https:\/\/ukcop26.org\/\"><b>COP26<\/b><\/a><b>, la conf\u00e9rence des Nations unies sur le changement climatique, qui se tiendra \u00e0 Glasgow en novembre 2021, nous vous invitons \u00e0 examiner de plus pr\u00e8s certaines des initiatives de durabilit\u00e9 existantes dans le monde de l&#8217;art.<\/b><\/p>\n<p>&nbsp;<\/p>\n<p><span style=\"font-weight: 400;\">En raison de leur r\u00e9putation d\u2019\u00eatre conservateurs, et d\u2019\u00eatre plus concern\u00e9s par le pass\u00e9 que par le pr\u00e9sent et l&#8217;avenir, on pourrait penser que les mus\u00e9es ne sont pas les plus tourn\u00e9s vers l&#8217;action climatique. Pourtant, ce n&#8217;est pas toujours le cas. Le projet <\/span><strong><a href=\"https:\/\/www.museumsforclimateaction.org\/rethink\/background\">Museums for Climate Action<\/a><\/strong><span style=\"font-weight: 400;\"> a d\u00e9but\u00e9 sous la forme d&#8217;un concours de conception et d&#8217;id\u00e9es, lanc\u00e9 \u00e0 l&#8217;occasion de la Journ\u00e9e internationale des mus\u00e9es 2020. Le concours consistait \u00e0 r\u00e9unir des propositions de conception et de design visant \u00e0 renverser les fondements m\u00eames de la pens\u00e9e mus\u00e9ologique pour soutenir et encourager une action climatique significative. \u00c0 l&#8217;issue du concours, huit \u00e9quipes ont \u00e9t\u00e9 invit\u00e9es \u00e0 d\u00e9velopper leurs id\u00e9es pour une exposition au Glasgow Science Centre, la &#8220;zone verte&#8221; officielle de la COP26. L&#8217;exposition est int\u00e9gr\u00e9e \u00e0 l&#8217;exposition Powering the Future au centre des sciences afin de souligner le r\u00f4le crucial que les institutions culturelles ont \u00e0 jouer pour fa\u00e7onner le monde de demain.<\/span><\/p>\n<p>&nbsp;<\/p>\n<p><span style=\"font-weight: 400;\">Les galeries sont all\u00e9es encore plus loin. <\/span><a href=\"https:\/\/galleryclimatecoalition.org\/\"><span style=\"font-weight: 400;\"><strong>Gallery Climate Coalition<\/strong><\/span><\/a><span style=\"font-weight: 400;\"> est une organisation caritative internationale proposant des actions de durabilit\u00e9 environnementale pour le secteur de l&#8217;art, fond\u00e9e \u00e0 Londres en octobre 2020 pour encourager l&#8217;industrie de l&#8217;art \u00e0 atteindre la neutralit\u00e9 carbone. Son expansion, de 14 fondateurs initiaux \u00e0 plus de 550 membres de 20 pays sur 6 continents aujourd\u2019hui, illustre la prise de conscience croissante du secteur de l&#8217;art, de la n\u00e9cessit\u00e9 d&#8217;agir face \u00e0 un changement climatique sans pr\u00e9c\u00e9dent. Elle utilisera son potentiel de lobbying collectif pour obtenir un changement syst\u00e9mique majeur en alignant un r\u00e9seau international de galeries, d&#8217;artistes, d&#8217;institutions, d&#8217;organismes \u00e0 but non lucratif et d&#8217;entreprises du secteur de l&#8217;art sur les m\u00eames objectifs. Initialement destin\u00e9e aux galeries, la coalition accueille d\u00e9sormais 4 types de membres : galeries, artistes, organisations et particuliers.<\/span><\/p>\n<p>&nbsp;<\/p>\n<p><span style=\"font-weight: 400;\">Les leaders du secteur, tels que Hauser &amp; Wirth et Christie&#8217;s, ont r\u00e9cemment annonc\u00e9 leur propre engagement \u00e0 atteindre la neutralit\u00e9 carbone d&#8217;ici 2030. Hauser &amp; Wirth a recrut\u00e9 un responsable de la durabilit\u00e9 environnementale et allou\u00e9 un nouveau &#8220;budget carbone&#8221; pour chaque exposition et foire d&#8217;art. La galerie est \u00e9galement pass\u00e9e \u00e0 une \u00e9lectricit\u00e9 100 % renouvelable. Christie&#8217;s se concentrera \u00e0 son tour sur quatre domaines principaux pour atteindre ses objectifs en mati\u00e8re de carbone, notamment la transformation de ses processus d&#8217;exp\u00e9dition, de voyage, d&#8217;\u00e9nergie des b\u00e2timents et d\u2019utilisation de papier. La soci\u00e9t\u00e9 favorisera \u00e9galement les modes de transport \u00e0 faible \u00e9mission de carbone et sera plus s\u00e9lective lors de la tourn\u00e9e des \u0153uvres et des objets avant les ventes.\u00a0<\/span><\/p>\n<p>&nbsp;<\/p>\n<p><span style=\"font-weight: 400;\">Le secteur des transports est l&#8217;un des plus grands \u00e9metteurs de GES (gaz \u00e0 effet de serre), g\u00e9n\u00e9rant 16 % de toutes les \u00e9missions de CO2 en 2016. Le niveau \u00e9lev\u00e9 d&#8217;\u00e9missions de GES du secteur des transports se compose principalement du CO2 g\u00e9n\u00e9r\u00e9 par les transports lourds, tels que l&#8217;aviation et le transport maritime (Committee on Climate Change, 2019). Les \u00e9missions du secteur des transports n&#8217;ont cess\u00e9 de cro\u00eetre car la demande mondiale de transport a augment\u00e9 (et devrait continuer \u00e0 augmenter) avec le d\u00e9veloppement des infrastructures \u00e0 travers le monde.<\/span><\/p>\n<p>&nbsp;<\/p>\n<p><span style=\"font-weight: 400;\">C&#8217;est pourquoi il est crucial pour les transporteurs d&#8217;\u0153uvres d\u2019art de s&#8217;engager dans le d\u00e9veloppement durable de leur c\u00f4t\u00e9. <\/span><a href=\"https:\/\/www.convelio.com\/fr\/accueil\/\"><span style=\"font-weight: 400;\"><strong>Convelio<\/strong><\/span><\/a><span style=\"font-weight: 400;\"> est ravi de pr\u00e9senter <\/span><strong><a href=\"https:\/\/www.convelio.com\/fr\/blog\/blogpost\/the-future-is-sustainable-introducing-convelios-climate-care\/\">&#8220;Climate Care&#8221;<\/a><\/strong><span style=\"font-weight: 400;\">, son programme destin\u00e9 \u00e0 piloter les projets de durabilit\u00e9 en interne et en externe. Ce programme vise \u00e0 minimiser l&#8217;impact de l&#8217;activit\u00e9 de transport d&#8217;\u0153uvres d&#8217;art sur l&#8217;environnement. En outre, gr\u00e2ce \u00e0 Climate Care, Convelio vise \u00e0 impacter positivement la soci\u00e9t\u00e9 et \u00e0 soutenir son r\u00e9seau et l&#8217;industrie du march\u00e9 de l&#8217;art dans la transition vers un avenir net z\u00e9ro.<\/span><\/p>\n<p>&nbsp;<\/p>\n<p><span style=\"font-weight: 400;\">Convelio a annonc\u00e9 qu&#8217;il s&#8217;organisera pour minimiser la cr\u00e9ation de d\u00e9chets et la pollution engendr\u00e9e par ses activit\u00e9s, et travaillera \u00e0 la gestion de ses processus, de ses mat\u00e9riaux et de son personnel afin de r\u00e9duire les \u00e9missions et l&#8217;impact sur l&#8217;environnement dans toute l&#8217;organisation. Convelio est engag\u00e9 dans <\/span><a href=\"https:\/\/sdgs.un.org\/goals\/goal13\"><span style=\"font-weight: 400;\"><strong>l&#8217;objectif 13 du d\u00e9veloppement durable des Nations unies<\/strong><\/span><\/a><span style=\"font-weight: 400;\">, qui consiste \u00e0 prendre des mesures urgentes pour lutter contre le changement climatique et ses cons\u00e9quences.. Dans le cadre de cet engagement, nous allons promouvoir des pratiques environnementales positives et nous aligner sur les objectifs gouvernementaux qui ont \u00e9t\u00e9 form\u00e9s sur la base de l&#8217;Accord de Paris.<\/span><\/p>\n<p>&nbsp;<\/p>\n<p><span style=\"font-weight: 400;\">Vous pouvez suivre l&#8217;\u00e9volution de Convelio vers le concept &#8220;net z\u00e9ro&#8221; en vous abonnant \u00e0 sa newsletter et \u00e0 ses r\u00e9seaux sociaux. L&#8217;entreprise communiquera r\u00e9guli\u00e8rement sur ses progr\u00e8s et ses \u00e9tapes cl\u00e9s, dans un souci de transparence et d&#8217;int\u00e9grit\u00e9 envers toutes ses parties prenantes.<\/span><\/p>\n","protected":false},"excerpt":{"rendered":"&#8220;Durabilit\u00e9&#8221;, &#8220;changement climatique&#8221;, &#8220;net-z\u00e9ro&#8221;, &#8220;impact environnemental&#8221;, &#8220;\u00e9cologie&#8221; : ces mots sont de plus en plus pr\u00e9sents dans notre quotidien, tous secteurs confondus. Le monde de l&#8217;art ne fait pas exception. Les mus\u00e9es, les galeries et les plus grandes maisons de vente aux ench\u00e8res mettent tous en place des actions li\u00e9es \u00e0 l&#8217;environnement ou \u00e0 la&#8230; <br><a class=\"readm\" href=\"https:\/\/www.sitem.fr\/en\/convelio-a-lance-son-programme-de-developpement-durable-climate-care\/\">Read more<\/a>","protected":false},"author":4735,"featured_media":34336,"comment_status":"closed","ping_status":"closed","sticky":false,"template":"","format":"standard","meta":{"_acf_changed":false,"footnotes":""},"categories":[1329,320,1034,155],"tags":[2041,2039,1748,2040,2042,1113],"class_list":["post-34338","post","type-post","status-publish","format-standard","has-post-thumbnail","hentry","category-equipement-conservation-gestion-des-collections-et-du-patrimoine","category-evenement-culturel","category-oeuvres","category-transport-2","tag-changement-climatique","tag-climate-care","tag-convelio","tag-durabilite","tag-museums-for-climate-action","tag-prestataire"],"acf":[],"_links":{"self":[{"href":"https:\/\/www.sitem.fr\/en\/wp-json\/wp\/v2\/posts\/34338","targetHints":{"allow":["GET"]}}],"collection":[{"href":"https:\/\/www.sitem.fr\/en\/wp-json\/wp\/v2\/posts"}],"about":[{"href":"https:\/\/www.sitem.fr\/en\/wp-json\/wp\/v2\/types\/post"}],"author":[{"embeddable":true,"href":"https:\/\/www.sitem.fr\/en\/wp-json\/wp\/v2\/users\/4735"}],"replies":[{"embeddable":true,"href":"https:\/\/www.sitem.fr\/en\/wp-json\/wp\/v2\/comments?post=34338"}],"version-history":[{"count":3,"href":"https:\/\/www.sitem.fr\/en\/wp-json\/wp\/v2\/posts\/34338\/revisions"}],"predecessor-version":[{"id":34408,"href":"https:\/\/www.sitem.fr\/en\/wp-json\/wp\/v2\/posts\/34338\/revisions\/34408"}],"wp:featuredmedia":[{"embeddable":true,"href":"https:\/\/www.sitem.fr\/en\/wp-json\/wp\/v2\/media\/34336"}],"wp:attachment":[{"href":"https:\/\/www.sitem.fr\/en\/wp-json\/wp\/v2\/media?parent=34338"}],"wp:term":[{"taxonomy":"category","embeddable":true,"href":"https:\/\/www.sitem.fr\/en\/wp-json\/wp\/v2\/categories?post=34338"},{"taxonomy":"post_tag","embeddable":true,"href":"https:\/\/www.sitem.fr\/en\/wp-json\/wp\/v2\/tags?post=34338"}],"curies":[{"name":"wp","href":"https:\/\/api.w.org\/{rel}","templated":true}]}}