{"id":34472,"date":"2021-09-28T11:14:21","date_gmt":"2021-09-28T09:14:21","guid":{"rendered":"https:\/\/www.sitem.fr\/?p=34472"},"modified":"2021-09-28T11:14:21","modified_gmt":"2021-09-28T09:14:21","slug":"le-chapeau-a-plume-met-en-scene-la-poule-aux-oeufs-dor-de-jean-de-la-fontaine-au-chateau-de-vaux-le-vicomte","status":"publish","type":"post","link":"https:\/\/www.sitem.fr\/en\/le-chapeau-a-plume-met-en-scene-la-poule-aux-oeufs-dor-de-jean-de-la-fontaine-au-chateau-de-vaux-le-vicomte\/","title":{"rendered":"Le Chapeau \u00e0 Plume met en sc\u00e8ne &#8220;La poule aux \u0153ufs d\u2019or&#8221; de Jean de La Fontaine au Ch\u00e2teau de Vaux-le-Vicomte."},"content":{"rendered":"<p>Connaissez-vous la fable de La Fontaine \u00ab\u00a0La poule aux \u0153ufs d\u2019or\u00a0\u00bb\u00a0?<\/p>\n<p>Cette courte fable n\u2019est pas la plus connue du c\u00e9l\u00e8bre fabuliste dont on c\u00e9l\u00e8bre cette ann\u00e9e le 400<sup>\u00e8me<\/sup> anniversaire. Elle est pourtant savoureuse et pleine d\u2019esprit, comme toujours avec La Fontaine\u00a0!<\/p>\n<p>&nbsp;<\/p>\n<p>C\u2019est le th\u00e8me choisi par <a href=\"https:\/\/vaux-le-vicomte.com\/\"><strong>le Ch\u00e2teau de Vaux-le-Vicomte<\/strong><\/a> pour un amusant jeu de piste dans le superbe parc du domaine, que Jean de La Fontaine aimait tant arpenter&#8230; Initialement pr\u00e9vu au printemps 2021, ce jeu est actuellement prolong\u00e9 tout au long de l\u2019automne, pour le plus grand plaisir des enfants. Gr\u00e2ce \u00e0 une carte du domaine joliment illustr\u00e9e par Le Chapeau \u00e0 Plume, les familles s\u2019amuseront \u00e0 rep\u00e9rer des \u0153ufs g\u00e9ants dissimul\u00e9s aux quatre coins du parc&#8230; Une fois toutes les \u00e9tapes d\u00fbment valid\u00e9es, les familles pourront participer \u00e0 un tirage au sort et remporter des places pour les festivit\u00e9s de No\u00ebl. De beaux souvenirs en perspective pour tous ceux qui tenteront l\u2019aventure\u00a0!<\/p>\n<p>&nbsp;<\/p>\n<p>D\u00e9couvrez d\u2019autres r\u00e9alisations du Chapeau \u00e0 Plume sur <strong><a href=\"http:\/\/www.lechapeauaplume.fr\/\">www.lechapeauaplume.fr<\/a><\/strong><\/p>\n<p>&nbsp;<\/p>\n<p><img loading=\"lazy\" decoding=\"async\" class=\"alignnone  wp-image-26988 aligncenter\" src=\"https:\/\/www.sitem.fr\/wp-content\/uploads\/2020\/11\/logo_chapeau_a_plume_Large-680x404.jpg\" alt=\"\" width=\"587\" height=\"349\" srcset=\"https:\/\/www.sitem.fr\/wp-content\/uploads\/2020\/11\/logo_chapeau_a_plume_Large-680x404.jpg 680w, https:\/\/www.sitem.fr\/wp-content\/uploads\/2020\/11\/logo_chapeau_a_plume_Large-600x357.jpg 600w, https:\/\/www.sitem.fr\/wp-content\/uploads\/2020\/11\/logo_chapeau_a_plume_Large-1200x713.jpg 1200w, https:\/\/www.sitem.fr\/wp-content\/uploads\/2020\/11\/logo_chapeau_a_plume_Large-768x457.jpg 768w, https:\/\/www.sitem.fr\/wp-content\/uploads\/2020\/11\/logo_chapeau_a_plume_Large-1536x913.jpg 1536w, https:\/\/www.sitem.fr\/wp-content\/uploads\/2020\/11\/logo_chapeau_a_plume_Large.jpg 1800w\" sizes=\"auto, (max-width: 587px) 100vw, 587px\" \/><\/p>\n","protected":false},"excerpt":{"rendered":"Connaissez-vous la fable de La Fontaine \u00ab\u00a0La poule aux \u0153ufs d\u2019or\u00a0\u00bb\u00a0? Cette courte fable n\u2019est pas la plus connue du c\u00e9l\u00e8bre fabuliste dont on c\u00e9l\u00e8bre cette ann\u00e9e le 400\u00e8me anniversaire. Elle est pourtant savoureuse et pleine d\u2019esprit, comme toujours avec La Fontaine\u00a0! &nbsp; C\u2019est le th\u00e8me choisi par le Ch\u00e2teau de Vaux-le-Vicomte pour un amusant&#8230; <br><a class=\"readm\" href=\"https:\/\/www.sitem.fr\/en\/le-chapeau-a-plume-met-en-scene-la-poule-aux-oeufs-dor-de-jean-de-la-fontaine-au-chateau-de-vaux-le-vicomte\/\">Read more<\/a>","protected":false},"author":4708,"featured_media":34470,"comment_status":"closed","ping_status":"closed","sticky":false,"template":"","format":"standard","meta":{"_acf_changed":false,"footnotes":""},"categories":[1328,1111,696,925],"tags":[2061,1778,732,2060,1616,1113],"class_list":["post-34472","post","type-post","status-publish","format-standard","has-post-thumbnail","hentry","category-accessibilite-gestion-des-publics-aide-a-la-visite","category-actualites-recentes","category-jeu","category-pedagogie","tag-chateau-de-vaux-le-vicomte","tag-jean-de-la-fontaine","tag-jeu-de-piste","tag-la-poule-aux-oeufs-dor","tag-le-chapeau-a-plume","tag-prestataire"],"acf":[],"_links":{"self":[{"href":"https:\/\/www.sitem.fr\/en\/wp-json\/wp\/v2\/posts\/34472","targetHints":{"allow":["GET"]}}],"collection":[{"href":"https:\/\/www.sitem.fr\/en\/wp-json\/wp\/v2\/posts"}],"about":[{"href":"https:\/\/www.sitem.fr\/en\/wp-json\/wp\/v2\/types\/post"}],"author":[{"embeddable":true,"href":"https:\/\/www.sitem.fr\/en\/wp-json\/wp\/v2\/users\/4708"}],"replies":[{"embeddable":true,"href":"https:\/\/www.sitem.fr\/en\/wp-json\/wp\/v2\/comments?post=34472"}],"version-history":[{"count":3,"href":"https:\/\/www.sitem.fr\/en\/wp-json\/wp\/v2\/posts\/34472\/revisions"}],"predecessor-version":[{"id":34475,"href":"https:\/\/www.sitem.fr\/en\/wp-json\/wp\/v2\/posts\/34472\/revisions\/34475"}],"wp:featuredmedia":[{"embeddable":true,"href":"https:\/\/www.sitem.fr\/en\/wp-json\/wp\/v2\/media\/34470"}],"wp:attachment":[{"href":"https:\/\/www.sitem.fr\/en\/wp-json\/wp\/v2\/media?parent=34472"}],"wp:term":[{"taxonomy":"category","embeddable":true,"href":"https:\/\/www.sitem.fr\/en\/wp-json\/wp\/v2\/categories?post=34472"},{"taxonomy":"post_tag","embeddable":true,"href":"https:\/\/www.sitem.fr\/en\/wp-json\/wp\/v2\/tags?post=34472"}],"curies":[{"name":"wp","href":"https:\/\/api.w.org\/{rel}","templated":true}]}}