{"id":34781,"date":"2021-11-04T09:21:17","date_gmt":"2021-11-04T08:21:17","guid":{"rendered":"https:\/\/www.sitem.fr\/?p=34781"},"modified":"2021-11-04T11:10:04","modified_gmt":"2021-11-04T10:10:04","slug":"la-fiac-2021-depuis-le-grand-palais-ephemere-jusqua-lexposition-virtuelle","status":"publish","type":"post","link":"https:\/\/www.sitem.fr\/en\/la-fiac-2021-depuis-le-grand-palais-ephemere-jusqua-lexposition-virtuelle\/","title":{"rendered":"La FIAC 2021 : depuis le Grand Palais Eph\u00e9m\u00e8re jusqu&#8217;\u00e0 l&#8217;exposition virtuelle"},"content":{"rendered":"<p><span style=\"font-weight: 400;\">Du 21 au 24 octobre, la FIAC a battu son plein au Grand Palais \u00c9ph\u00e9m\u00e8re faisant vibrer les parisiens d\u2019un jour et les parisiens de toujours. A<\/span><span style=\"font-weight: 400;\">pr\u00e8s son annulation en octobre dernier en raison de la pand\u00e9mie, la tr\u00e8s attendue 47\u00e8me \u00e9dition de la Foire Internationale d\u2019Art Contemporain a effectu\u00e9 un retour fracassant. Ni l\u2019ombre de la Covid19, ni son d\u00e9m\u00e9nagement avec une surface r\u00e9duite de 30%, ni la jauge contraignante n\u2019auront r\u00e9fr\u00e9n\u00e9s les ardeurs des visiteurs (46 655) ou des exposants (171). Il y en avait pour tous les go\u00fbts et toutes les bourses avec des oeuvres \u00e0 quelques euros pour la bo\u00eete de Vache Qui Rit issue de la collaboration avec l\u2019artiste <\/span><span style=\"font-weight: 400;\">Rosemarie Trockel jusqu\u2019\u00e0 plusieurs <\/span><span style=\"font-weight: 400;\">millions chez les grandes enseignes comme Applicat-Prazan ou Thaddeus Ropac.\u00a0<\/span><\/p>\n<p>&nbsp;<\/p>\n<p><span style=\"font-weight: 400;\">Sous la nef du Grand Palais \u00c9ph\u00e9m\u00e8re, les artistes modernes et contemporains b\u00e9n\u00e9ficiant d\u2019une exposition en cours \u00e0 Paris \u00e9taient mis \u00e0 l\u2019honneur. Notons par exemple la triple exposition de Jean-Michel Othoniel \u00e0 la Kukje Gallery, chez Perrotin et chez Karsten Greve en plus de sa r\u00e9trospective en ce moment au Petit Palais. Notons aussi la pr\u00e9sence remarqu\u00e9e de Georg Baselitz au Centre Pompidou et \u00e0 la FIAC avec son \u0153uvre <\/span><i><span style=\"font-weight: 400;\">Bad im Flur<\/span><\/i> <span style=\"font-weight: 400;\">cr\u00e9\u00e9e cette ann\u00e9e et d\u00e9j\u00e0 vendue chez White Cube pour 1,2 millions d\u2019euros pendant la foire.<br \/>\n<\/span><span style=\"font-weight: 400;\">Sur un autre th\u00e8me et en poursuivant la visite dans la grande tente ext\u00e9rieure, mont\u00e9e pour l\u2019occasion, le secteur des jeunes galeries permettait de d\u00e9couvrir les artistes star de demain tout en ayant un avant-go\u00fbt de Design Miami. On pouvait admirer \u00e7\u00e0 et l\u00e0 des tabourets Perriand, des chaises Prouv\u00e9 dans une sc\u00e9nographie l\u00e9ch\u00e9e pour les galeries Downtown ou Patrick Seguin.\u00a0<\/span><\/p>\n<p>&nbsp;<\/p>\n<p><span style=\"font-weight: 400;\">La FIAC n\u2019avait pas oubli\u00e9 ceux qui ne pouvaient se d\u00e9placer pour l\u2019occasion et a permis aux exposants qui le souhaitaient &#8211; m\u00eame \u00e0 ceux n\u2019ayant pas de stand \u201cphysique\u201d &#8211; d\u2019avoir une galerie en ligne. Con\u00e7ue en collaboration avec Artlogic, il s\u2019agissait de la seconde \u00e9dition digitale de la foire, apr\u00e8s le succ\u00e8s de celle du premier trimestre de l\u2019ann\u00e9e. L\u2019objectif de la plateforme en ligne (disponible entre le 21 et le 25 octobre) \u00e9tait de cr\u00e9er de nouvelles connexions entre les publics de la FIAC, les galeries du monde entier et les artistes repr\u00e9sent\u00e9s. Les espaces <\/span><i><span style=\"font-weight: 400;\">online<\/span><\/i><span style=\"font-weight: 400;\"> permettaient de d\u00e9couvrir les \u0153uvres dans leurs moindre d\u00e9tails via un puissant zoom et en les visualisant \u00e0 l\u2019\u00e9chelle. Il \u00e9tait \u00e9galement possible d<\/span><span style=\"font-weight: 400;\">\u2019entrer en contact avec les galeristes et d\u2019acc\u00e9der \u00e0 la Conversation Room en ligne. L\u2019exp\u00e9rience \u00e9tait totale car il y avait m\u00eame la possibilit\u00e9 d\u2019acqu\u00e9rir l&#8217;\u0153uvre en obtenant un prix global avec le prix de transport.<\/span><\/p>\n<p>&nbsp;<\/p>\n<p><span style=\"font-weight: 400;\">Cela a \u00e9t\u00e9 rendu possible gr\u00e2ce \u00e0 la startup de tech et de transport <\/span><strong><a href=\"https:\/\/www.convelio.com\/fr\/accueil\/\">Convelio<\/a><\/strong><span style=\"font-weight: 400;\">. <\/span><span style=\"font-weight: 400;\">La FIAC avait effectivement choisi d\u2019int\u00e9grer son Widget qui est une solution simplifi\u00e9e et innovante de l\u2019exp\u00e9rience du click-and-buy en ligne. En incluant tous les frais d\u2019exp\u00e9dition &#8211; de la collecte, \u00e0 la mise en caisse en passant par les douanes et la livraison finale -, les clients n\u2019ont plus qu\u2019\u00e0 choisir parmi les diff\u00e9rentes options d\u2019exp\u00e9dition pour obtenir leur devis instantan\u00e9, avant de r\u00e9server facilement leur commande sur la plateforme Convelio. De cette fa\u00e7on, les potentiels collectionneurs pouvaient avoir une id\u00e9e globale des frais que leurs achats occasionneraient et sauter plus facilement le pas. Il ne fait aucun doute que ce type d\u2019int\u00e9gration donnera plus de pouvoir aux acheteurs et aux vendeurs, tout en ouvrant la voie \u00e0 de nouvelles m\u00e9thodes de travail dans le monde de l\u2019art !<\/span><\/p>\n","protected":false},"excerpt":{"rendered":"Du 21 au 24 octobre, la FIAC a battu son plein au Grand Palais \u00c9ph\u00e9m\u00e8re faisant vibrer les parisiens d\u2019un jour et les parisiens de toujours. Apr\u00e8s son annulation en octobre dernier en raison de la pand\u00e9mie, la tr\u00e8s attendue 47\u00e8me \u00e9dition de la Foire Internationale d\u2019Art Contemporain a effectu\u00e9 un retour fracassant. Ni l\u2019ombre&#8230; <br><a class=\"readm\" href=\"https:\/\/www.sitem.fr\/en\/la-fiac-2021-depuis-le-grand-palais-ephemere-jusqua-lexposition-virtuelle\/\">Read more<\/a>","protected":false},"author":4735,"featured_media":34779,"comment_status":"closed","ping_status":"closed","sticky":false,"template":"","format":"standard","meta":{"_acf_changed":false,"footnotes":""},"categories":[1329,1,155],"tags":[1748,53,2104,2105,1113,2107,1483,2106],"class_list":["post-34781","post","type-post","status-publish","format-standard","has-post-thumbnail","hentry","category-equipement-conservation-gestion-des-collections-et-du-patrimoine","category-non-classifiee","category-transport-2","tag-convelio","tag-exposition","tag-fiac","tag-grand-palais-ephemere","tag-prestataire","tag-startup","tag-transport","tag-virtuelle"],"acf":[],"_links":{"self":[{"href":"https:\/\/www.sitem.fr\/en\/wp-json\/wp\/v2\/posts\/34781","targetHints":{"allow":["GET"]}}],"collection":[{"href":"https:\/\/www.sitem.fr\/en\/wp-json\/wp\/v2\/posts"}],"about":[{"href":"https:\/\/www.sitem.fr\/en\/wp-json\/wp\/v2\/types\/post"}],"author":[{"embeddable":true,"href":"https:\/\/www.sitem.fr\/en\/wp-json\/wp\/v2\/users\/4735"}],"replies":[{"embeddable":true,"href":"https:\/\/www.sitem.fr\/en\/wp-json\/wp\/v2\/comments?post=34781"}],"version-history":[{"count":4,"href":"https:\/\/www.sitem.fr\/en\/wp-json\/wp\/v2\/posts\/34781\/revisions"}],"predecessor-version":[{"id":34804,"href":"https:\/\/www.sitem.fr\/en\/wp-json\/wp\/v2\/posts\/34781\/revisions\/34804"}],"wp:featuredmedia":[{"embeddable":true,"href":"https:\/\/www.sitem.fr\/en\/wp-json\/wp\/v2\/media\/34779"}],"wp:attachment":[{"href":"https:\/\/www.sitem.fr\/en\/wp-json\/wp\/v2\/media?parent=34781"}],"wp:term":[{"taxonomy":"category","embeddable":true,"href":"https:\/\/www.sitem.fr\/en\/wp-json\/wp\/v2\/categories?post=34781"},{"taxonomy":"post_tag","embeddable":true,"href":"https:\/\/www.sitem.fr\/en\/wp-json\/wp\/v2\/tags?post=34781"}],"curies":[{"name":"wp","href":"https:\/\/api.w.org\/{rel}","templated":true}]}}