{"id":34977,"date":"2021-11-18T09:25:48","date_gmt":"2021-11-18T08:25:48","guid":{"rendered":"https:\/\/www.sitem.fr\/?p=34977"},"modified":"2021-11-18T11:29:27","modified_gmt":"2021-11-18T10:29:27","slug":"sound-4-museum-fait-sonner-notre-dame-lors-de-lexpo-universelle","status":"publish","type":"post","link":"https:\/\/www.sitem.fr\/en\/sound-4-museum-fait-sonner-notre-dame-lors-de-lexpo-universelle\/","title":{"rendered":"Sound 4 Museum fait sonner Notre Dame lors de l&#8217;Expo Universelle"},"content":{"rendered":"<p>Le Pavillon France de l\u2019Exposition universelle de Duba\u00ef accueille, du 1er octobre au 1er novembre 2021, \u00ab Notre-Dame de Paris, l\u2019Exp\u00e9rience \u00bb.<\/p>\n<p>L&#8217;exposition articule sc\u00e9nographie physique et r\u00e9alit\u00e9 augment\u00e9e. Elle retrace l&#8217;histoire de la cath\u00e9drale depuis sa construction jusqu&#8217;aux chantier de reconstruction d&#8217;aujourd&#8217;hui. <strong><a href=\"https:\/\/histovery.com\/works\/2021-07-30-%C2%AB-notre-dame-de-paris-l%E2%80%99exp%C3%A9rience-%C2%BB-pavillon-france-de-l%E2%80%99exposition-universelle-de-duba%C3%AF.html\">Histovery<\/a><\/strong> a r\u00e9alis\u00e9 la visite en r\u00e9alit\u00e9 augment\u00e9e. Cette pr\u00e9sentation \u00e0 Duba\u00ef pr\u00e9figure l\u2019Exposition Augment\u00e9e \u00ab Notre-Dame de Paris \u00bb qui aura lieu \u00e0 Paris au Coll\u00e8ge des Bernardins au printemps 2022..<\/p>\n<p>&nbsp;<\/p>\n<div id=\"attachment_34975\" style=\"width: 690px\" class=\"wp-caption aligncenter\"><img loading=\"lazy\" decoding=\"async\" aria-describedby=\"caption-attachment-34975\" class=\"wp-image-34975 size-medium\" src=\"https:\/\/www.sitem.fr\/wp-content\/uploads\/2021\/11\/1-preview-de-la-sc\u00e9nographie-de-l-expo-680x383.jpg\" alt=\"Preview de la sc\u00e9nographie de l'exposition - \u00aeHistovery\" width=\"680\" height=\"383\" srcset=\"https:\/\/www.sitem.fr\/wp-content\/uploads\/2021\/11\/1-preview-de-la-sc\u00e9nographie-de-l-expo-680x383.jpg 680w, https:\/\/www.sitem.fr\/wp-content\/uploads\/2021\/11\/1-preview-de-la-sc\u00e9nographie-de-l-expo-600x338.jpg 600w, https:\/\/www.sitem.fr\/wp-content\/uploads\/2021\/11\/1-preview-de-la-sc\u00e9nographie-de-l-expo-768x432.jpg 768w, https:\/\/www.sitem.fr\/wp-content\/uploads\/2021\/11\/1-preview-de-la-sc\u00e9nographie-de-l-expo.jpg 1000w\" sizes=\"auto, (max-width: 680px) 100vw, 680px\" \/><p id=\"caption-attachment-34975\" class=\"wp-caption-text\">Preview de la sc\u00e9nographie de l&#8217;exposition &#8211; \u00aeHistovery<\/p><\/div>\n<p>&nbsp;<\/p>\n<p>Dans le cadre de ce projet, la cr\u00e9ation des ambiances sonores qui accompagnent les restitutions \u00e0 360\u00b0 a \u00e9t\u00e9 confi\u00e9e \u00e0 <a href=\"https:\/\/www.sound4museum.com\"><strong>Sound 4 Museum<\/strong><\/a>.<\/p>\n<p>Six reconstitutions sonores, deux historiques et quatre contemporaines, ont \u00e9t\u00e9 produites pour illustrer les chantiers de construction (\u00e9poque m\u00e9di\u00e9vale), transformation (19e si\u00e8cle) et re-construction (2020) de Notre Dame de Paris. Chacune de ces ambiances permet d&#8217;identifier rapidement l&#8217;\u00e9poque de chacun des chantiers. Elles contextualisent et renforcent l&#8217;immersion dans la visite.<\/p>\n<p><a href=\"https:\/\/www.sound4museum.com\">https:\/\/www.sound4museum.com<\/a><\/p>\n","protected":false},"excerpt":{"rendered":"Le Pavillon France de l\u2019Exposition universelle de Duba\u00ef accueille, du 1er octobre au 1er novembre 2021, \u00ab Notre-Dame de Paris, l\u2019Exp\u00e9rience \u00bb. L&#8217;exposition articule sc\u00e9nographie physique et r\u00e9alit\u00e9 augment\u00e9e. Elle retrace l&#8217;histoire de la cath\u00e9drale depuis sa construction jusqu&#8217;aux chantier de reconstruction d&#8217;aujourd&#8217;hui. Histovery a r\u00e9alis\u00e9 la visite en r\u00e9alit\u00e9 augment\u00e9e. Cette pr\u00e9sentation \u00e0 Duba\u00ef&#8230; <br><a class=\"readm\" href=\"https:\/\/www.sitem.fr\/en\/sound-4-museum-fait-sonner-notre-dame-lors-de-lexpo-universelle\/\">Read more<\/a>","protected":false},"author":3760,"featured_media":34973,"comment_status":"closed","ping_status":"closed","sticky":false,"template":"","format":"standard","meta":{"_acf_changed":false,"footnotes":""},"categories":[1111,1672,845,154,1327],"tags":[2119,2117,1335,2116,680,1113,2118,119],"class_list":["post-34977","post","type-post","status-publish","format-standard","has-post-thumbnail","hentry","category-actualites-recentes","category-numerique","category-realite-augmentee","category-son-2","category-valorisation-et-etude-des-collections-museales-et-patrimoniales","tag-ambiances","tag-expo-universelle","tag-histovery","tag-lexperience","tag-notre-dame-de-paris","tag-prestataire","tag-reconstitutions-sonores","tag-sound-4-museum"],"acf":[],"_links":{"self":[{"href":"https:\/\/www.sitem.fr\/en\/wp-json\/wp\/v2\/posts\/34977","targetHints":{"allow":["GET"]}}],"collection":[{"href":"https:\/\/www.sitem.fr\/en\/wp-json\/wp\/v2\/posts"}],"about":[{"href":"https:\/\/www.sitem.fr\/en\/wp-json\/wp\/v2\/types\/post"}],"author":[{"embeddable":true,"href":"https:\/\/www.sitem.fr\/en\/wp-json\/wp\/v2\/users\/3760"}],"replies":[{"embeddable":true,"href":"https:\/\/www.sitem.fr\/en\/wp-json\/wp\/v2\/comments?post=34977"}],"version-history":[{"count":4,"href":"https:\/\/www.sitem.fr\/en\/wp-json\/wp\/v2\/posts\/34977\/revisions"}],"predecessor-version":[{"id":34987,"href":"https:\/\/www.sitem.fr\/en\/wp-json\/wp\/v2\/posts\/34977\/revisions\/34987"}],"wp:featuredmedia":[{"embeddable":true,"href":"https:\/\/www.sitem.fr\/en\/wp-json\/wp\/v2\/media\/34973"}],"wp:attachment":[{"href":"https:\/\/www.sitem.fr\/en\/wp-json\/wp\/v2\/media?parent=34977"}],"wp:term":[{"taxonomy":"category","embeddable":true,"href":"https:\/\/www.sitem.fr\/en\/wp-json\/wp\/v2\/categories?post=34977"},{"taxonomy":"post_tag","embeddable":true,"href":"https:\/\/www.sitem.fr\/en\/wp-json\/wp\/v2\/tags?post=34977"}],"curies":[{"name":"wp","href":"https:\/\/api.w.org\/{rel}","templated":true}]}}