{"id":35173,"date":"2021-12-06T17:39:53","date_gmt":"2021-12-06T16:39:53","guid":{"rendered":"https:\/\/www.sitem.fr\/?p=35173"},"modified":"2021-12-06T17:39:53","modified_gmt":"2021-12-06T16:39:53","slug":"kascen-lhabillage-graphique-dun-lieu-public-a-lesplanade-grognon-confluence-a-namur","status":"publish","type":"post","link":"https:\/\/www.sitem.fr\/en\/kascen-lhabillage-graphique-dun-lieu-public-a-lesplanade-grognon-confluence-a-namur\/","title":{"rendered":"Kascen : l&#8217;habillage graphique d\u2019un lieu public \u00e0 l&#8217;Esplanade Grognon-Confluence \u00e0 Namur"},"content":{"rendered":"<p>Kascen a con\u00e7u et r\u00e9alis\u00e9 l\u2019habillage graphique et sc\u00e9nographique de l\u2019Esplanade Grognon-Confluence \u00e0 Namur \u00e0 travers plusieurs dispositifs permettant une lecture vari\u00e9e du site.<\/p>\n<p>&nbsp;<\/p>\n<p>Les interventions ont pour but de valoriser les fouilles arch\u00e9ologiques qui ont eu lieu sur le site du Grognon et de les interpr\u00e9ter graphiquement. L\u2019\u00e9l\u00e9ment principal de ce projet est pr\u00e9sent\u00e9 \u00e0 travers une ligne du temps illustr\u00e9e qui prend la forme d\u2019un mur lumineux de 22 m\u00e8tres de long.<\/p>\n<p>Les espaces int\u00e9rieurs du parking souterrain Confluence mettent en sc\u00e8ne ces d\u00e9couvertes arch\u00e9ologiques gr\u00e2ce \u00e0 un habillage graphique et narratif des espaces de circulation et des ascenseurs.<\/p>\n<p>&nbsp;<\/p>\n<p>Des mod\u00e9lisations 3D du site \u00e0 trois \u00e9poques diff\u00e9rentes ont \u00e9t\u00e9 r\u00e9alis\u00e9es par <strong><a href=\"https:\/\/kascen.com\/\">Kascen<\/a><\/strong> sous la direction scientifique des arch\u00e9ologues de l\u2019<a href=\"https:\/\/agencewallonnedupatrimoine.be\/lagence-wallonne-du-patrimoine\/\"><strong>Association wallonne du patrimoine<\/strong><\/a> (AWAP). Elles seront les bases d\u2019une future visite en r\u00e9alit\u00e9 virtuelle propos\u00e9e dans le b\u00e2timent du NID.<\/p>\n<p>&nbsp;<\/p>\n<p>Enfin un mur interactif d\u00e9di\u00e9 \u00e0 la d\u00e9couverte du Parlement de Wallonie vient compl\u00e9ter l\u2019exp\u00e9rience de visite pour les promeneur.se.s namurois.e.s et les utilisateur.trice.s du parking.<\/p>\n<p>&nbsp;<\/p>\n<p><img loading=\"lazy\" decoding=\"async\" width=\"680\" height=\"430\" class=\"size-medium wp-image-35167 aligncenter\" src=\"https:\/\/www.sitem.fr\/wp-content\/uploads\/2021\/11\/21.11.24-kascen-namur1-680x430.jpg\" alt=\"Ligne du temps sous forme de mur lumineux r\u00e9tro-\u00e9clair\u00e9\" srcset=\"https:\/\/www.sitem.fr\/wp-content\/uploads\/2021\/11\/21.11.24-kascen-namur1-680x430.jpg 680w, https:\/\/www.sitem.fr\/wp-content\/uploads\/2021\/11\/21.11.24-kascen-namur1-600x380.jpg 600w, https:\/\/www.sitem.fr\/wp-content\/uploads\/2021\/11\/21.11.24-kascen-namur1-768x486.jpg 768w, https:\/\/www.sitem.fr\/wp-content\/uploads\/2021\/11\/21.11.24-kascen-namur1.jpg 1024w\" sizes=\"auto, (max-width: 680px) 100vw, 680px\" \/><\/p>\n","protected":false},"excerpt":{"rendered":"Kascen a con\u00e7u et r\u00e9alis\u00e9 l\u2019habillage graphique et sc\u00e9nographique de l\u2019Esplanade Grognon-Confluence \u00e0 Namur \u00e0 travers plusieurs dispositifs permettant une lecture vari\u00e9e du site. &nbsp; Les interventions ont pour but de valoriser les fouilles arch\u00e9ologiques qui ont eu lieu sur le site du Grognon et de les interpr\u00e9ter graphiquement. L\u2019\u00e9l\u00e9ment principal de ce projet est&#8230; <br><a class=\"readm\" href=\"https:\/\/www.sitem.fr\/en\/kascen-lhabillage-graphique-dun-lieu-public-a-lesplanade-grognon-confluence-a-namur\/\">Read more<\/a>","protected":false},"author":3780,"featured_media":35171,"comment_status":"closed","ping_status":"closed","sticky":false,"template":"","format":"standard","meta":{"_acf_changed":false,"footnotes":""},"categories":[1111,142,149,144,1325],"tags":[2179,2178,2176,2177,2174,31,2094,1113,2175],"class_list":["post-35173","post","type-post","status-publish","format-standard","has-post-thumbnail","hentry","category-actualites-recentes","category-agencement","category-interactivite-2","category-mobilier","category-museographie-scenographie-graphisme-signaletique","tag-awap","tag-decouvertes-archeologiques","tag-esplanade-grognon-confluence","tag-fouilles-archeologiques","tag-habillage","tag-kascen","tag-namur","tag-prestataire","tag-scenographique"],"acf":[],"_links":{"self":[{"href":"https:\/\/www.sitem.fr\/en\/wp-json\/wp\/v2\/posts\/35173","targetHints":{"allow":["GET"]}}],"collection":[{"href":"https:\/\/www.sitem.fr\/en\/wp-json\/wp\/v2\/posts"}],"about":[{"href":"https:\/\/www.sitem.fr\/en\/wp-json\/wp\/v2\/types\/post"}],"author":[{"embeddable":true,"href":"https:\/\/www.sitem.fr\/en\/wp-json\/wp\/v2\/users\/3780"}],"replies":[{"embeddable":true,"href":"https:\/\/www.sitem.fr\/en\/wp-json\/wp\/v2\/comments?post=35173"}],"version-history":[{"count":3,"href":"https:\/\/www.sitem.fr\/en\/wp-json\/wp\/v2\/posts\/35173\/revisions"}],"predecessor-version":[{"id":35318,"href":"https:\/\/www.sitem.fr\/en\/wp-json\/wp\/v2\/posts\/35173\/revisions\/35318"}],"wp:featuredmedia":[{"embeddable":true,"href":"https:\/\/www.sitem.fr\/en\/wp-json\/wp\/v2\/media\/35171"}],"wp:attachment":[{"href":"https:\/\/www.sitem.fr\/en\/wp-json\/wp\/v2\/media?parent=35173"}],"wp:term":[{"taxonomy":"category","embeddable":true,"href":"https:\/\/www.sitem.fr\/en\/wp-json\/wp\/v2\/categories?post=35173"},{"taxonomy":"post_tag","embeddable":true,"href":"https:\/\/www.sitem.fr\/en\/wp-json\/wp\/v2\/tags?post=35173"}],"curies":[{"name":"wp","href":"https:\/\/api.w.org\/{rel}","templated":true}]}}