{"id":35204,"date":"2021-12-02T17:15:51","date_gmt":"2021-12-02T16:15:51","guid":{"rendered":"https:\/\/www.sitem.fr\/?p=35204"},"modified":"2021-12-10T09:24:10","modified_gmt":"2021-12-10T08:24:10","slug":"esquisse-du-futur-du-marche-de-lart-avec-the-art-market-day","status":"publish","type":"post","link":"https:\/\/www.sitem.fr\/en\/esquisse-du-futur-du-marche-de-lart-avec-the-art-market-day\/","title":{"rendered":"Esquisse du futur du march\u00e9 de l\u2019art avec The Art Market Day"},"content":{"rendered":"<p><strong><a href=\"https:\/\/www.lequotidiendelart.com\/\"><em>L<\/em><i><em>e<\/em> Quotidien de l&#8217;Art<\/i><\/a><\/strong><span style=\"font-weight: 400;\"> organisait le 16 novembre 2021 la troisi\u00e8me \u00e9dition de <\/span><i><span style=\"font-weight: 400;\"><strong><a href=\"https:\/\/www.lequotidiendelart.com\/the-art-market-day\/2021\/fr\">The Art Market Day<\/a><\/strong>.<\/span><\/i><span style=\"font-weight: 400;\"> Cette journ\u00e9e de conf\u00e9rences avec les acteurs et d\u00e9cideurs du march\u00e9 de l&#8217;art se tenait au c\u0153ur de Paris, au Centre Pompidou. <\/span><\/p>\n<p><span style=\"font-weight: 400;\">Foires, maisons de ventes aux ench\u00e8res, galeries, assureurs, mais aussi transporteurs comme <\/span><strong><a href=\"https:\/\/www.convelio.com\/fr\/accueil\/\">Convelio<\/a><\/strong><span style=\"font-weight: 400;\">, \u00e9taient pr\u00e9sents pour exposer leur vision du march\u00e9 et anticiper ses futures transformations. Dans des \u00e9changes enrichissants sous la forme de tables rondes et keynotes, les participants pouvaient partager leurs connaissances et envisager l&#8217;avenir ensemble.<\/span><\/p>\n<p>&nbsp;<\/p>\n<p><span style=\"font-weight: 400;\">Les \u00e9changes ont d\u00e9but\u00e9 avec une table ronde sur la multiplication des canaux de vente du physique au metaverse o\u00f9 l\u2019importance des grandes foires \u00e0 montrer l\u2019exemple a \u00e9t\u00e9 point\u00e9e du doigt, notamment pour l\u2019innovation et la digitalisation du march\u00e9 de l\u2019art. S\u2019en est suivi des conseils sur les bonnes pratiques \u00e0 adopter et pi\u00e8ges \u00e0 \u00e9viter vis-\u00e0-vis des NFTs.<\/span><\/p>\n<p><span style=\"font-weight: 400;\"><br \/>\n<\/span><span style=\"font-weight: 400;\">L\u2019apr\u00e8s-midi s\u2019est ensuite divis\u00e9e en trois grandes th\u00e9matiques. La premi\u00e8re se d\u00e9veloppait autour des acheteurs asiatiques en se questionnant sur leur importance grandissante et sur les clich\u00e9s auxquels ils font face. La seconde th\u00e9matique, quant \u00e0 elle, s\u2019int\u00e9ressait \u00e0 la r\u00e9duction de l\u2019impact \u00e9cologique du march\u00e9 de l\u2019art. Enfin, le dernier sujet abord\u00e9 portait sur l\u2019envol\u00e9e des prix &#8211; justifi\u00e9e ou non &#8211; du march\u00e9 africain.\u00a0\u00a0<\/span><\/p>\n<p>&nbsp;<\/p>\n<p><span style=\"font-weight: 400;\">Sujet sensible apr\u00e8s la COP26 et prise de position attendue en tant que soci\u00e9t\u00e9 de transport, Convelio a pris la parole sur son engagement pour l\u2019environnement. Apr\u00e8s avoir cr\u00e9\u00e9 un d\u00e9partement consacr\u00e9 au d\u00e9veloppement durable, Convelio devait faire son propre bilan. Devant un parterre de 350 personnes, la startup expliquait que le secteur du transport participait \u00e0 hauteur de 16% des \u00e9missions carbone dans le monde et qu\u2019il convenait de suivre certaines \u00e9tapes pour en r\u00e9duire l\u2019empreinte environnementale : <\/span><span style=\"font-weight: 400;\"><br \/>\n<\/span><span style=\"font-weight: 400;\">1. Prendre conscience de son propre impact <\/span><span style=\"font-weight: 400;\"><br \/>\n<\/span><span style=\"font-weight: 400;\">2. Mesurer et tracer ses \u00e9missions &#8211; via la calculatrice de l\u2019organisation caritative <\/span><strong><a href=\"https:\/\/galleryclimatecoalition.org\/\">Gallery Climate Coalition<\/a><\/strong><span style=\"font-weight: 400;\"> par exemple<\/span><span style=\"font-weight: 400;\"><br \/>\n<\/span><span style=\"font-weight: 400;\">3. Choisir ses objectifs et prendre les mesures n\u00e9cessaires pour les atteindre\u00a0<\/span><\/p>\n<p>&nbsp;<\/p>\n<p><span style=\"font-weight: 400;\">Pour vous accompagner sur ce chemin plus vert, vous trouverez <\/span><strong><a href=\"https:\/\/www.convelio.com\/fr\/blog\/blogpost\/developper-sa-strategie-de-developpement-durable-the-art-market-day-2021\/\">ici<\/a><\/strong><span style=\"font-weight: 400;\"> une liste non exhaustive des organisations actives sp\u00e9cifiques au monde de l\u2019art et vous pourrez suivre l\u2019\u00e9volution de Convelio vers le concept \u201cnet z\u00e9ro\u201d en vous abonnant \u00e0 leur newsletter et r\u00e9seaux sociaux. Aujourd\u2019hui, les programmes de durabilit\u00e9 ne sont plus un simple \u201cbonus\u201d, ils sont essentiels aux entreprises pour trouver de meilleures pratiques et ainsi esquisser le march\u00e9 de l\u2019art de demain. <\/span><\/p>\n","protected":false},"excerpt":{"rendered":"Le Quotidien de l&#8217;Art organisait le 16 novembre 2021 la troisi\u00e8me \u00e9dition de The Art Market Day. Cette journ\u00e9e de conf\u00e9rences avec les acteurs et d\u00e9cideurs du march\u00e9 de l&#8217;art se tenait au c\u0153ur de Paris, au Centre Pompidou. Foires, maisons de ventes aux ench\u00e8res, galeries, assureurs, mais aussi transporteurs comme Convelio, \u00e9taient pr\u00e9sents pour&#8230; <br><a class=\"readm\" href=\"https:\/\/www.sitem.fr\/en\/esquisse-du-futur-du-marche-de-lart-avec-the-art-market-day\/\">Read more<\/a>","protected":false},"author":4735,"featured_media":35202,"comment_status":"closed","ping_status":"closed","sticky":false,"template":"","format":"standard","meta":{"_acf_changed":false,"footnotes":""},"categories":[1111,1329,320,155],"tags":[2169,2171,947,2172,2168,2173,1113,2167,1483,2170],"class_list":["post-35204","post","type-post","status-publish","format-standard","has-post-thumbnail","hentry","category-actualites-recentes","category-equipement-conservation-gestion-des-collections-et-du-patrimoine","category-evenement-culturel","category-transport-2","tag-conferences","tag-engagement","tag-environnement","tag-gallery-climate-coalition","tag-le-quotidien-de-lart","tag-objectifs","tag-prestataire","tag-the-art-market-day","tag-transport","tag-ventes-aux-enchere"],"acf":[],"_links":{"self":[{"href":"https:\/\/www.sitem.fr\/en\/wp-json\/wp\/v2\/posts\/35204","targetHints":{"allow":["GET"]}}],"collection":[{"href":"https:\/\/www.sitem.fr\/en\/wp-json\/wp\/v2\/posts"}],"about":[{"href":"https:\/\/www.sitem.fr\/en\/wp-json\/wp\/v2\/types\/post"}],"author":[{"embeddable":true,"href":"https:\/\/www.sitem.fr\/en\/wp-json\/wp\/v2\/users\/4735"}],"replies":[{"embeddable":true,"href":"https:\/\/www.sitem.fr\/en\/wp-json\/wp\/v2\/comments?post=35204"}],"version-history":[{"count":5,"href":"https:\/\/www.sitem.fr\/en\/wp-json\/wp\/v2\/posts\/35204\/revisions"}],"predecessor-version":[{"id":35345,"href":"https:\/\/www.sitem.fr\/en\/wp-json\/wp\/v2\/posts\/35204\/revisions\/35345"}],"wp:featuredmedia":[{"embeddable":true,"href":"https:\/\/www.sitem.fr\/en\/wp-json\/wp\/v2\/media\/35202"}],"wp:attachment":[{"href":"https:\/\/www.sitem.fr\/en\/wp-json\/wp\/v2\/media?parent=35204"}],"wp:term":[{"taxonomy":"category","embeddable":true,"href":"https:\/\/www.sitem.fr\/en\/wp-json\/wp\/v2\/categories?post=35204"},{"taxonomy":"post_tag","embeddable":true,"href":"https:\/\/www.sitem.fr\/en\/wp-json\/wp\/v2\/tags?post=35204"}],"curies":[{"name":"wp","href":"https:\/\/api.w.org\/{rel}","templated":true}]}}