{"id":35391,"date":"2021-12-20T09:51:49","date_gmt":"2021-12-20T08:51:49","guid":{"rendered":"https:\/\/www.sitem.fr\/?p=35391"},"modified":"2021-12-20T09:51:49","modified_gmt":"2021-12-20T08:51:49","slug":"un-nouveau-rapport-a-loeuvre-et-au-temps-musair-au-musee-des-beaux-arts-darras","status":"publish","type":"post","link":"https:\/\/www.sitem.fr\/en\/un-nouveau-rapport-a-loeuvre-et-au-temps-musair-au-musee-des-beaux-arts-darras\/","title":{"rendered":"Un nouveau rapport \u00e0 l\u2019\u0153uvre et au temps : Musair au Mus\u00e9e des Beaux-Arts d&#8217;Arras"},"content":{"rendered":"<p>Le Mus\u00e9e des Beaux-Arts d\u2019Arras a fait le choix de l\u2019innovation \u00e9motionnelle en confiant \u00e0 Musair, startup n\u00e9e dans les Hauts de France, la narration sonore de 7 chefs d\u2019\u0153uvre de ses collections.<\/p>\n<p>&nbsp;<\/p>\n<p>Musair guide le regard du visiteur \u00e0 la voix et l\u2019invite \u00e0 plonger dans chacune des \u0153uvres gr\u00e2ce \u00e0 un r\u00e9cit immersif contemporain, mobilisant les sens, les \u00e9vocations et les \u00e9motions.<\/p>\n<p>L\u2019innovation, li\u00e9e \u00e0 l\u2019\u00e9criture de Musair, se situe dans le point de vue r\u00e9solument actuel adopt\u00e9 pour rapprocher le regardeur du sujet des \u0153uvres dont les r\u00e9f\u00e9rences, religieuses, mythologiques ou historiques, sont souvent peu accessibles.<\/p>\n<p>&nbsp;<\/p>\n<p>Ainsi, <em>La Mort des enfants de B\u00e9thel<\/em>, chef d\u2019\u0153uvre de Laurent de La Hyre est abord\u00e9e comme une plage d\u00e9cim\u00e9e par la vague d\u2019un tsunami ; le <em>Saint Fran\u00e7ois d&#8217;Assise recevant les stigmates<\/em> de Rubens comme une m\u00e9tamorphose spectaculaire de super h\u00e9ros ; la <em>Mort de Caton d\u2019Utique<\/em> de Charles Lebrun, comme un rapport de m\u00e9decin l\u00e9giste, posant la question philosophique du droit \u00e0 mourir\u2026 Autant d\u2019\u0153uvres, autant d\u2019exp\u00e9riences in\u00e9dites pour les d\u00e9couvrir.<\/p>\n<p>Parmi les 7 \u0153uvres de ce parcours, l\u2019une a \u00e9t\u00e9 co-\u00e9crite avec une dizaine d\u2019habitants de la ville. Musair a anim\u00e9 en mode Fab-Lab 2 <a href=\"https:\/\/www.sitem.fr\/creer-avec-le-public-et-avec-le-coeur-les-ateliers-de-musair\/\"><strong>ateliers d\u2019\u00e9criture<\/strong><\/a> et sc\u00e9narisation de l\u2019\u0153uvre,\u00a0 prouvant que les ressources de la contemplation artistique sont en chacun de nous. Pour Musair, nos sens, nos souvenirs, nos \u00e9motions contemporaines sont une in\u00e9puisable ressource de contemplation des \u0153uvres, m\u00eame sans poss\u00e9der de connaissances en histoire de l\u2019art\u00a0! L\u2019application Musair propose aux visiteurs du mus\u00e9e un moment de contemplation intime, sensoriel, \u00e9mouvant et apaisant. Un moment qui invite aussi \u00e0 penser l\u2019art comme un ressourcement dans nos vies contemporaines.<\/p>\n<p>&nbsp;<\/p>\n<p>Cette exp\u00e9rience sonore gratuite est accessible sur smartphone par Internet ou le wifi du mus\u00e9e, en 1 clic, sans t\u00e9l\u00e9chargement. Elle se d\u00e9couvre id\u00e9alement au mus\u00e9e mais aussi \u00e0 distance (<strong><a href=\"https:\/\/mbaarras.musair.fr\">https:\/\/mbaarras.musair.fr<\/a> <\/strong>).<\/p>\n<p>&nbsp;<\/p>\n<p>Le projet r\u00e9alis\u00e9 au Mus\u00e9e des Beaux-Arts d\u2019Arras a \u00e9t\u00e9 soutenu par la DRAC Hauts de France au titre des dispositifs num\u00e9riques innovants.`<\/p>\n","protected":false},"excerpt":{"rendered":"Le Mus\u00e9e des Beaux-Arts d\u2019Arras a fait le choix de l\u2019innovation \u00e9motionnelle en confiant \u00e0 Musair, startup n\u00e9e dans les Hauts de France, la narration sonore de 7 chefs d\u2019\u0153uvre de ses collections. &nbsp; Musair guide le regard du visiteur \u00e0 la voix et l\u2019invite \u00e0 plonger dans chacune des \u0153uvres gr\u00e2ce \u00e0 un r\u00e9cit&#8230; <br><a class=\"readm\" href=\"https:\/\/www.sitem.fr\/en\/un-nouveau-rapport-a-loeuvre-et-au-temps-musair-au-musee-des-beaux-arts-darras\/\">Read more<\/a>","protected":false},"author":4809,"featured_media":35389,"comment_status":"closed","ping_status":"closed","sticky":false,"template":"","format":"standard","meta":{"_acf_changed":false,"footnotes":""},"categories":[1,1034,154,1327],"tags":[2196,2198,2032,2029,2146,1684,1113,2197,2107,2195],"class_list":["post-35391","post","type-post","status-publish","format-standard","has-post-thumbnail","hentry","category-non-classifiee","category-oeuvres","category-son-2","category-valorisation-et-etude-des-collections-museales-et-patrimoniales","tag-ateliers-decriture","tag-drac","tag-immersif","tag-musair","tag-musee-des-beaux-arts-darras","tag-numeriques","tag-prestataire","tag-scenarisation","tag-startup","tag-voix"],"acf":[],"_links":{"self":[{"href":"https:\/\/www.sitem.fr\/en\/wp-json\/wp\/v2\/posts\/35391","targetHints":{"allow":["GET"]}}],"collection":[{"href":"https:\/\/www.sitem.fr\/en\/wp-json\/wp\/v2\/posts"}],"about":[{"href":"https:\/\/www.sitem.fr\/en\/wp-json\/wp\/v2\/types\/post"}],"author":[{"embeddable":true,"href":"https:\/\/www.sitem.fr\/en\/wp-json\/wp\/v2\/users\/4809"}],"replies":[{"embeddable":true,"href":"https:\/\/www.sitem.fr\/en\/wp-json\/wp\/v2\/comments?post=35391"}],"version-history":[{"count":5,"href":"https:\/\/www.sitem.fr\/en\/wp-json\/wp\/v2\/posts\/35391\/revisions"}],"predecessor-version":[{"id":35493,"href":"https:\/\/www.sitem.fr\/en\/wp-json\/wp\/v2\/posts\/35391\/revisions\/35493"}],"wp:featuredmedia":[{"embeddable":true,"href":"https:\/\/www.sitem.fr\/en\/wp-json\/wp\/v2\/media\/35389"}],"wp:attachment":[{"href":"https:\/\/www.sitem.fr\/en\/wp-json\/wp\/v2\/media?parent=35391"}],"wp:term":[{"taxonomy":"category","embeddable":true,"href":"https:\/\/www.sitem.fr\/en\/wp-json\/wp\/v2\/categories?post=35391"},{"taxonomy":"post_tag","embeddable":true,"href":"https:\/\/www.sitem.fr\/en\/wp-json\/wp\/v2\/tags?post=35391"}],"curies":[{"name":"wp","href":"https:\/\/api.w.org\/{rel}","templated":true}]}}