{"id":3548,"date":"2014-06-27T11:26:38","date_gmt":"2014-06-27T09:26:38","guid":{"rendered":"https:\/\/www.sitem.fr\/?p=3548"},"modified":"2015-02-13T12:35:58","modified_gmt":"2015-02-13T11:35:58","slug":"clap35-spectacle-multimedia-citadelle-besancon","status":"publish","type":"post","link":"https:\/\/www.sitem.fr\/en\/clap35-spectacle-multimedia-citadelle-besancon\/","title":{"rendered":"Clap35 cr\u00e9e un spectacle multim\u00e9dia immersif \u00e0 la Citadelle de Besan\u00e7on."},"content":{"rendered":"<p>Ce spectacle multim\u00e9dia permet de d\u00e9couvrir les moments forts qui ont marqu\u00e9 l&#8217;histoire de Besan\u00e7on et de son embl\u00e9matique monument. Le spectacle, qui prend place dans\u00a0la chapelle Saint-\u00c9tienne au c\u0153ur de la Citadelle, est con\u00e7u comme une gigantesque fresque historique destin\u00e9e \u00e0 plonger les spectateurs au centre de l&#8217;histoire.<\/p>\n<p><a href=\"https:\/\/www.sitem.fr\/wp-content\/uploads\/2014\/06\/Citadelle-Besancon.jpg\"><img loading=\"lazy\" decoding=\"async\" class=\"aligncenter wp-image-3550 size-full\" src=\"https:\/\/www.sitem.fr\/wp-content\/uploads\/2014\/06\/Citadelle-Besancon.jpg\" alt=\"Citadelle-Besancon\" width=\"550\" height=\"363\" srcset=\"https:\/\/www.sitem.fr\/wp-content\/uploads\/2014\/06\/Citadelle-Besancon.jpg 550w, https:\/\/www.sitem.fr\/wp-content\/uploads\/2014\/06\/Citadelle-Besancon-300x197.jpg 300w\" sizes=\"auto, (max-width: 550px) 100vw, 550px\" \/><\/a><\/p>\n<p>La nef, le ch\u0153ur et la vo\u00fbte deviennent d&#8217;immenses surfaces de projection destin\u00e9es \u00e0 immerger le visiteur dans un espace inattendu qui l\u2019enveloppe et va le transporter dans le temps et l\u2019espace.<\/p>\n<div id=\"attachment_3551\" style=\"width: 560px\" class=\"wp-caption aligncenter\"><a href=\"https:\/\/www.sitem.fr\/wp-content\/uploads\/2014\/06\/Clap35_spectacle-Chapelle-Citadelle-Besancon-1.jpg\"><img loading=\"lazy\" decoding=\"async\" aria-describedby=\"caption-attachment-3551\" class=\"wp-image-3551 size-full\" src=\"https:\/\/www.sitem.fr\/wp-content\/uploads\/2014\/06\/Clap35_spectacle-Chapelle-Citadelle-Besancon-1.jpg\" alt=\"\u00a9 Clap35\" width=\"550\" height=\"426\" srcset=\"https:\/\/www.sitem.fr\/wp-content\/uploads\/2014\/06\/Clap35_spectacle-Chapelle-Citadelle-Besancon-1.jpg 550w, https:\/\/www.sitem.fr\/wp-content\/uploads\/2014\/06\/Clap35_spectacle-Chapelle-Citadelle-Besancon-1-300x232.jpg 300w\" sizes=\"auto, (max-width: 550px) 100vw, 550px\" \/><\/a><p id=\"caption-attachment-3551\" class=\"wp-caption-text\">\u00a9 Clap35<\/p><\/div>\n<p>Clap35, soci\u00e9t\u00e9 de production audiovisuelle et multim\u00e9dia sp\u00e9cialis\u00e9e en mus\u00e9ographie, a r\u00e9alis\u00e9 ce spectacle d&#8217;une dur\u00e9e de 15 minutes o\u00f9 s&#8217;entrem\u00ealent diverses techniques de traitement de l&#8217;image comme les reconstitutions 3D, les animations d&#8217;images d&#8217;archives et les tournages.<\/p>\n<div id=\"attachment_3552\" style=\"width: 560px\" class=\"wp-caption aligncenter\"><a href=\"https:\/\/www.sitem.fr\/wp-content\/uploads\/2014\/06\/Clap35_spectacle-Chapelle-Citadelle-Besancon-2.jpg\"><img loading=\"lazy\" decoding=\"async\" aria-describedby=\"caption-attachment-3552\" class=\"wp-image-3552 size-full\" src=\"https:\/\/www.sitem.fr\/wp-content\/uploads\/2014\/06\/Clap35_spectacle-Chapelle-Citadelle-Besancon-2.jpg\" alt=\"\u00a9 Clap35\" width=\"550\" height=\"427\" srcset=\"https:\/\/www.sitem.fr\/wp-content\/uploads\/2014\/06\/Clap35_spectacle-Chapelle-Citadelle-Besancon-2.jpg 550w, https:\/\/www.sitem.fr\/wp-content\/uploads\/2014\/06\/Clap35_spectacle-Chapelle-Citadelle-Besancon-2-300x232.jpg 300w\" sizes=\"auto, (max-width: 550px) 100vw, 550px\" \/><\/a><p id=\"caption-attachment-3552\" class=\"wp-caption-text\">\u00a9 Clap35<\/p><\/div>\n<p>Le visiteur voyage ainsi \u00e0 travers le temps, depuis l\u2019\u00e9poque Romaine jusqu\u2019\u00e0 l\u2019inscription du site au patrimoine mondial de l&#8217;UNESCO, en passant par le r\u00e8gne de Louis XIV et les heures de gloire de Vauban.<\/p>\n<p>Lien vers la bande-annonce du spectacle\u00a0: <a href=\"https:\/\/vimeo.com\/97511782\" target=\"_blank\">https:\/\/vimeo.com\/97511782<\/a><\/p>\n<p>Ma\u00eetrise d&#8217;ouvrage : \u00c9tablissement Public Citadelle de Besan\u00e7on <a href=\"http:\/\/www.citadelle.com\/fr\/\" target=\"_blank\">www.citadelle.com\/fr<\/a><br \/>\nProduction ex\u00e9cutive\u00a0: Clap35 <a href=\"http:\/\/www.clap35.com\/com\/\" target=\"_blank\">www.clap35.com\/fr<\/a><br \/>\nR\u00e9alisation : Jean-Pierre Fran\u00e7ois &amp; Eric Adelheim, Clap35.<\/p>\n<p><strong>Consultez la Fiche Annuaire de CLAP35 : <\/strong><br \/>\n<a href=\"http:\/\/www.museumexperts.com\/annuaire\/prestataire\/2241\" target=\"_blank\">www.museumexperts.com\/annuaire\/prestataire\/2241<\/a><\/p>\n","protected":false},"excerpt":{"rendered":"Ce spectacle multim\u00e9dia permet de d\u00e9couvrir les moments forts qui ont marqu\u00e9 l&#8217;histoire de Besan\u00e7on et de son embl\u00e9matique monument. Le spectacle, qui prend place dans\u00a0la chapelle Saint-\u00c9tienne au c\u0153ur de la Citadelle, est con\u00e7u comme une gigantesque fresque historique destin\u00e9e \u00e0 plonger les spectateurs au centre de l&#8217;histoire. La nef, le ch\u0153ur et la&#8230; <br><a class=\"readm\" href=\"https:\/\/www.sitem.fr\/en\/clap35-spectacle-multimedia-citadelle-besancon\/\">Read more<\/a>","protected":false},"author":2,"featured_media":3551,"comment_status":"open","ping_status":"open","sticky":false,"template":"","format":"standard","meta":{"_acf_changed":false,"footnotes":""},"categories":[137],"tags":[242],"class_list":["post-3548","post","type-post","status-publish","format-standard","has-post-thumbnail","hentry","category-audiovisuel-multimedia","tag-clap35"],"acf":[],"_links":{"self":[{"href":"https:\/\/www.sitem.fr\/en\/wp-json\/wp\/v2\/posts\/3548","targetHints":{"allow":["GET"]}}],"collection":[{"href":"https:\/\/www.sitem.fr\/en\/wp-json\/wp\/v2\/posts"}],"about":[{"href":"https:\/\/www.sitem.fr\/en\/wp-json\/wp\/v2\/types\/post"}],"author":[{"embeddable":true,"href":"https:\/\/www.sitem.fr\/en\/wp-json\/wp\/v2\/users\/2"}],"replies":[{"embeddable":true,"href":"https:\/\/www.sitem.fr\/en\/wp-json\/wp\/v2\/comments?post=3548"}],"version-history":[{"count":7,"href":"https:\/\/www.sitem.fr\/en\/wp-json\/wp\/v2\/posts\/3548\/revisions"}],"predecessor-version":[{"id":4654,"href":"https:\/\/www.sitem.fr\/en\/wp-json\/wp\/v2\/posts\/3548\/revisions\/4654"}],"wp:featuredmedia":[{"embeddable":true,"href":"https:\/\/www.sitem.fr\/en\/wp-json\/wp\/v2\/media\/3551"}],"wp:attachment":[{"href":"https:\/\/www.sitem.fr\/en\/wp-json\/wp\/v2\/media?parent=3548"}],"wp:term":[{"taxonomy":"category","embeddable":true,"href":"https:\/\/www.sitem.fr\/en\/wp-json\/wp\/v2\/categories?post=3548"},{"taxonomy":"post_tag","embeddable":true,"href":"https:\/\/www.sitem.fr\/en\/wp-json\/wp\/v2\/tags?post=3548"}],"curies":[{"name":"wp","href":"https:\/\/api.w.org\/{rel}","templated":true}]}}