{"id":35506,"date":"2021-12-20T16:59:48","date_gmt":"2021-12-20T15:59:48","guid":{"rendered":"https:\/\/www.sitem.fr\/?p=35506"},"modified":"2021-12-20T16:59:48","modified_gmt":"2021-12-20T15:59:48","slug":"un-nouveau-parcours-olfactif-par-iris-morphee-pour-cirque-et-saltimbanques-et-la-rmm-rouen-normandie","status":"publish","type":"post","link":"https:\/\/www.sitem.fr\/en\/un-nouveau-parcours-olfactif-par-iris-morphee-pour-cirque-et-saltimbanques-et-la-rmm-rouen-normandie\/","title":{"rendered":"Un nouveau parcours olfactif par Iris &#038; Morph\u00e9e,  pour \u00ab Cirque et Saltimbanques \u00bb et la RMM Rouen Normandie"},"content":{"rendered":"<p><span class=\"tm5\"><a href=\"https:\/\/musees-rouen-normandie.fr\/fr\"><strong>La R\u00e9union des Mus\u00e9es M\u00e9tropolitains de Rouen<\/strong><\/a> a confi\u00e9 \u00e0 Iris et Morph\u00e9e le d\u00e9veloppement de dispositifs de m\u00e9diation immersive, par l&#8217;odorat, <\/span><span class=\"tm5\">dans le cadre de la 9e \u00e9dition du &#8220;Temps des Collections&#8221;, sur le th\u00e8me Cirque et Saltimbanques.\u00a0<\/span><\/p>\n<p>&nbsp;<\/p>\n<p class=\"Normal\"><span class=\"tm5\">Au coeur des expositions, des parcours enfants et familles proposent des manipulations. <\/span><span class=\"tm5\">Iris &amp; Morph\u00e9e a mis \u00e0 disposition des galets olfactifs, permettant aux visiteurs de retrouver les odeurs du cirque.<\/span><\/p>\n<p>Des dispositifs ludiques et des odeurs li\u00e9es \u00e0 l\u2019enfance, qui sollicitent la m\u00e9moire olfactive des petits comme des grands\u00a0\u00a0: Carole Calvez a cr\u00e9\u00e9 des odeurs de popcorn, barbe \u00e0 papa, cheval, fauves ou encore maquillage de clown.<\/p>\n<p>&nbsp;<\/p>\n<p class=\"Normal\"><span class=\"tm5\">Le Mus\u00e9e Beauvoisine, qui accueille<\/span><span class=\"tm6\"> une exposition sur des estampes circassiennes des \u00e8res Edo et Meiji, a choisi d&#8217;exposer des odeurs de fleur de cerisier et de pav\u00e9 mouill\u00e9, pour transporter le public au Japon.\u00a0<\/span><\/p>\n<p>&nbsp;<\/p>\n<p class=\"Normal\"><img loading=\"lazy\" decoding=\"async\" width=\"680\" height=\"340\" class=\"size-medium wp-image-35502 aligncenter\" src=\"https:\/\/www.sitem.fr\/wp-content\/uploads\/2021\/12\/Parade-pompiers-680x340.jpg\" alt=\"\" srcset=\"https:\/\/www.sitem.fr\/wp-content\/uploads\/2021\/12\/Parade-pompiers-680x340.jpg 680w, https:\/\/www.sitem.fr\/wp-content\/uploads\/2021\/12\/Parade-pompiers-600x300.jpg 600w, https:\/\/www.sitem.fr\/wp-content\/uploads\/2021\/12\/Parade-pompiers-768x384.jpg 768w, https:\/\/www.sitem.fr\/wp-content\/uploads\/2021\/12\/Parade-pompiers.jpg 1065w\" sizes=\"auto, (max-width: 680px) 100vw, 680px\" \/><\/p>\n<p>&nbsp;<\/p>\n<p>&nbsp;<\/p>\n<p><strong><a href=\"https:\/\/mbarouen.fr\/fr\/expositions\/cirque-et-saltimbanques-aux-arts-et-au-cirque\"><span class=\"tm5\">https:\/\/mbarouen.fr\/fr\/expositions\/cirque-et-saltimbanques-aux-arts-et-au-cirque<\/span><\/a><\/strong><\/p>\n<p class=\"Normal\"><span class=\"tm5\">Saison Cirque et Saltimbanques, <\/span><span class=\"tm5\">10 d\u00e9cembre 2021 \u2013 17 avril 2022<br \/>\n<\/span><span class=\"tm5\">Mus\u00e9es des Beaux-Arts &#8211; Rouen<br \/>\n<\/span><span class=\"tm5\">Mus\u00e9e industriel de la Corderie Vallois \u2013 Notre-Dame de Bondeville<br \/>\n<\/span><span class=\"tm5\">Fabrique des Savoirs &#8211; Elbeuf<\/span><\/p>\n","protected":false},"excerpt":{"rendered":"La R\u00e9union des Mus\u00e9es M\u00e9tropolitains de Rouen a confi\u00e9 \u00e0 Iris et Morph\u00e9e le d\u00e9veloppement de dispositifs de m\u00e9diation immersive, par l&#8217;odorat, dans le cadre de la 9e \u00e9dition du &#8220;Temps des Collections&#8221;, sur le th\u00e8me Cirque et Saltimbanques.\u00a0 &nbsp; Au coeur des expositions, des parcours enfants et familles proposent des manipulations. Iris &amp; Morph\u00e9e&#8230; <br><a class=\"readm\" href=\"https:\/\/www.sitem.fr\/en\/un-nouveau-parcours-olfactif-par-iris-morphee-pour-cirque-et-saltimbanques-et-la-rmm-rouen-normandie\/\">Read more<\/a>","protected":false},"author":4435,"featured_media":35510,"comment_status":"closed","ping_status":"closed","sticky":false,"template":"","format":"standard","meta":{"_acf_changed":false,"footnotes":""},"categories":[1111,367,1327],"tags":[915,1688,2163,2210,46,1956,2209,775,1113],"class_list":["post-35506","post","type-post","status-publish","format-standard","has-post-thumbnail","hentry","category-actualites-recentes","category-parcours-dinterpretation","category-valorisation-et-etude-des-collections-museales-et-patrimoniales","tag-expositions","tag-immersive","tag-iris-morphee","tag-la-reunion-des-musees-metropolitains-de-rouen","tag-mediation","tag-odeurs","tag-olfactif","tag-parcours","tag-prestataire"],"acf":[],"_links":{"self":[{"href":"https:\/\/www.sitem.fr\/en\/wp-json\/wp\/v2\/posts\/35506","targetHints":{"allow":["GET"]}}],"collection":[{"href":"https:\/\/www.sitem.fr\/en\/wp-json\/wp\/v2\/posts"}],"about":[{"href":"https:\/\/www.sitem.fr\/en\/wp-json\/wp\/v2\/types\/post"}],"author":[{"embeddable":true,"href":"https:\/\/www.sitem.fr\/en\/wp-json\/wp\/v2\/users\/4435"}],"replies":[{"embeddable":true,"href":"https:\/\/www.sitem.fr\/en\/wp-json\/wp\/v2\/comments?post=35506"}],"version-history":[{"count":7,"href":"https:\/\/www.sitem.fr\/en\/wp-json\/wp\/v2\/posts\/35506\/revisions"}],"predecessor-version":[{"id":35539,"href":"https:\/\/www.sitem.fr\/en\/wp-json\/wp\/v2\/posts\/35506\/revisions\/35539"}],"wp:featuredmedia":[{"embeddable":true,"href":"https:\/\/www.sitem.fr\/en\/wp-json\/wp\/v2\/media\/35510"}],"wp:attachment":[{"href":"https:\/\/www.sitem.fr\/en\/wp-json\/wp\/v2\/media?parent=35506"}],"wp:term":[{"taxonomy":"category","embeddable":true,"href":"https:\/\/www.sitem.fr\/en\/wp-json\/wp\/v2\/categories?post=35506"},{"taxonomy":"post_tag","embeddable":true,"href":"https:\/\/www.sitem.fr\/en\/wp-json\/wp\/v2\/tags?post=35506"}],"curies":[{"name":"wp","href":"https:\/\/api.w.org\/{rel}","templated":true}]}}