{"id":35544,"date":"2021-12-20T18:02:57","date_gmt":"2021-12-20T17:02:57","guid":{"rendered":"https:\/\/www.sitem.fr\/?p=35544"},"modified":"2022-01-03T09:39:07","modified_gmt":"2022-01-03T08:39:07","slug":"cecile-planchais-design-le-banc-imiroir-connecte","status":"publish","type":"post","link":"https:\/\/www.sitem.fr\/en\/cecile-planchais-design-le-banc-imiroir-connecte\/","title":{"rendered":"C\u00e9cile Planchais Design : Le banc IMIROIR CONNECTE"},"content":{"rendered":"<p>Dans le contexte de la communication culturelle du SITEM 2021, le banc IMIROIR CONNECTE a d\u00e9velopp\u00e9 son potentiel singulier de transmission sensorielle d\u00e9di\u00e9 \u00e0 l\u2019immersion du visiteur.<\/p>\n<p>&nbsp;<\/p>\n<p>Il est sonore, programmable \u00e0 distance, accessible \u00e0 tous. Son mode de t\u00e9l\u00e9chargement, ses options d\u2019aspects et de d\u00e9clenchement sont d\u00e9finies en fonction du projet afin d\u2019offrir une \u00e9coute discr\u00e8te<br \/>\npour l\u2019entourage imm\u00e9diat, sans casque, ni smartphone.<\/p>\n<p>Son principe de diffusion sonore tactile en fait un M\u00e9dia de haute qualit\u00e9 immersive autant qu\u2019un objet vivant d\u2019attraction et de partage. Ses reflets renvoient l\u2019image de son environnement par ses surfaces en inox polie miroir \u00e0 l\u2019extr\u00eame.<\/p>\n<p>&nbsp;<\/p>\n<p><img decoding=\"async\" class=\"aligncenter\" src=\"https:\/\/www.sitem.fr\/wp-content\/uploads\/2021\/12\/Pt-IMIROIR-NOIRLAC-nuit-Design-Ce%CC%81cilePlanchais-562x440.jpg\" \/><\/p>\n<p>&nbsp;<\/p>\n<p>Ce concept d\u2019interpr\u00e9tation, brevet\u00e9 en 2021, a int\u00e9ress\u00e9 en premier lieu les sites culturels souhaitant transmettre ou retransmettre une \u0153uvre, un lieu, un th\u00e8me.<\/p>\n<p>&nbsp;<\/p>\n<p>\u00ab j\u2019ai choisi la r\u00e9sonance comme mode de liaison entre le visiteur et l\u2019environnement, la vibration sonore pour lui faire vivre physiquement cette exp\u00e9rience d\u2019\u00e9coute et de contemplation .<\/p>\n<p>&nbsp;<\/p>\n<p>&nbsp;<\/p>\n<hr \/>\n<p>&nbsp;<\/p>\n<p>&nbsp;<\/p>\n<p><em>In the context of SITEM 2021\u2019s cultural communication, the IMIROIR CONNECTE has developed its singular potential for dedicated sensorial transmission immersing the visitor.\u00a0<\/em><\/p>\n<p>&nbsp;<\/p>\n<p><em>It is a sound system that is programmable at long distance, accessible to all. Its programming mode, its options and its functions are defined to match the project, in order to offer a discrete sound for the immediate entourage, without headsets or smartphones.\u00a0<\/em><\/p>\n<p>&nbsp;<\/p>\n<p><em>Its tactile sound broadcasting principle creates a Medium of high immersive value as well as an object in itself, alive with attractiveness, facilitating sharing. Its reflections echo the image of its environment by means of its extremely polished stainless steel mirror surface.<\/em><\/p>\n<p>&nbsp;<\/p>\n<p><em>\u201cI have chosen resonance as the means to link the visitor and the environment, the sonic vibration intending to physically enliven their listening and contemplative experience.\u201d<\/em><\/p>\n<p>&nbsp;<\/p>\n<p><strong><a href=\"https:\/\/www.instagram.com\/cecileplanchaisdesign\/\">https:\/\/www.instagram.com\/cecileplanchaisdesign\/<\/a><\/strong><br \/>\n<strong><a href=\"https:\/\/www.linkedin.com\/in\/cecile-planchais-009673151\/?originalSubdomain=fr\">https:\/\/www.linkedin.com\/in\/cecile-planchais-009673151\/?originalSubdomain=fr<\/a><\/strong><br \/>\n<strong><a href=\"https:\/\/www.facebook.com\/cecile.planchais.3\/\">https:\/\/www.facebook.com\/cecile.planchais.3\/<\/a><\/strong><\/p>\n","protected":false},"excerpt":{"rendered":"Dans le contexte de la communication culturelle du SITEM 2021, le banc IMIROIR CONNECTE a d\u00e9velopp\u00e9 son potentiel singulier de transmission sensorielle d\u00e9di\u00e9 \u00e0 l\u2019immersion du visiteur. &nbsp; Il est sonore, programmable \u00e0 distance, accessible \u00e0 tous. Son mode de t\u00e9l\u00e9chargement, ses options d\u2019aspects et de d\u00e9clenchement sont d\u00e9finies en fonction du projet afin d\u2019offrir&#8230; <br><a class=\"readm\" href=\"https:\/\/www.sitem.fr\/en\/cecile-planchais-design-le-banc-imiroir-connecte\/\">Read more<\/a>","protected":false},"author":4756,"featured_media":35540,"comment_status":"closed","ping_status":"closed","sticky":false,"template":"","format":"standard","meta":{"_acf_changed":false,"footnotes":""},"categories":[1111,1329,144,154],"tags":[2215,2211,2212,2213,634,1113,2214],"class_list":["post-35544","post","type-post","status-publish","format-standard","has-post-thumbnail","hentry","category-actualites-recentes","category-equipement-conservation-gestion-des-collections-et-du-patrimoine","category-mobilier","category-son-2","tag-accessible","tag-cecile-planchais-design","tag-communication-culturelle","tag-imiroir-connecte","tag-immersion","tag-prestataire","tag-sensorielle"],"acf":[],"_links":{"self":[{"href":"https:\/\/www.sitem.fr\/en\/wp-json\/wp\/v2\/posts\/35544","targetHints":{"allow":["GET"]}}],"collection":[{"href":"https:\/\/www.sitem.fr\/en\/wp-json\/wp\/v2\/posts"}],"about":[{"href":"https:\/\/www.sitem.fr\/en\/wp-json\/wp\/v2\/types\/post"}],"author":[{"embeddable":true,"href":"https:\/\/www.sitem.fr\/en\/wp-json\/wp\/v2\/users\/4756"}],"replies":[{"embeddable":true,"href":"https:\/\/www.sitem.fr\/en\/wp-json\/wp\/v2\/comments?post=35544"}],"version-history":[{"count":6,"href":"https:\/\/www.sitem.fr\/en\/wp-json\/wp\/v2\/posts\/35544\/revisions"}],"predecessor-version":[{"id":35596,"href":"https:\/\/www.sitem.fr\/en\/wp-json\/wp\/v2\/posts\/35544\/revisions\/35596"}],"wp:featuredmedia":[{"embeddable":true,"href":"https:\/\/www.sitem.fr\/en\/wp-json\/wp\/v2\/media\/35540"}],"wp:attachment":[{"href":"https:\/\/www.sitem.fr\/en\/wp-json\/wp\/v2\/media?parent=35544"}],"wp:term":[{"taxonomy":"category","embeddable":true,"href":"https:\/\/www.sitem.fr\/en\/wp-json\/wp\/v2\/categories?post=35544"},{"taxonomy":"post_tag","embeddable":true,"href":"https:\/\/www.sitem.fr\/en\/wp-json\/wp\/v2\/tags?post=35544"}],"curies":[{"name":"wp","href":"https:\/\/api.w.org\/{rel}","templated":true}]}}