{"id":35618,"date":"2022-01-11T09:14:48","date_gmt":"2022-01-11T08:14:48","guid":{"rendered":"https:\/\/www.sitem.fr\/?p=35618"},"modified":"2022-01-11T09:23:44","modified_gmt":"2022-01-11T08:23:44","slug":"exportation-dun-tresor-carolingien-vers-le-territoire-nord-americain-comment-le-transporter","status":"publish","type":"post","link":"https:\/\/www.sitem.fr\/en\/exportation-dun-tresor-carolingien-vers-le-territoire-nord-americain-comment-le-transporter\/","title":{"rendered":"Exportation d\u2019un tr\u00e9sor carolingien vers le territoire nord-am\u00e9ricain : comment le transporter ?"},"content":{"rendered":"<p><span style=\"font-weight: 400;\">Enghien-les-Bains, le 22 novembre 2020. <\/span><\/p>\n<p>&nbsp;<\/p>\n<p><span style=\"font-weight: 400;\">Lorsque le commissaire-priseur annonce le lot 123 de la vente, un frisson parcourt les ench\u00e9risseurs. Il s\u2019agit d\u2019un <\/span><strong><a href=\"https:\/\/www.gazette-drouot.com\/article\/un-ivoire-de-la-renaissance-carolingienne\/18449\">ivoire datant de l\u2019\u00e9poque carolingienne<\/a><\/strong><span style=\"font-weight: 400;\"> &#8211; vers la fin du IX\u00e8me si\u00e8cle &#8211; qui servait de plaque de reliure \u00e0 un livre sacr\u00e9. Un objet rare que l\u2019on rattache aux productions de l\u2019\u00e9cole de Metz, dont le th\u00e8me est l\u2019entr\u00e9e du Christ \u00e0 J\u00e9rusalem.<\/span><span style=\"font-weight: 400;\"> Estim\u00e9e entre 100.000 et 200.000 euros, la reliure a d\u00e9pass\u00e9 l\u2019ench\u00e8re millionnaire en atteignant<\/span><span style=\"font-weight: 400;\"> 3.602.400 \u20ac. L\u2019adjudication finale a \u00e9t\u00e9 remport\u00e9e par une institution nord-am\u00e9ricaine, amenant alors la question de l\u2019acheminement de cette plaque entre la France et le Canada. <\/span><span style=\"font-weight: 400;\"><br \/>\n<\/span><span style=\"font-weight: 400;\"><br \/>\n<\/span> <span style=\"font-weight: 400;\">Avant de penser au transport, il a fallu g\u00e9rer la production des documents autorisant la vente et l\u2019exportation du lot. La maison de vente aux ench\u00e8res et Convelio ont travaill\u00e9 conjointement pour cela. <\/span><span style=\"font-weight: 400;\"><br \/>\n<\/span><span style=\"font-weight: 400;\">Cela a d\u00e9but\u00e9 en amont de la vente avec le permis D et le CBC*.\u00a0<\/span><\/p>\n<p><span style=\"font-weight: 400;\">La pi\u00e8ce \u00e9tant en ivoire, la maison d\u2019encans devait informer le Minist\u00e8re de la Transition \u00e9cologique que ce lot passerait aux ench\u00e8res en France pour obtenir ce <\/span><b>permis D<\/b><span style=\"font-weight: 400;\">. Sans cela, la vente aurait \u00e9t\u00e9 ill\u00e9gale. La proc\u00e9dure consiste en un enregistrement op\u00e9r\u00e9 sur le registre national d\u00e9mat\u00e9rialis\u00e9 de la DREAL**. Chaque d\u00e9claration g\u00e9n\u00e8re un num\u00e9ro d\u2019identification et un r\u00e9c\u00e9piss\u00e9 permettant de prouver la l\u00e9galit\u00e9 de la mise en vente de l\u2019objet. Apr\u00e8s celle-ci, la plateforme doit \u00eatre mise \u00e0 jour avec la date de la vente et les coordonn\u00e9es du nouveau propri\u00e9taire pour que le r\u00e9c\u00e9piss\u00e9 lui soit transmis.<\/span><\/p>\n<p><span style=\"font-weight: 400;\">Concernant le <\/span><b>CBC<\/b><span style=\"font-weight: 400;\">, la plaque carolingienne \u00e9tant une \u0153uvre d\u2019art avec une valeur sup\u00e9rieure \u00e0 50,000 euros*** et appartenant \u00e0 la m\u00eame famille depuis plusieurs g\u00e9n\u00e9rations, elle entrait dans la cat\u00e9gorie 15 des certificats et AST BC. La maison de vente a contact\u00e9 le Service des Mus\u00e9es de France (SMF) pour lui demander de lui d\u00e9livrer ce certificat et ainsi proc\u00e9der \u00e0 la vente.\u00a0<\/span><\/p>\n<p>&nbsp;<\/p>\n<p><span style=\"font-weight: 400;\">\u00c9tant donn\u00e9 que<\/span><span style=\"font-weight: 400;\"> ni le Louvre, ni le mus\u00e9e de Cluny \u2013 venus voir la pi\u00e8ce les semaines pr\u00e9c\u00e9dant la vente \u2013 ne se sont manifest\u00e9s durant les ench\u00e8res, et que la pi\u00e8ce n\u2019a pas \u00e9t\u00e9 qualifi\u00e9e de \u201ctr\u00e9sor national\u201d, rien ne s\u2019opposait \u00e0 son d\u00e9part hors de la France. <\/span><span style=\"font-weight: 400;\"><br \/>\n<\/span><span style=\"font-weight: 400;\">De ce fait,<strong> <a href=\"https:\/\/www.convelio.com\/en\/home\/?utm_source=external&amp;utm_medium=link&amp;utm_campaign=SITEM_january_2022\">Convelio<\/a><\/strong><\/span><span style=\"font-weight: 400;\"><strong>\u00a0<\/strong>a r\u00e9alis\u00e9 les d\u00e9marches n\u00e9cessaires \u00e0 la r\u00e9ception de la <\/span><b>licence d\u2019exportation<\/b><span style=\"font-weight: 400;\"> pour sortir de l\u2019Europe aupr\u00e8s <\/span><span style=\"font-weight: 400;\">du Minist\u00e8re de la Culture<\/span><span style=\"font-weight: 400;\"> et du certificat <\/span><b>CITES<\/b><span style=\"font-weight: 400;\">**** d&#8217;exportation aupr\u00e8s du Minist\u00e8re<\/span><span style=\"font-weight: 400;\"> de la Transition \u00e9cologique<\/span><span style=\"font-weight: 400;\">.<\/span><span style=\"font-weight: 400;\"> Ces documents permettant ensuite de faire les <strong>formalit\u00e9s douani\u00e8res<\/strong> d\u2019exportation. <\/span><span style=\"font-weight: 400;\"><br \/>\n<\/span><span style=\"font-weight: 400;\">L\u2019agent douanier canadien <\/span><span style=\"font-weight: 400;\">a, quant \u00e0 lui, finalis\u00e9 l\u2019importation du CITES aupr\u00e8s de son administration.\u00a0<\/span><\/p>\n<p>&nbsp;<\/p>\n<p><span style=\"font-weight: 400;\">Le transport en lui-m\u00eame a \u00e9t\u00e9 op\u00e9r\u00e9 avec moults pr\u00e9cautions. Convelio a pris contact pour la collecte avec la maison de vente, qui avait remis\u00e9e le lot dans un coffre-fort \u00e0 la banque. Apr\u00e8s avoir effectu\u00e9 le constat d\u2019\u00e9tat, le lot a \u00e9t\u00e9 emball\u00e9 une premi\u00e8re fois sur place, en prenant garde \u00e0 s\u00e9parer le support. La reliure sculpt\u00e9e a ensuite \u00e9t\u00e9 doublement mise en caisse pour plus de s\u00e9curit\u00e9 : tant pour l\u2019hygrom\u00e9trie que pour limiter les vibrations pendant le transport. Sur le bas de la caisse ext\u00e9rieure, un passage transpalette a \u00e9t\u00e9 laiss\u00e9 pour faciliter les manipulations. Enfin, la pi\u00e8ce est partie via un vol direct entre Paris et la ville canadienne.\u00a0<\/span><\/p>\n<p>&nbsp;<\/p>\n<p><img loading=\"lazy\" decoding=\"async\" width=\"680\" height=\"383\" class=\"size-medium wp-image-35614 aligncenter\" src=\"https:\/\/www.sitem.fr\/wp-content\/uploads\/2022\/01\/Year-In-Review-Newsletter-Images-7-680x383.png\" alt=\"\" srcset=\"https:\/\/www.sitem.fr\/wp-content\/uploads\/2022\/01\/Year-In-Review-Newsletter-Images-7-680x383.png 680w, https:\/\/www.sitem.fr\/wp-content\/uploads\/2022\/01\/Year-In-Review-Newsletter-Images-7-600x338.png 600w, https:\/\/www.sitem.fr\/wp-content\/uploads\/2022\/01\/Year-In-Review-Newsletter-Images-7-1200x675.png 1200w, https:\/\/www.sitem.fr\/wp-content\/uploads\/2022\/01\/Year-In-Review-Newsletter-Images-7-768x432.png 768w, https:\/\/www.sitem.fr\/wp-content\/uploads\/2022\/01\/Year-In-Review-Newsletter-Images-7-1536x864.png 1536w, https:\/\/www.sitem.fr\/wp-content\/uploads\/2022\/01\/Year-In-Review-Newsletter-Images-7-2048x1152.png 2048w\" sizes=\"auto, (max-width: 680px) 100vw, 680px\" \/><\/p>\n<p>&nbsp;<\/p>\n<p><a href=\"https:\/\/www.convelio.com\/en\/home\/?utm_source=external&amp;utm_medium=link&amp;utm_campaign=SITEM_january_2022\"><span style=\"font-weight: 400;\"><b>Convelio<\/b><\/span><\/a><span style=\"font-weight: 400;\">\u00a0sera ravi de vous aider pour <\/span><span style=\"font-weight: 400;\">tout envoi d\u2019articles pr\u00e9cieux et fragiles en cette nouvelle ann\u00e9e 2022. Ils pourront vous accompagner dans vos d\u00e9marches douani\u00e8res et logistiques en s\u2019adaptant \u00e0 vos contraintes et en investissant toujours dans des innovations technologiques et op\u00e9rationnelles qui offrent l\u2019excellence logistique attendue par le monde de l\u2019art.<\/span><\/p>\n<p>&nbsp;<\/p>\n<p><span style=\"font-weight: 400;\">__________<\/span><\/p>\n<p><i><span style=\"font-weight: 400;\">*Un CBC est un Certificat de Bien Culturel<\/span><\/i><i><span style=\"font-weight: 400;\">. Le CBC p<\/span><\/i><i><span style=\"font-weight: 400;\">ermet une sortie d\u00e9finitive ou des sorties temporaires sans limitation de nombre et de dur\u00e9e au bien concern\u00e9.\u00a0<\/span><\/i><\/p>\n<p><i><span style=\"font-weight: 400;\">**DREAL (<\/span><\/i><i><span style=\"font-weight: 400;\">Les Directions R\u00e9gionales, de l&#8217;Environnement, de l&#8217;Am\u00e9nagement et du Logement sont un \u00e9chelon r\u00e9gional unifi\u00e9 du minist\u00e8re de la Transition \u00c9cologique)<\/span><\/i><i><span style=\"font-weight: 400;\">.\u00a0 Pour s\u2019enregistrer dessus, sont n\u00e9cessaires <\/span><\/i><i><span style=\"font-weight: 400;\">les coordonn\u00e9es du vendeur, les informations relatives au sp\u00e9cimen, les coordonn\u00e9es de l\u2019expert, les photographies de l\u2019objet et et son expertise sign\u00e9e.\u00a0<\/span><\/i><\/p>\n<p><i><span style=\"font-weight: 400;\">***<\/span><\/i><i><span style=\"font-weight: 400;\">Le seuil est pass\u00e9 de 50.000 euros \u00e0 100,000 euros en janvier 2021.<\/span><\/i><\/p>\n<p><i><span style=\"font-weight: 400;\">****CITES dont l\u2019acronyme vient de la Convention on International Trade in Endangered Species of Wild Fauna and Flora, et connu aussi comme la Convention de Washington, est un accord international entre Etats. Elle a pour but de veiller \u00e0 ce que le commerce international des sp\u00e9cimens d&#8217;animaux et de plantes sauvages ne menace pas la survie des esp\u00e8ces auxquelles ils appartiennent.<\/span><\/i><\/p>\n","protected":false},"excerpt":{"rendered":"Enghien-les-Bains, le 22 novembre 2020. &nbsp; Lorsque le commissaire-priseur annonce le lot 123 de la vente, un frisson parcourt les ench\u00e9risseurs. Il s\u2019agit d\u2019un ivoire datant de l\u2019\u00e9poque carolingienne &#8211; vers la fin du IX\u00e8me si\u00e8cle &#8211; qui servait de plaque de reliure \u00e0 un livre sacr\u00e9. Un objet rare que l\u2019on rattache aux productions&#8230; <br><a class=\"readm\" href=\"https:\/\/www.sitem.fr\/en\/exportation-dun-tresor-carolingien-vers-le-territoire-nord-americain-comment-le-transporter\/\">Read more<\/a>","protected":false},"author":4735,"featured_media":35616,"comment_status":"closed","ping_status":"closed","sticky":false,"template":"","format":"standard","meta":{"_acf_changed":false,"footnotes":""},"categories":[1111,1329,1034,155],"tags":[2218,1748,2217,2216,1496,2219,1113,1483],"class_list":["post-35618","post","type-post","status-publish","format-standard","has-post-thumbnail","hentry","category-actualites-recentes","category-equipement-conservation-gestion-des-collections-et-du-patrimoine","category-oeuvres","category-transport-2","tag-canada","tag-convelio","tag-enchere","tag-exportation","tag-france","tag-oeuvre-dart","tag-prestataire","tag-transport"],"acf":[],"_links":{"self":[{"href":"https:\/\/www.sitem.fr\/en\/wp-json\/wp\/v2\/posts\/35618","targetHints":{"allow":["GET"]}}],"collection":[{"href":"https:\/\/www.sitem.fr\/en\/wp-json\/wp\/v2\/posts"}],"about":[{"href":"https:\/\/www.sitem.fr\/en\/wp-json\/wp\/v2\/types\/post"}],"author":[{"embeddable":true,"href":"https:\/\/www.sitem.fr\/en\/wp-json\/wp\/v2\/users\/4735"}],"replies":[{"embeddable":true,"href":"https:\/\/www.sitem.fr\/en\/wp-json\/wp\/v2\/comments?post=35618"}],"version-history":[{"count":8,"href":"https:\/\/www.sitem.fr\/en\/wp-json\/wp\/v2\/posts\/35618\/revisions"}],"predecessor-version":[{"id":35653,"href":"https:\/\/www.sitem.fr\/en\/wp-json\/wp\/v2\/posts\/35618\/revisions\/35653"}],"wp:featuredmedia":[{"embeddable":true,"href":"https:\/\/www.sitem.fr\/en\/wp-json\/wp\/v2\/media\/35616"}],"wp:attachment":[{"href":"https:\/\/www.sitem.fr\/en\/wp-json\/wp\/v2\/media?parent=35618"}],"wp:term":[{"taxonomy":"category","embeddable":true,"href":"https:\/\/www.sitem.fr\/en\/wp-json\/wp\/v2\/categories?post=35618"},{"taxonomy":"post_tag","embeddable":true,"href":"https:\/\/www.sitem.fr\/en\/wp-json\/wp\/v2\/tags?post=35618"}],"curies":[{"name":"wp","href":"https:\/\/api.w.org\/{rel}","templated":true}]}}