{"id":35717,"date":"2022-01-19T10:47:15","date_gmt":"2022-01-19T09:47:15","guid":{"rendered":"https:\/\/www.sitem.fr\/?p=35717"},"modified":"2022-01-19T10:47:15","modified_gmt":"2022-01-19T09:47:15","slug":"la-ville-de-nimes-acquiere-les-cloisons-mila-wall-100-de-mba-france","status":"publish","type":"post","link":"https:\/\/www.sitem.fr\/en\/la-ville-de-nimes-acquiere-les-cloisons-mila-wall-100-de-mba-france\/","title":{"rendered":"La Ville de N\u00eemes acqui\u00e8re les cloisons Mila-wall 100 de MBA France"},"content":{"rendered":"<p>La Galerie Jules Salles de N\u00eemes fut inaugur\u00e9e le 5 mai 1894 puis offerte \u00e0 sa ville natale en juillet par l\u2019artiste Jules Salles. Elle f\u00fbt longtemps d\u00e9di\u00e9e \u00e0 la pr\u00e9sentation de son \u0153uvre, aujourd\u2019hui, elle est destin\u00e9e exclusivement \u00e0 des expositions artistiques temporaires.<\/p>\n<p>&nbsp;<\/p>\n<p><img loading=\"lazy\" decoding=\"async\" width=\"529\" height=\"440\" class=\"size-medium wp-image-35709 aligncenter\" src=\"https:\/\/www.sitem.fr\/wp-content\/uploads\/2022\/01\/GJS-1-529x440.jpg\" alt=\"\" srcset=\"https:\/\/www.sitem.fr\/wp-content\/uploads\/2022\/01\/GJS-1-529x440.jpg 529w, https:\/\/www.sitem.fr\/wp-content\/uploads\/2022\/01\/GJS-1-600x499.jpg 600w, https:\/\/www.sitem.fr\/wp-content\/uploads\/2022\/01\/GJS-1-961x800.jpg 961w, https:\/\/www.sitem.fr\/wp-content\/uploads\/2022\/01\/GJS-1-768x639.jpg 768w, https:\/\/www.sitem.fr\/wp-content\/uploads\/2022\/01\/GJS-1-1536x1278.jpg 1536w, https:\/\/www.sitem.fr\/wp-content\/uploads\/2022\/01\/GJS-1-2048x1705.jpg 2048w\" sizes=\"auto, (max-width: 529px) 100vw, 529px\" \/><\/p>\n<p>&nbsp;<\/p>\n<p>A cet effet, la Ville de N\u00eemes a d\u00e9cid\u00e9 de changer le syst\u00e8me de cloisons d\u2019expositions existant et vieillissant, afin d\u2019investir dans l\u2019acquisition des cloisons Mila-wall s\u00e9rie 100 de <a href=\"https:\/\/www.mba-france.fr\/\"><strong>MBA France<\/strong><\/a>, reconnues pour leur tr\u00e8s grande durabilit\u00e9, leur modularit\u00e9 et leur facilit\u00e9 de manipulation.<\/p>\n<p>Sur ces images, les cloisons en plein montage pour la prochaine exposition de la galerie.<\/p>\n<p>Copyright photo\u00a0: Ville de N\u00eemes<\/p>\n<p>&nbsp;<\/p>\n<p><img loading=\"lazy\" decoding=\"async\" width=\"587\" height=\"440\" class=\"size-medium wp-image-35713 aligncenter\" src=\"https:\/\/www.sitem.fr\/wp-content\/uploads\/2022\/01\/GJS-3-587x440.jpg\" alt=\"\" srcset=\"https:\/\/www.sitem.fr\/wp-content\/uploads\/2022\/01\/GJS-3-587x440.jpg 587w, https:\/\/www.sitem.fr\/wp-content\/uploads\/2022\/01\/GJS-3-600x450.jpg 600w, https:\/\/www.sitem.fr\/wp-content\/uploads\/2022\/01\/GJS-3.jpg 640w\" sizes=\"auto, (max-width: 587px) 100vw, 587px\" \/><\/p>\n","protected":false},"excerpt":{"rendered":"La Galerie Jules Salles de N\u00eemes fut inaugur\u00e9e le 5 mai 1894 puis offerte \u00e0 sa ville natale en juillet par l\u2019artiste Jules Salles. Elle f\u00fbt longtemps d\u00e9di\u00e9e \u00e0 la pr\u00e9sentation de son \u0153uvre, aujourd\u2019hui, elle est destin\u00e9e exclusivement \u00e0 des expositions artistiques temporaires. &nbsp; &nbsp; A cet effet, la Ville de N\u00eemes a d\u00e9cid\u00e9&#8230; <br><a class=\"readm\" href=\"https:\/\/www.sitem.fr\/en\/la-ville-de-nimes-acquiere-les-cloisons-mila-wall-100-de-mba-france\/\">Read more<\/a>","protected":false},"author":1453,"featured_media":35709,"comment_status":"closed","ping_status":"closed","sticky":false,"template":"","format":"standard","meta":{"_acf_changed":false,"footnotes":""},"categories":[1111,142,139,1329,1034],"tags":[1637,53,2234,14,15,1113,2233],"class_list":["post-35717","post","type-post","status-publish","format-standard","has-post-thumbnail","hentry","category-actualites-recentes","category-agencement","category-cloisons","category-equipement-conservation-gestion-des-collections-et-du-patrimoine","category-oeuvres","tag-cloisons","tag-exposition","tag-galerie-jules-salles","tag-mba-france","tag-mila-wall","tag-prestataire","tag-ville-de-nimes"],"acf":[],"_links":{"self":[{"href":"https:\/\/www.sitem.fr\/en\/wp-json\/wp\/v2\/posts\/35717","targetHints":{"allow":["GET"]}}],"collection":[{"href":"https:\/\/www.sitem.fr\/en\/wp-json\/wp\/v2\/posts"}],"about":[{"href":"https:\/\/www.sitem.fr\/en\/wp-json\/wp\/v2\/types\/post"}],"author":[{"embeddable":true,"href":"https:\/\/www.sitem.fr\/en\/wp-json\/wp\/v2\/users\/1453"}],"replies":[{"embeddable":true,"href":"https:\/\/www.sitem.fr\/en\/wp-json\/wp\/v2\/comments?post=35717"}],"version-history":[{"count":3,"href":"https:\/\/www.sitem.fr\/en\/wp-json\/wp\/v2\/posts\/35717\/revisions"}],"predecessor-version":[{"id":35731,"href":"https:\/\/www.sitem.fr\/en\/wp-json\/wp\/v2\/posts\/35717\/revisions\/35731"}],"wp:featuredmedia":[{"embeddable":true,"href":"https:\/\/www.sitem.fr\/en\/wp-json\/wp\/v2\/media\/35709"}],"wp:attachment":[{"href":"https:\/\/www.sitem.fr\/en\/wp-json\/wp\/v2\/media?parent=35717"}],"wp:term":[{"taxonomy":"category","embeddable":true,"href":"https:\/\/www.sitem.fr\/en\/wp-json\/wp\/v2\/categories?post=35717"},{"taxonomy":"post_tag","embeddable":true,"href":"https:\/\/www.sitem.fr\/en\/wp-json\/wp\/v2\/tags?post=35717"}],"curies":[{"name":"wp","href":"https:\/\/api.w.org\/{rel}","templated":true}]}}