{"id":35738,"date":"2022-01-20T12:34:21","date_gmt":"2022-01-20T11:34:21","guid":{"rendered":"https:\/\/www.sitem.fr\/?p=35738"},"modified":"2022-01-20T12:38:40","modified_gmt":"2022-01-20T11:38:40","slug":"de-lemotion-nait-limmersion-musair-au-wit21","status":"publish","type":"post","link":"https:\/\/www.sitem.fr\/en\/de-lemotion-nait-limmersion-musair-au-wit21\/","title":{"rendered":"De l\u2019\u00e9motion nait l\u2019immersion, Musair au WIT\u201921"},"content":{"rendered":"<p>A l\u2019invitation du WIT\u201921, Musair a particip\u00e9 au webinaire intitul\u00e9 <strong>Comment les technologies immersives r\u00e9inventent-elles l&#8217;exp\u00e9rience touristique ?<\/strong><\/p>\n<p>&nbsp;<\/p>\n<p>Omnipr\u00e9sentes dans notre quotidien, les nouvelles technologies bousculent le secteur du tourisme et de la culture. Meta univers, gamification, r\u00e9alit\u00e9 augment\u00e9e, immersion virtuelle, autant d\u2019innovations qui viennent repousser les limites du monde physique, transformer en profondeur les offres touristiques et culturelles, num\u00e9riser les processus de travail et ce malgr\u00e9 un d\u00e9sir grandissant de d\u00e9connexion.<\/p>\n<p>Le webinaire a permis d\u2019interroger le concept d\u2019exp\u00e9rience immersive. Gr\u00e9gory Maubon, consultant et cofondateur de l\u2019association RA\u2019Pro, a d\u2019abord pr\u00e9sent\u00e9 de mani\u00e8re tr\u00e8s p\u00e9dagogique les diff\u00e9rentes technologies mobilisables aujourd\u2019hui, tout en insistant sur la n\u00e9cessit\u00e9 d\u2019y recourir de mani\u00e8re adapt\u00e9e au projet touristique ou culturel.<\/p>\n<p>&nbsp;<\/p>\n<p>&nbsp;<\/p>\n<p><strong>Le r\u00e9cit, la voix, l\u2019\u00e9motion cr\u00e9ent l\u2019immersion<\/strong><\/p>\n<p>L\u2019occasion pour Valentine Rondelez de proposer aux participants de se laisser porter, quelques minutes, par la d\u00e9marche de Musair <strong><a href=\"https:\/\/mbaarras.musair.fr\">\u00e0 l&#8217;\u00e9coute d&#8217;une des capsules sonores<\/a><\/strong> cr\u00e9\u00e9e pour le Mus\u00e9e des Beaux-Arts d&#8217;Arras. Les participants ont \u00e9chang\u00e9 sur l\u2019impact des sensations et des \u00e9vocations dans l\u2019immersion. En effet, pour Musair la surprise, le ton, la voix, le r\u00e9cit sont autant de ressources cr\u00e9atrices d\u2019une \u00e9motion marquante. Pour la fondatrice, auteure des capsules sonores, l&#8217;intensit\u00e9 de la narration et l\u2019accessibilit\u00e9 du propos priment sur la technologie, qui doit \u00eatre choisie en tenant compte de la r\u00e9ceptivit\u00e9 du public. L\u2019application d\u00e9velopp\u00e9e par Musair reste ainsi volontairement simple d\u2019acc\u00e8s et d\u2019usage pour le plus grand nombre.<\/p>\n<p>&nbsp;<\/p>\n<p>&nbsp;<\/p>\n<p><strong>Des capsules sonores o\u00f9 l\u2019on s\u2019installe, comme dans une bulle<\/strong><\/p>\n<p>Virginie Dewisme, Cheffe du service m\u00e9diation au Mus\u00e9e des Beaux-Arts d\u2019Arras a ainsi pr\u00e9sent\u00e9 le r\u00f4le de la promenade sonore Musair r\u00e9cemment inaugur\u00e9e dans la strat\u00e9gie de m\u00e9diation et d\u2019accessibilit\u00e9 aux publics du mus\u00e9e. Une exp\u00e9rience d\u2019immersion dans les \u0153uvres qui capte l\u2019attention du visiteur, lui donne envie de s\u2019installer et de prolonger la contemplation.<\/p>\n<p>&nbsp;<\/p>\n<p>&nbsp;<\/p>\n<p><strong>S\u2019inspirer \u00e0 360\u00b0<\/strong><\/p>\n<p>WIT\u201921 est une d\u00e9marche d\u2019inspiration \u00e0 360\u00b0 des acteurs du tourisme de la Cote d&#8217;Opale r\u00e9unissant l\u2019agence d\u2019attractivit\u00e9 Opale&amp;Co, le Touquet-Paris Plage et le campus des m\u00e9tiers Hauts de France. A l\u2019occasion de webinaires ouverts \u00e0 tous les professionnels, des experts livrent leur vision du tourisme de demain pour une croissance durable.<\/p>\n<p><strong>\u00a0<\/strong><\/p>\n<p>&nbsp;<\/p>\n<p>&nbsp;<\/p>\n<p>Le webinaire est \u00e0 retrouver en int\u00e9gralit\u00e9 <strong><a href=\"https:\/\/youtu.be\/5UBQhNPIGcw\">ici<\/a><\/strong><\/p>\n<p>Retrouvez l&#8217;intervention de Musair \u00e0 <strong><a href=\"https:\/\/youtu.be\/5UBQhNPIGcw?t=1160\">19.20<\/a><\/strong><\/p>\n<p>Retrouvez le t\u00e9moignage du Mus\u00e9e des Beaux-Arts d\u2019Arras \u00e0\u00a0 <strong><a href=\"https:\/\/youtu.be\/5UBQhNPIGcw?t=1677\">28.00<\/a><\/strong><\/p>\n<p><strong>\u00a0La promenade sonore Musair au Mus\u00e9e des Beaux-Arts d&#8217;Arras <a href=\"https:\/\/mbaarras.musair.fr\">Lien<\/a><\/strong><\/p>\n","protected":false},"excerpt":{"rendered":"A l\u2019invitation du WIT\u201921, Musair a particip\u00e9 au webinaire intitul\u00e9 Comment les technologies immersives r\u00e9inventent-elles l&#8217;exp\u00e9rience touristique ? &nbsp; Omnipr\u00e9sentes dans notre quotidien, les nouvelles technologies bousculent le secteur du tourisme et de la culture. Meta univers, gamification, r\u00e9alit\u00e9 augment\u00e9e, immersion virtuelle, autant d\u2019innovations qui viennent repousser les limites du monde physique, transformer en profondeur&#8230; <br><a class=\"readm\" href=\"https:\/\/www.sitem.fr\/en\/de-lemotion-nait-limmersion-musair-au-wit21\/\">Read more<\/a>","protected":false},"author":4809,"featured_media":35734,"comment_status":"closed","ping_status":"closed","sticky":false,"template":"","format":"standard","meta":{"_acf_changed":false,"footnotes":""},"categories":[1328,1111,320],"tags":[1860,2241,2029,251,1113,2242,1017,2161,2195,1768],"class_list":["post-35738","post","type-post","status-publish","format-standard","has-post-thumbnail","hentry","category-accessibilite-gestion-des-publics-aide-a-la-visite","category-actualites-recentes","category-evenement-culturel","tag-emotion","tag-immersives","tag-musair","tag-musee-des-beaux-arts","tag-prestataire","tag-recit","tag-technologies","tag-touristique","tag-voix","tag-webinaire"],"acf":[],"_links":{"self":[{"href":"https:\/\/www.sitem.fr\/en\/wp-json\/wp\/v2\/posts\/35738","targetHints":{"allow":["GET"]}}],"collection":[{"href":"https:\/\/www.sitem.fr\/en\/wp-json\/wp\/v2\/posts"}],"about":[{"href":"https:\/\/www.sitem.fr\/en\/wp-json\/wp\/v2\/types\/post"}],"author":[{"embeddable":true,"href":"https:\/\/www.sitem.fr\/en\/wp-json\/wp\/v2\/users\/4809"}],"replies":[{"embeddable":true,"href":"https:\/\/www.sitem.fr\/en\/wp-json\/wp\/v2\/comments?post=35738"}],"version-history":[{"count":3,"href":"https:\/\/www.sitem.fr\/en\/wp-json\/wp\/v2\/posts\/35738\/revisions"}],"predecessor-version":[{"id":35764,"href":"https:\/\/www.sitem.fr\/en\/wp-json\/wp\/v2\/posts\/35738\/revisions\/35764"}],"wp:featuredmedia":[{"embeddable":true,"href":"https:\/\/www.sitem.fr\/en\/wp-json\/wp\/v2\/media\/35734"}],"wp:attachment":[{"href":"https:\/\/www.sitem.fr\/en\/wp-json\/wp\/v2\/media?parent=35738"}],"wp:term":[{"taxonomy":"category","embeddable":true,"href":"https:\/\/www.sitem.fr\/en\/wp-json\/wp\/v2\/categories?post=35738"},{"taxonomy":"post_tag","embeddable":true,"href":"https:\/\/www.sitem.fr\/en\/wp-json\/wp\/v2\/tags?post=35738"}],"curies":[{"name":"wp","href":"https:\/\/api.w.org\/{rel}","templated":true}]}}