{"id":35754,"date":"2022-01-20T12:03:55","date_gmt":"2022-01-20T11:03:55","guid":{"rendered":"https:\/\/www.sitem.fr\/?p=35754"},"modified":"2022-01-20T12:10:56","modified_gmt":"2022-01-20T11:10:56","slug":"cecile-planchais-sol-lune-2022-mobile-olfactif","status":"publish","type":"post","link":"https:\/\/www.sitem.fr\/en\/cecile-planchais-sol-lune-2022-mobile-olfactif\/","title":{"rendered":"C\u00e9cile Planchais : Sol \/ Lune 2022, mobile olfactif"},"content":{"rendered":"<p><strong><a href=\"https:\/\/www.linkedin.com\/in\/cecile-planchais-539b93141\/\">SOL \/ LUNE 2022, mobile <em>olfactif <\/em><\/a><\/strong><\/p>\n<p>&nbsp;<\/p>\n<p><em>\u00ab\u00a0La perception sensorielle du parfum est un moyen d\u2019acc\u00e9der \u00e0 la culture et \u00e0 la connaissance\u00a0\u00bb. \u00a0\u00a0\u00a0\u00a0\u00a0<\/em><\/p>\n<p><em>\u00a0\u00a0\u00a0\u00a0\u00a0\u00a0\u00a0\u00a0\u00a0\u00a0\u00a0\u00a0\u00a0\u00a0\u00a0\u00a0\u00a0\u00a0\u00a0\u00a0\u00a0\u00a0\u00a0\u00a0\u00a0\u00a0\u00a0\u00a0\u00a0\u00a0\u00a0\u00a0\u00a0\u00a0\u00a0\u00a0\u00a0\u00a0 <\/em><\/p>\n<p>La sculpture mobile Sol &amp; Lune inspir\u00e9e du syst\u00e8me solaire a \u00e9t\u00e9 pr\u00e9sent\u00e9e au SITEM en 2020 et 2021 avec un parfum de Carole Calvez (Iris &amp; Morph\u00e9e) designer olfactive pour les mus\u00e9es. Ce parfum \u00ab De Lune \u00bb, est issu d\u2019interpr\u00e9tations exprim\u00e9es par les premiers astronautes sur la lune.<\/p>\n<p>&nbsp;<\/p>\n<p><img loading=\"lazy\" decoding=\"async\" class=\" https:\/\/www.linkedin.com\/in\/cecile-planchais-539b93141\/ aligncenter wp-image-35752 size-medium\" title=\" https:\/\/www.linkedin.com\/in\/cecile-planchais-539b93141\/\" src=\"https:\/\/www.sitem.fr\/wp-content\/uploads\/2022\/01\/DUO-SOL-LUNE-2021-DesignC\u00e9cilePlanchais-1-680x386.jpg\" alt=\"\" width=\"680\" height=\"386\" srcset=\"https:\/\/www.sitem.fr\/wp-content\/uploads\/2022\/01\/DUO-SOL-LUNE-2021-DesignC\u00e9cilePlanchais-1-680x386.jpg 680w, https:\/\/www.sitem.fr\/wp-content\/uploads\/2022\/01\/DUO-SOL-LUNE-2021-DesignC\u00e9cilePlanchais-1-scaled-600x341.jpg 600w, https:\/\/www.sitem.fr\/wp-content\/uploads\/2022\/01\/DUO-SOL-LUNE-2021-DesignC\u00e9cilePlanchais-1-1200x681.jpg 1200w, https:\/\/www.sitem.fr\/wp-content\/uploads\/2022\/01\/DUO-SOL-LUNE-2021-DesignC\u00e9cilePlanchais-1-768x436.jpg 768w, https:\/\/www.sitem.fr\/wp-content\/uploads\/2022\/01\/DUO-SOL-LUNE-2021-DesignC\u00e9cilePlanchais-1-1536x872.jpg 1536w, https:\/\/www.sitem.fr\/wp-content\/uploads\/2022\/01\/DUO-SOL-LUNE-2021-DesignC\u00e9cilePlanchais-1-2048x1162.jpg 2048w\" sizes=\"auto, (max-width: 680px) 100vw, 680px\" \/><\/p>\n<p>&nbsp;<\/p>\n<p>Il se manifeste au gr\u00e9 du mouvement lent de ce mobile, qui relie un Soleil en marqueterie de verre up cycl\u00e9 \u00e0 la Lune, taill\u00e9e dans une pierre de Hainaut, doubl\u00e9e d&#8217;un miroir qui \u00e9claire ses ombres.\u00a0Son effluve est d\u00e9pos\u00e9 au rythme de la densit\u00e9 de ces mat\u00e9riaux mis en mouvement par le moindre d\u00e9placement d\u2019air.<\/p>\n<p>&nbsp;<\/p>\n<p>L\u2019innovation en 2021 est un diffuseur rechargeable int\u00e9gr\u00e9 \u00e0 la Lune, \u00e9labor\u00e9 avec un ing\u00e9nieur en lien avec Grasse, Capitale mondiale du parfum. Il facilite le passage d\u2019air \u00e0 travers la Lune, pour une diffusion subtile et inattendue. \u201c<em>Le parfum, mati\u00e8re invisible, nous projette dans un espace, une civilisation, une \u0153uvre&#8221; \u2026\u00a0\u00a0\u00a0\u00a0\u00a0\u00a0\u00a0\u00a0\u00a0\u00a0\u00a0\u00a0\u00a0\u00a0\u00a0\u00a0\u00a0\u00a0\u00a0\u00a0\u00a0\u00a0\u00a0\u00a0\u00a0\u00a0\u00a0\u00a0\u00a0\u00a0\u00a0\u00a0\u00a0\u00a0\u00a0\u00a0\u00a0\u00a0\u00a0\u00a0\u00a0\u00a0\u00a0\u00a0\u00a0\u00a0\u00a0\u00a0\u00a0\u00a0\u00a0\u00a0\u00a0\u00a0\u00a0\u00a0\u00a0\u00a0\u00a0\u00a0\u00a0\u00a0\u00a0\u00a0\u00a0\u00a0\u00a0 <\/em><\/p>\n<p>&nbsp;<\/p>\n<p><em>_____________________<\/em><\/p>\n<p>&nbsp;<\/p>\n<p><strong><a href=\"https:\/\/www.linkedin.com\/in\/cecile-planchais-539b93141\/\">SOL \/ LUNE 2022,\u00a0olfactory mobile<\/a><\/strong><\/p>\n<p>&nbsp;<\/p>\n<p><em>\u201cThe sensory appreciation of perfume is a means of access to culture and knowledge\u201d<\/em><\/p>\n<p>&nbsp;<\/p>\n<p>The mobile sculpture Sun &amp; Moon, inspired by the solar system, was presented at SITEM in 2020 and 2021, with a perfume by Carole Calvez, perfume designer for museums. This perfume \u201cDe Lune\u201d was derived from interpretations expressed by the first astronauts on the moon.<\/p>\n<p>&nbsp;<\/p>\n<p><img loading=\"lazy\" decoding=\"async\" class=\" https:\/\/www.linkedin.com\/in\/cecile-planchais-539b93141\/ aligncenter wp-image-35752 size-medium\" title=\" https:\/\/www.linkedin.com\/in\/cecile-planchais-539b93141\/\" src=\"https:\/\/www.sitem.fr\/wp-content\/uploads\/2022\/01\/DUO-SOL-LUNE-2021-DesignC\u00e9cilePlanchais-1-680x386.jpg\" alt=\"\" width=\"680\" height=\"386\" srcset=\"https:\/\/www.sitem.fr\/wp-content\/uploads\/2022\/01\/DUO-SOL-LUNE-2021-DesignC\u00e9cilePlanchais-1-680x386.jpg 680w, https:\/\/www.sitem.fr\/wp-content\/uploads\/2022\/01\/DUO-SOL-LUNE-2021-DesignC\u00e9cilePlanchais-1-scaled-600x341.jpg 600w, https:\/\/www.sitem.fr\/wp-content\/uploads\/2022\/01\/DUO-SOL-LUNE-2021-DesignC\u00e9cilePlanchais-1-1200x681.jpg 1200w, https:\/\/www.sitem.fr\/wp-content\/uploads\/2022\/01\/DUO-SOL-LUNE-2021-DesignC\u00e9cilePlanchais-1-768x436.jpg 768w, https:\/\/www.sitem.fr\/wp-content\/uploads\/2022\/01\/DUO-SOL-LUNE-2021-DesignC\u00e9cilePlanchais-1-1536x872.jpg 1536w, https:\/\/www.sitem.fr\/wp-content\/uploads\/2022\/01\/DUO-SOL-LUNE-2021-DesignC\u00e9cilePlanchais-1-2048x1162.jpg 2048w\" sizes=\"auto, (max-width: 680px) 100vw, 680px\" \/><\/p>\n<p>&nbsp;<\/p>\n<p>It manifests itself with the slow movement of the mobile, which connects a Sun in stained glass to a Moon carved out of Hainaut stone, which is echoed by a mirror to reflect light into its shadow. The effluvia are released and spread by the smallest movement of air.<\/p>\n<p>&nbsp;<\/p>\n<p>The 2021 advancement is a rechargeable diffuser implanted in the Moon, built by an engineer affiliated with Grasse, the world perfume capital. This facilitates the passage of air through the Moon, for a subtle and unexpected diffusion.\u00a0<em>\u201c Perfume, invisible material, which projects us into a space, a civilization, a work of art\u2026\u201d <\/em><\/p>\n<p>&nbsp;<\/p>\n","protected":false},"excerpt":{"rendered":"SOL \/ LUNE 2022, mobile olfactif &nbsp; \u00ab\u00a0La perception sensorielle du parfum est un moyen d\u2019acc\u00e9der \u00e0 la culture et \u00e0 la connaissance\u00a0\u00bb. \u00a0\u00a0\u00a0\u00a0\u00a0 \u00a0\u00a0\u00a0\u00a0\u00a0\u00a0\u00a0\u00a0\u00a0\u00a0\u00a0\u00a0\u00a0\u00a0\u00a0\u00a0\u00a0\u00a0\u00a0\u00a0\u00a0\u00a0\u00a0\u00a0\u00a0\u00a0\u00a0\u00a0\u00a0\u00a0\u00a0\u00a0\u00a0\u00a0\u00a0\u00a0\u00a0\u00a0 La sculpture mobile Sol &amp; Lune inspir\u00e9e du syst\u00e8me solaire a \u00e9t\u00e9 pr\u00e9sent\u00e9e au SITEM en 2020 et 2021 avec un parfum de Carole Calvez (Iris &amp; Morph\u00e9e) designer olfactive&#8230; <br><a class=\"readm\" href=\"https:\/\/www.sitem.fr\/en\/cecile-planchais-sol-lune-2022-mobile-olfactif\/\">Read more<\/a>","protected":false},"author":4756,"featured_media":35748,"comment_status":"closed","ping_status":"closed","sticky":false,"template":"","format":"standard","meta":{"_acf_changed":false,"footnotes":""},"categories":[1111,1325,1034],"tags":[1952,2238,1760,2237,2235,2236,1113,2240,2239],"class_list":["post-35754","post","type-post","status-publish","format-standard","has-post-thumbnail","hentry","category-actualites-recentes","category-museographie-scenographie-graphisme-signaletique","category-oeuvres","tag-carole-calvez","tag-cecile-planchais","tag-innovation","tag-interpretations","tag-mobile-olfactif","tag-parfum","tag-prestataire","tag-sol-lune","tag-sun-moon"],"acf":[],"_links":{"self":[{"href":"https:\/\/www.sitem.fr\/en\/wp-json\/wp\/v2\/posts\/35754","targetHints":{"allow":["GET"]}}],"collection":[{"href":"https:\/\/www.sitem.fr\/en\/wp-json\/wp\/v2\/posts"}],"about":[{"href":"https:\/\/www.sitem.fr\/en\/wp-json\/wp\/v2\/types\/post"}],"author":[{"embeddable":true,"href":"https:\/\/www.sitem.fr\/en\/wp-json\/wp\/v2\/users\/4756"}],"replies":[{"embeddable":true,"href":"https:\/\/www.sitem.fr\/en\/wp-json\/wp\/v2\/comments?post=35754"}],"version-history":[{"count":6,"href":"https:\/\/www.sitem.fr\/en\/wp-json\/wp\/v2\/posts\/35754\/revisions"}],"predecessor-version":[{"id":35762,"href":"https:\/\/www.sitem.fr\/en\/wp-json\/wp\/v2\/posts\/35754\/revisions\/35762"}],"wp:featuredmedia":[{"embeddable":true,"href":"https:\/\/www.sitem.fr\/en\/wp-json\/wp\/v2\/media\/35748"}],"wp:attachment":[{"href":"https:\/\/www.sitem.fr\/en\/wp-json\/wp\/v2\/media?parent=35754"}],"wp:term":[{"taxonomy":"category","embeddable":true,"href":"https:\/\/www.sitem.fr\/en\/wp-json\/wp\/v2\/categories?post=35754"},{"taxonomy":"post_tag","embeddable":true,"href":"https:\/\/www.sitem.fr\/en\/wp-json\/wp\/v2\/tags?post=35754"}],"curies":[{"name":"wp","href":"https:\/\/api.w.org\/{rel}","templated":true}]}}