{"id":35808,"date":"2022-01-21T11:19:08","date_gmt":"2022-01-21T10:19:08","guid":{"rendered":"https:\/\/www.sitem.fr\/?p=35808"},"modified":"2025-03-12T13:49:19","modified_gmt":"2025-03-12T12:49:19","slug":"les-musees-dorsay-et-de-lorangerie-renouvellent-leur-confiance-envers-orpheo","status":"publish","type":"post","link":"https:\/\/www.sitem.fr\/en\/les-musees-dorsay-et-de-lorangerie-renouvellent-leur-confiance-envers-orpheo\/","title":{"rendered":"Les mus\u00e9es d&#8217;Orsay et de l&#8217;Orangerie renouvellent leur confiance envers Orpheo"},"content":{"rendered":"<p>Suite \u00e0 une mise en concurrence, l\u2019<strong><a href=\"https:\/\/www.epmo-musees.fr\/fr\" target=\"_blank\" rel=\"noopener noreferrer\">\u00c9tablissement Public des Mus\u00e9es d\u2019Orsay et de l\u2019Orangerie<\/a><\/strong>\u00a0a d\u00e9cid\u00e9 de poursuivre sa collaboration avec Orpheo, laquelle a d\u00e9but\u00e9 en 2017. Orpheo est honor\u00e9 d\u2019avoir \u00e9t\u00e9 choisi pour accompagner ces deux mus\u00e9es prestigieux que sont les mus\u00e9es\u00a0<a href=\"https:\/\/www.musee-orangerie.fr\/fr\"><strong>de l\u2019Orangerie<\/strong><\/a>\u00a0et\u00a0<a href=\"https:\/\/www.musee-orsay.fr\/fr\"><strong>d\u2019Orsay<\/strong><\/a>, afin de continuer \u00e0 proposer aux visiteurs ses solutions de m\u00e9diation culturelle sur mesure, enrichies et innovantes.<\/p>\n<p>&nbsp;<\/p>\n<p>Cette marque de confiance est d\u2019autant plus gratifiante qu\u2019elle survient apr\u00e8s une p\u00e9riode marqu\u00e9e par l\u2019\u00e9pid\u00e9mie de Covid-19. Ce contexte difficile pour les mus\u00e9es n\u2019a pas entach\u00e9 la qualit\u00e9 de service offerte par <strong><a href=\"https:\/\/orpheogroup.com\/fr\/\">Orpheo<\/a><\/strong> avec une implication demeurant intacte \u00e0 toute \u00e9preuve.<\/p>\n<p>En tant que fournisseur de solutions d\u2019aide \u00e0 la visite, Orpheo alloue \u00e9galement du personnel sur site pour g\u00e9rer la distribution et la restitution des appareils de visite. Cette op\u00e9ration est d\u2019ailleurs facilit\u00e9e par le recours aux bornes connect\u00e9es <a href=\"https:\/\/orpheogroup.com\/fr\/produits\/autres-produits\/d-box-borne-connectee-de-distribution\/\"><strong>D-Box<\/strong><\/a>, qui permettent d\u2019automatiser la distribution tout en collectant des donn\u00e9es op\u00e9rationnelles (statistiques sur les langues et parcours s\u00e9lectionn\u00e9s par les visiteurs, taux de satisfaction des visiteurs\u2026).<\/p>\n<p>&nbsp;<\/p>\n<p>Un gain de fluidit\u00e9 non n\u00e9gligeable pour un mus\u00e9e aussi fr\u00e9quent\u00e9 que le mus\u00e9e d\u2019Orsay !<\/p>\n<p>&nbsp;<\/p>\n<p><img loading=\"lazy\" decoding=\"async\" class=\"wp-image-35786 aligncenter\" src=\"https:\/\/www.sitem.fr\/wp-content\/uploads\/2022\/01\/orpheo-62-1-660x440.jpg\" alt=\"\" width=\"481\" height=\"320\" srcset=\"https:\/\/www.sitem.fr\/wp-content\/uploads\/2022\/01\/orpheo-62-1-660x440.jpg 660w, https:\/\/www.sitem.fr\/wp-content\/uploads\/2022\/01\/orpheo-62-1-600x400.jpg 600w, https:\/\/www.sitem.fr\/wp-content\/uploads\/2022\/01\/orpheo-62-1-1200x800.jpg 1200w, https:\/\/www.sitem.fr\/wp-content\/uploads\/2022\/01\/orpheo-62-1-768x512.jpg 768w, https:\/\/www.sitem.fr\/wp-content\/uploads\/2022\/01\/orpheo-62-1-1536x1024.jpg 1536w, https:\/\/www.sitem.fr\/wp-content\/uploads\/2022\/01\/orpheo-62-1-2048x1366.jpg 2048w\" sizes=\"auto, (max-width: 481px) 100vw, 481px\" \/><\/p>\n<p style=\"text-align: center;\"><em><span style=\"color: #333333;\">Orpheo D-Box, borne de distribution et restitution des appareils de visite<\/span><\/em><\/p>\n<p>&nbsp;<\/p>\n<p>Outre l\u2019exploitation du service de visite guid\u00e9e avec les audiophones\u00a0<strong><a href=\"https:\/\/orpheogroup.com\/fr\/produits\/audiophone\/orpheo-tg-systeme-radio-groupe-audiophone\/\">Orpheo Tour Guide<\/a><\/strong>, ce contrat de concession conf\u00e8re aussi \u00e0 Orpheo la fourniture d\u2019un millier de guides multim\u00e9dias\u00a0<a href=\"https:\/\/orpheogroup.com\/fr\/produits\/visioguide\/orpheo-touch-guide-multimedia\/\"><strong>Orpheo Touch<\/strong><\/a>, destin\u00e9s \u00e0 \u00e9quiper les visiteurs adultes et jeunes publics.<\/p>\n<p>&nbsp;<\/p>\n<p><img loading=\"lazy\" decoding=\"async\" class=\" wp-image-35789 aligncenter\" src=\"https:\/\/www.sitem.fr\/wp-content\/uploads\/2022\/01\/orpheo-32-merged-orpheo-27-SITEM-680x221.png\" alt=\"\" width=\"781\" height=\"254\" srcset=\"https:\/\/www.sitem.fr\/wp-content\/uploads\/2022\/01\/orpheo-32-merged-orpheo-27-SITEM-680x221.png 680w, https:\/\/www.sitem.fr\/wp-content\/uploads\/2022\/01\/orpheo-32-merged-orpheo-27-SITEM-600x195.png 600w, https:\/\/www.sitem.fr\/wp-content\/uploads\/2022\/01\/orpheo-32-merged-orpheo-27-SITEM-1200x391.png 1200w, https:\/\/www.sitem.fr\/wp-content\/uploads\/2022\/01\/orpheo-32-merged-orpheo-27-SITEM-768x250.png 768w, https:\/\/www.sitem.fr\/wp-content\/uploads\/2022\/01\/orpheo-32-merged-orpheo-27-SITEM-1536x500.png 1536w, https:\/\/www.sitem.fr\/wp-content\/uploads\/2022\/01\/orpheo-32-merged-orpheo-27-SITEM-2048x667.png 2048w\" sizes=\"auto, (max-width: 781px) 100vw, 781px\" \/><\/p>\n<p style=\"text-align: center;\"><em><span style=\"color: #333333;\">Des visiteurs utilisent l&#8217;audiophone Orpheo TourGuide (gauche) et le guide multim\u00e9dia Orpheo Touch<\/span><\/em><\/p>\n<p>&nbsp;<\/p>\n<p>&nbsp;<\/p>\n<p>Le contrat pr\u00e9voit \u00e9galement la sc\u00e9narisation des visites des collections permanentes et des expositions temporaires, avec notamment la refonte d\u2019une grande partie des <strong><a href=\"https:\/\/orpheogroup.com\/fr\/production-contenus-visite-multimedia-audio\/\">contenus multim\u00e9dias<\/a><\/strong> associ\u00e9s avec plus de 650 commentaires d&#8217;\u0153uvres en 10 langues.<\/p>\n<p>&nbsp;<\/p>\n","protected":false},"excerpt":{"rendered":"Suite \u00e0 une mise en concurrence, l\u2019\u00c9tablissement Public des Mus\u00e9es d\u2019Orsay et de l\u2019Orangerie\u00a0a d\u00e9cid\u00e9 de poursuivre sa collaboration avec Orpheo, laquelle a d\u00e9but\u00e9 en 2017. Orpheo est honor\u00e9 d\u2019avoir \u00e9t\u00e9 choisi pour accompagner ces deux mus\u00e9es prestigieux que sont les mus\u00e9es\u00a0de l\u2019Orangerie\u00a0et\u00a0d\u2019Orsay, afin de continuer \u00e0 proposer aux visiteurs ses solutions de m\u00e9diation culturelle&#8230; <br><a class=\"readm\" href=\"https:\/\/www.sitem.fr\/en\/les-musees-dorsay-et-de-lorangerie-renouvellent-leur-confiance-envers-orpheo\/\">Read more<\/a>","protected":false},"author":2367,"featured_media":35786,"comment_status":"closed","ping_status":"closed","sticky":false,"template":"","format":"standard","meta":{"_acf_changed":false,"footnotes":""},"categories":[1328,1111,1695,1693],"tags":[2258,1773,256,1371,2257,549,1113,2197,880],"class_list":["post-35808","post","type-post","status-publish","format-standard","has-post-thumbnail","hentry","category-accessibilite-gestion-des-publics-aide-a-la-visite","category-actualites-recentes","category-aide-a-la-visite","category-audioguide","tag-aide-a-la-visite","tag-audiophones","tag-mediation-culturelle","tag-musee-de-lorangerie","tag-musees-dorsay","tag-orpheo","tag-prestataire","tag-scenarisation","tag-visiteurs"],"acf":[],"_links":{"self":[{"href":"https:\/\/www.sitem.fr\/en\/wp-json\/wp\/v2\/posts\/35808","targetHints":{"allow":["GET"]}}],"collection":[{"href":"https:\/\/www.sitem.fr\/en\/wp-json\/wp\/v2\/posts"}],"about":[{"href":"https:\/\/www.sitem.fr\/en\/wp-json\/wp\/v2\/types\/post"}],"author":[{"embeddable":true,"href":"https:\/\/www.sitem.fr\/en\/wp-json\/wp\/v2\/users\/2367"}],"replies":[{"embeddable":true,"href":"https:\/\/www.sitem.fr\/en\/wp-json\/wp\/v2\/comments?post=35808"}],"version-history":[{"count":4,"href":"https:\/\/www.sitem.fr\/en\/wp-json\/wp\/v2\/posts\/35808\/revisions"}],"predecessor-version":[{"id":50860,"href":"https:\/\/www.sitem.fr\/en\/wp-json\/wp\/v2\/posts\/35808\/revisions\/50860"}],"wp:featuredmedia":[{"embeddable":true,"href":"https:\/\/www.sitem.fr\/en\/wp-json\/wp\/v2\/media\/35786"}],"wp:attachment":[{"href":"https:\/\/www.sitem.fr\/en\/wp-json\/wp\/v2\/media?parent=35808"}],"wp:term":[{"taxonomy":"category","embeddable":true,"href":"https:\/\/www.sitem.fr\/en\/wp-json\/wp\/v2\/categories?post=35808"},{"taxonomy":"post_tag","embeddable":true,"href":"https:\/\/www.sitem.fr\/en\/wp-json\/wp\/v2\/tags?post=35808"}],"curies":[{"name":"wp","href":"https:\/\/api.w.org\/{rel}","templated":true}]}}