{"id":35814,"date":"2022-01-21T12:37:18","date_gmt":"2022-01-21T11:37:18","guid":{"rendered":"https:\/\/www.sitem.fr\/?p=35814"},"modified":"2022-01-21T12:37:18","modified_gmt":"2022-01-21T11:37:18","slug":"scarabee-organise-le-2eme-colloque-juliobona","status":"publish","type":"post","link":"https:\/\/www.sitem.fr\/en\/scarabee-organise-le-2eme-colloque-juliobona\/","title":{"rendered":"Scarab\u00e9e organise le 2\u00e8me colloque Juliobona"},"content":{"rendered":"<p>La seconde \u00e9dition du colloque Juliobona, organis\u00e9e par Caux Seine agglo se tiendra jeudi 24 mars 2022 \u00e0 l\u2019abbaye de Gruchet le Valasse (Seine-Maritime). L\u2019agglo a confi\u00e9 \u00e0 Scarab\u00e9e la pr\u00e9paration et l\u2019animation de ce temps fort, comme cela avait d\u00e9j\u00e0 \u00e9t\u00e9 le cas lors de la premi\u00e8re \u00e9dition.<\/p>\n<p>&nbsp;<\/p>\n<p>Ces rencontres s\u2019inscrivent dans le cadre du projet de valorisation du patrimoine arch\u00e9ologique gallo-romain de Lillebonne et sa r\u00e9gion, \u00ab Juliobona, la cit\u00e9 antique sur la Seine \u00bb dont la strat\u00e9gie a \u00e9galement \u00e9t\u00e9 d\u00e9finie par<strong> <a href=\"http:\/\/www.agence-scarabee.com\">Scarab\u00e9e<\/a><\/strong>. Le positionnement ambitieux du projet, \u00e9chelonn\u00e9 sur 30 ans, vise \u00e0 donner un nouveau visage \u00e0 la ville et en faire une destination de visite. Il s\u2019agit ainsi d\u2019un projet transversal au coeur des probl\u00e9matiques de redynamisation du centre-ville, o\u00f9 urbanisme, arch\u00e9ologie, patrimoine et tourisme dialoguent.<\/p>\n<p>&nbsp;<\/p>\n<p>Le th\u00e8me retenu pour l\u2019\u00e9dition 2022 du colloque Juliobona est L\u2019HABITANT AU C\u0152UR DES PROJETS DE VALORISATION DES PATRIMOINES.<\/p>\n<p>&nbsp;<\/p>\n<p>Les tables rondes aborderont ce sujet sous plusieurs angles\u00a0:<\/p>\n<ul>\n<li>co-construire les projets avec les habitants<\/li>\n<li>consid\u00e9rer les habitants comme le premier public<\/li>\n<li>s\u2019appuyer sur les habitants pour co-produire des offres<\/li>\n<li>co-financer les projets avec les habitants<\/li>\n<li>faire des habitants les meilleurs ambassadeurs<\/li>\n<\/ul>\n<p>&nbsp;<\/p>\n<p>&nbsp;<\/p>\n<p>Le Qu\u00e9bec sera invit\u00e9 d\u2019honneur.<br \/>\nLa journ\u00e9e sera anim\u00e9e par Luc Bonnin et Laurence Chesneau Dupin.<\/p>\n<p>&nbsp;<\/p>\n<p>Notez d\u00e8s \u00e0 pr\u00e9sent la date, le nombre de places est limit\u00e9\u00a0!<br \/>\nPlus d\u2019informations sur <a href=\"http:\/\/www.musee-juliobona.fr\">www.musee-juliobona.fr<\/a><\/p>\n<p>&nbsp;<\/p>\n<p><a href=\"http:\/\/www.agence-scarabee.com\">www.agence-scarabee.com<\/a><\/p>\n","protected":false},"excerpt":{"rendered":"La seconde \u00e9dition du colloque Juliobona, organis\u00e9e par Caux Seine agglo se tiendra jeudi 24 mars 2022 \u00e0 l\u2019abbaye de Gruchet le Valasse (Seine-Maritime). L\u2019agglo a confi\u00e9 \u00e0 Scarab\u00e9e la pr\u00e9paration et l\u2019animation de ce temps fort, comme cela avait d\u00e9j\u00e0 \u00e9t\u00e9 le cas lors de la premi\u00e8re \u00e9dition. &nbsp; Ces rencontres s\u2019inscrivent dans le&#8230; <br><a class=\"readm\" href=\"https:\/\/www.sitem.fr\/en\/scarabee-organise-le-2eme-colloque-juliobona\/\">Read more<\/a>","protected":false},"author":2408,"featured_media":35812,"comment_status":"closed","ping_status":"closed","sticky":false,"template":"","format":"standard","meta":{"_acf_changed":false,"footnotes":""},"categories":[1111,1695,1327],"tags":[214,1786,2259,565,808,1113,1426,792],"class_list":["post-35814","post","type-post","status-publish","format-standard","has-post-thumbnail","hentry","category-actualites-recentes","category-aide-a-la-visite","category-valorisation-et-etude-des-collections-museales-et-patrimoniales","tag-archeologie","tag-cite-antique","tag-colloque","tag-juliobona","tag-patrimoine","tag-prestataire","tag-scarabee","tag-tourisme"],"acf":[],"_links":{"self":[{"href":"https:\/\/www.sitem.fr\/en\/wp-json\/wp\/v2\/posts\/35814","targetHints":{"allow":["GET"]}}],"collection":[{"href":"https:\/\/www.sitem.fr\/en\/wp-json\/wp\/v2\/posts"}],"about":[{"href":"https:\/\/www.sitem.fr\/en\/wp-json\/wp\/v2\/types\/post"}],"author":[{"embeddable":true,"href":"https:\/\/www.sitem.fr\/en\/wp-json\/wp\/v2\/users\/2408"}],"replies":[{"embeddable":true,"href":"https:\/\/www.sitem.fr\/en\/wp-json\/wp\/v2\/comments?post=35814"}],"version-history":[{"count":3,"href":"https:\/\/www.sitem.fr\/en\/wp-json\/wp\/v2\/posts\/35814\/revisions"}],"predecessor-version":[{"id":35837,"href":"https:\/\/www.sitem.fr\/en\/wp-json\/wp\/v2\/posts\/35814\/revisions\/35837"}],"wp:featuredmedia":[{"embeddable":true,"href":"https:\/\/www.sitem.fr\/en\/wp-json\/wp\/v2\/media\/35812"}],"wp:attachment":[{"href":"https:\/\/www.sitem.fr\/en\/wp-json\/wp\/v2\/media?parent=35814"}],"wp:term":[{"taxonomy":"category","embeddable":true,"href":"https:\/\/www.sitem.fr\/en\/wp-json\/wp\/v2\/categories?post=35814"},{"taxonomy":"post_tag","embeddable":true,"href":"https:\/\/www.sitem.fr\/en\/wp-json\/wp\/v2\/tags?post=35814"}],"curies":[{"name":"wp","href":"https:\/\/api.w.org\/{rel}","templated":true}]}}