{"id":35879,"date":"2022-01-25T12:20:15","date_gmt":"2022-01-25T11:20:15","guid":{"rendered":"https:\/\/www.sitem.fr\/?p=35879"},"modified":"2022-01-25T12:20:15","modified_gmt":"2022-01-25T11:20:15","slug":"exposition-portraits-de-france-au-musee-de-lhomme-concue-par-latelier-deltaedre","status":"publish","type":"post","link":"https:\/\/www.sitem.fr\/en\/exposition-portraits-de-france-au-musee-de-lhomme-concue-par-latelier-deltaedre\/","title":{"rendered":"Exposition &#8220;portraits de France&#8221; au mus\u00e9e de l&#8217;Homme con\u00e7ue par l&#8217;atelier Delta\u00e8dre"},"content":{"rendered":"<p><strong><a href=\"https:\/\/atelier-deltaedre.com\/\">L&#8217;atelier Delta\u00e8dre<\/a> <\/strong>a con\u00e7u la sc\u00e9nographie et le graphisme de l&#8217;exposition &#8220;Portraits de France&#8221; ouverte jusqu&#8217;au 14 f\u00e9vrier 2022.<\/p>\n<p>Cette exposition retrace le parcours de 29 femmes et 29 hommes illustres, issus de l\u2019immigration, du XIXe si\u00e8cle \u00e0 nos jours, qui ont, par leur \u0153uvre, leur travail ou leur engagement, contribu\u00e9 \u00e0 \u00e9crire le grand r\u00e9cit national.<\/p>\n<p>&nbsp;<\/p>\n<p>La sc\u00e9nographie d\u00e9ploie une soixantaine de portraits compos\u00e9s \u00e0 la mani\u00e8re d\u2019une mosa\u00efque m\u00ealant biographies, citations et images d\u2019archives autour de la salle et invite le visiteur \u00e0 d\u00e9couvrir ou red\u00e9couvrir ces personnages embl\u00e9matiques.<\/p>\n<p>Quelques objets sous vitrines sont dispos\u00e9s en regard de cette fresque graphique chronologique, et des \u0153uvres embl\u00e9matiques (peintures, photographies ou affiches&#8230;) sont pr\u00e9sent\u00e9es pour chaque partie. Ce d\u00e9cor graphique contemporain et didactique sert de trait d\u2019union \u00e0 l\u2019ensemble en proposant une r\u00e9partition de la m\u00e9diation hi\u00e9rarchis\u00e9e, claire et dynamique.<\/p>\n<p>&nbsp;<\/p>\n<p>&nbsp;<\/p>\n","protected":false},"excerpt":{"rendered":"L&#8217;atelier Delta\u00e8dre a con\u00e7u la sc\u00e9nographie et le graphisme de l&#8217;exposition &#8220;Portraits de France&#8221; ouverte jusqu&#8217;au 14 f\u00e9vrier 2022. Cette exposition retrace le parcours de 29 femmes et 29 hommes illustres, issus de l\u2019immigration, du XIXe si\u00e8cle \u00e0 nos jours, qui ont, par leur \u0153uvre, leur travail ou leur engagement, contribu\u00e9 \u00e0 \u00e9crire le grand&#8230; <br><a class=\"readm\" href=\"https:\/\/www.sitem.fr\/en\/exposition-portraits-de-france-au-musee-de-lhomme-concue-par-latelier-deltaedre\/\">Read more<\/a>","protected":false},"author":4456,"featured_media":35875,"comment_status":"closed","ping_status":"closed","sticky":false,"template":"","format":"standard","meta":{"_acf_changed":false,"footnotes":""},"categories":[1111,142,1325,1,1034],"tags":[2267,1355,822,359,1113,632],"class_list":["post-35879","post","type-post","status-publish","format-standard","has-post-thumbnail","hentry","category-actualites-recentes","category-agencement","category-museographie-scenographie-graphisme-signaletique","category-non-classifiee","category-oeuvres","tag-portraits-de-france","tag-atelier-deltaedre","tag-graphisme","tag-musee-de-lhomme","tag-prestataire","tag-scenographie"],"acf":[],"_links":{"self":[{"href":"https:\/\/www.sitem.fr\/en\/wp-json\/wp\/v2\/posts\/35879","targetHints":{"allow":["GET"]}}],"collection":[{"href":"https:\/\/www.sitem.fr\/en\/wp-json\/wp\/v2\/posts"}],"about":[{"href":"https:\/\/www.sitem.fr\/en\/wp-json\/wp\/v2\/types\/post"}],"author":[{"embeddable":true,"href":"https:\/\/www.sitem.fr\/en\/wp-json\/wp\/v2\/users\/4456"}],"replies":[{"embeddable":true,"href":"https:\/\/www.sitem.fr\/en\/wp-json\/wp\/v2\/comments?post=35879"}],"version-history":[{"count":5,"href":"https:\/\/www.sitem.fr\/en\/wp-json\/wp\/v2\/posts\/35879\/revisions"}],"predecessor-version":[{"id":35889,"href":"https:\/\/www.sitem.fr\/en\/wp-json\/wp\/v2\/posts\/35879\/revisions\/35889"}],"wp:featuredmedia":[{"embeddable":true,"href":"https:\/\/www.sitem.fr\/en\/wp-json\/wp\/v2\/media\/35875"}],"wp:attachment":[{"href":"https:\/\/www.sitem.fr\/en\/wp-json\/wp\/v2\/media?parent=35879"}],"wp:term":[{"taxonomy":"category","embeddable":true,"href":"https:\/\/www.sitem.fr\/en\/wp-json\/wp\/v2\/categories?post=35879"},{"taxonomy":"post_tag","embeddable":true,"href":"https:\/\/www.sitem.fr\/en\/wp-json\/wp\/v2\/tags?post=35879"}],"curies":[{"name":"wp","href":"https:\/\/api.w.org\/{rel}","templated":true}]}}