{"id":36017,"date":"2022-02-16T10:41:03","date_gmt":"2022-02-16T09:41:03","guid":{"rendered":"https:\/\/www.sitem.fr\/?p=36017"},"modified":"2022-02-16T10:41:03","modified_gmt":"2022-02-16T09:41:03","slug":"gece-etude-des-publics-des-musees-de-france-et-des-sites-archeologiques-de-corse","status":"publish","type":"post","link":"https:\/\/www.sitem.fr\/en\/gece-etude-des-publics-des-musees-de-france-et-des-sites-archeologiques-de-corse\/","title":{"rendered":"GECE : Etude des Publics des Mus\u00e9es de France et des Sites Arch\u00e9ologiques de Corse"},"content":{"rendered":"<p>Cr\u00e9\u00e9 en 2010, le r\u00e9seau des mus\u00e9es de Corse vise \u00e0 f\u00e9d\u00e9rer autour de projets communs les dix mus\u00e9es de France pr\u00e9sents en Corse ainsi que le FRAC. Ces mus\u00e9es regroupent diverses th\u00e9matiques (arch\u00e9ologie, histoire, anthropologie et beaux-arts) et appartiennent \u00e0 diff\u00e9rentes collectivit\u00e9s, \u00e0 la R\u00e9gion ou \u00e0 l\u2019Etat.<\/p>\n<p>&nbsp;<\/p>\n<p>Pour faciliter le travail et optimiser ce fonctionnement en r\u00e9seau, il est n\u00e9cessaire de conna\u00eetre le public de l\u2019ensemble de ces \u00e9tablissements membres. Cette\u00a0\u00e9tude des publics portera \u00e9galement sur les 3 sites arch\u00e9ologiques d\u2019Al\u00e9ria, de Cauria, de Cucuruzzu tous propri\u00e9t\u00e9 de la Collectivit\u00e9 de Corse, et ayant un lien direct avec les mus\u00e9es d\u2019Al\u00e9ria, de Levie et de Sart\u00e8ne.<\/p>\n<p>&nbsp;<\/p>\n<p>L\u2019objectif principal est d\u2019avoir une meilleure connaissance des publics des mus\u00e9es de France et des sites arch\u00e9ologiques de Corse. Cette \u00e9tude permettra d\u2019orienter la politique des publics de la Collectivit\u00e9 de Corse et des institutions mus\u00e9ales.<\/p>\n<p>&nbsp;<\/p>\n<p><img loading=\"lazy\" decoding=\"async\" width=\"660\" height=\"440\" class=\"size-medium wp-image-36015 aligncenter\" src=\"https:\/\/www.sitem.fr\/wp-content\/uploads\/2022\/02\/11035644-18295560-660x440.jpg\" alt=\"\" srcset=\"https:\/\/www.sitem.fr\/wp-content\/uploads\/2022\/02\/11035644-18295560-660x440.jpg 660w, https:\/\/www.sitem.fr\/wp-content\/uploads\/2022\/02\/11035644-18295560-600x400.jpg 600w, https:\/\/www.sitem.fr\/wp-content\/uploads\/2022\/02\/11035644-18295560-768x512.jpg 768w, https:\/\/www.sitem.fr\/wp-content\/uploads\/2022\/02\/11035644-18295560.jpg 1000w\" sizes=\"auto, (max-width: 660px) 100vw, 660px\" \/><\/p>\n<p style=\"text-align: center;\"><b>\u00a0Le site arch\u00e9ologique de Cucuruzzu \u2013 Capula, Collectivit\u00e9 de Corse\u00a0<\/b><b>\u00a9<\/b><\/p>\n<p>&nbsp;<\/p>\n<p>L\u2019institut Gece, ayant une grande exp\u00e9rience dans la mise en place d\u2019enqu\u00eates mutualis\u00e9es, a \u00e9t\u00e9 s\u00e9lectionn\u00e9 par la Collectivit\u00e9 de Corse. L\u2019accompagnement de l\u2019institut Gece est pr\u00e9vu sur deux ans. La premi\u00e8re ann\u00e9e, 2022, consistera :<\/p>\n<ul>\n<li>\u00a0la mise en place d\u2019un questionnaire commun compl\u00e9t\u00e9 de questions propres \u00e0 chaque site<\/li>\n<li>La visite de chaque site pour \u00e9changer avec les \u00e9quipes et identifier toutes les probl\u00e9matiques \u00e0 interroger aupr\u00e8s des publics<\/li>\n<li>L\u2019\u00e9laboration de protocoles de passation des questionnaires, la formation des \u00e9quipes et la mise \u00e0 disposition d\u2019outils de suivi<\/li>\n<li>L\u2019analyse des donn\u00e9es, la r\u00e9alisation de rapports d\u2019\u00e9tudes des publics pour chaque site et d\u2019un rapport \u00e0 l\u2019\u00e9chelle de la Collectivit\u00e9 de Corse.<\/li>\n<\/ul>\n<p>&nbsp;<\/p>\n<p>La seconde ann\u00e9e, 2023, sera destin\u00e9e \u00e0 la restitution de ces r\u00e9sultats, la construction d\u2019un guide m\u00e9thodologique d\u2019un Observatoire des publics et d\u2019un plan de formation d\u00e9di\u00e9.<\/p>\n","protected":false},"excerpt":{"rendered":"Cr\u00e9\u00e9 en 2010, le r\u00e9seau des mus\u00e9es de Corse vise \u00e0 f\u00e9d\u00e9rer autour de projets communs les dix mus\u00e9es de France pr\u00e9sents en Corse ainsi que le FRAC. Ces mus\u00e9es regroupent diverses th\u00e9matiques (arch\u00e9ologie, histoire, anthropologie et beaux-arts) et appartiennent \u00e0 diff\u00e9rentes collectivit\u00e9s, \u00e0 la R\u00e9gion ou \u00e0 l\u2019Etat. &nbsp; Pour faciliter le travail et&#8230; <br><a class=\"readm\" href=\"https:\/\/www.sitem.fr\/en\/gece-etude-des-publics-des-musees-de-france-et-des-sites-archeologiques-de-corse\/\">Read more<\/a>","protected":false},"author":4254,"featured_media":36015,"comment_status":"closed","ping_status":"closed","sticky":false,"template":"","format":"standard","meta":{"_acf_changed":false,"footnotes":""},"categories":[1328,1111,1317,916],"tags":[2287,826,1687,888,1930,2288,2285,1113,683,2286],"class_list":["post-36017","post","type-post","status-publish","format-standard","has-post-thumbnail","hentry","category-accessibilite-gestion-des-publics-aide-a-la-visite","category-actualites-recentes","category-gestion","category-tourisme","tag-collectivite-de-corse","tag-corse","tag-etude","tag-experience","tag-institut-gece","tag-institutions-museales","tag-musees-de-france","tag-prestataire","tag-publics","tag-sites-archeologiques"],"acf":[],"_links":{"self":[{"href":"https:\/\/www.sitem.fr\/en\/wp-json\/wp\/v2\/posts\/36017","targetHints":{"allow":["GET"]}}],"collection":[{"href":"https:\/\/www.sitem.fr\/en\/wp-json\/wp\/v2\/posts"}],"about":[{"href":"https:\/\/www.sitem.fr\/en\/wp-json\/wp\/v2\/types\/post"}],"author":[{"embeddable":true,"href":"https:\/\/www.sitem.fr\/en\/wp-json\/wp\/v2\/users\/4254"}],"replies":[{"embeddable":true,"href":"https:\/\/www.sitem.fr\/en\/wp-json\/wp\/v2\/comments?post=36017"}],"version-history":[{"count":3,"href":"https:\/\/www.sitem.fr\/en\/wp-json\/wp\/v2\/posts\/36017\/revisions"}],"predecessor-version":[{"id":36034,"href":"https:\/\/www.sitem.fr\/en\/wp-json\/wp\/v2\/posts\/36017\/revisions\/36034"}],"wp:featuredmedia":[{"embeddable":true,"href":"https:\/\/www.sitem.fr\/en\/wp-json\/wp\/v2\/media\/36015"}],"wp:attachment":[{"href":"https:\/\/www.sitem.fr\/en\/wp-json\/wp\/v2\/media?parent=36017"}],"wp:term":[{"taxonomy":"category","embeddable":true,"href":"https:\/\/www.sitem.fr\/en\/wp-json\/wp\/v2\/categories?post=36017"},{"taxonomy":"post_tag","embeddable":true,"href":"https:\/\/www.sitem.fr\/en\/wp-json\/wp\/v2\/tags?post=36017"}],"curies":[{"name":"wp","href":"https:\/\/api.w.org\/{rel}","templated":true}]}}