{"id":36156,"date":"2022-02-24T11:59:41","date_gmt":"2022-02-24T10:59:41","guid":{"rendered":"https:\/\/www.sitem.fr\/?p=36156"},"modified":"2022-03-08T10:44:15","modified_gmt":"2022-03-08T09:44:15","slug":"sound-4-museum-sonorise-la-salle-revilliod-du-musee-ariane-de-geneve","status":"publish","type":"post","link":"https:\/\/www.sitem.fr\/en\/sound-4-museum-sonorise-la-salle-revilliod-du-musee-ariane-de-geneve\/","title":{"rendered":"Sound 4 Museum sonorise la salle Revilliod du Mus\u00e9e Ariana de Gen\u00e8ve"},"content":{"rendered":"<p>Face au succ\u00e8s de l\u2019exposition temporaire d\u00e9di\u00e9e \u00e0 <strong>Gustave Revilliod<\/strong>, son fondateur, le <a href=\"https:\/\/www.musee-ariana.ch\/fr\"><strong>Mus\u00e9e Ariana de Gen\u00e8ve<\/strong><\/a> a d\u00e9cid\u00e9 de consacrer l\u2019une des salles de son parcours permanent \u00e0 l\u2019explorateur et collectionneur suisse. Le mus\u00e9e expose ainsi de fa\u00e7on permanente les collections d\u2019objets en verre et c\u00e9ramique glan\u00e9s et l\u00e9gu\u00e9s par le c\u00e9l\u00e8bre collectionneur.<\/p>\n<p>&nbsp;<\/p>\n<p><img loading=\"lazy\" decoding=\"async\" width=\"357\" height=\"440\" class=\"size-medium wp-image-36152 aligncenter\" src=\"https:\/\/www.sitem.fr\/wp-content\/uploads\/2022\/02\/Portrait-Revilliod-357x440.jpg\" alt=\"Portrait de Gustave Revilliod\" srcset=\"https:\/\/www.sitem.fr\/wp-content\/uploads\/2022\/02\/Portrait-Revilliod-357x440.jpg 357w, https:\/\/www.sitem.fr\/wp-content\/uploads\/2022\/02\/Portrait-Revilliod.jpg 430w\" sizes=\"auto, (max-width: 357px) 100vw, 357px\" \/><\/p>\n<p>&nbsp;<\/p>\n<p>Afin de pr\u00e9senter quelques uns des t\u00e9moignages \u00e9crits que nous laiss\u00e9 l\u2019explorateur et homme de lettre, le mus\u00e9e a confi\u00e9 \u00e0 <strong><a href=\"https:\/\/www.sound4museum.com\/\">Sound 4 Museum<\/a><\/strong> la production audio de lecture d\u2019une quinzaine de lettres retra\u00e7ant le long parcours de Revilliod \u00e0 travers le monde.<\/p>\n<p>Une succession de moments hauts en couleur qui sonnent comme autant de t\u00e9moignages de sa d\u00e9couverte du monde et de ses impressions si particuli\u00e8res. Sound 4 Museum a sollicit\u00e9 le talent du com\u00e9dien Marc Brunet pour l\u2019enregistrement des lectures et r\u00e9alis\u00e9 la s\u00e9lection et le montage des musiques qui s\u2019intercalent entre chaque lettre afin de placer les visiteurs dans un contexte tout aussi historique que g\u00e9ographique.<\/p>\n<p>&nbsp;<\/p>\n<p><strong><a href=\"https:\/\/www.sound4museum.com\">https:\/\/www.sound4museum.com<\/a><\/strong><\/p>\n","protected":false},"excerpt":{"rendered":"Face au succ\u00e8s de l\u2019exposition temporaire d\u00e9di\u00e9e \u00e0 Gustave Revilliod, son fondateur, le Mus\u00e9e Ariana de Gen\u00e8ve a d\u00e9cid\u00e9 de consacrer l\u2019une des salles de son parcours permanent \u00e0 l\u2019explorateur et collectionneur suisse. Le mus\u00e9e expose ainsi de fa\u00e7on permanente les collections d\u2019objets en verre et c\u00e9ramique glan\u00e9s et l\u00e9gu\u00e9s par le c\u00e9l\u00e8bre collectionneur. &nbsp;&#8230; <br><a class=\"readm\" href=\"https:\/\/www.sitem.fr\/en\/sound-4-museum-sonorise-la-salle-revilliod-du-musee-ariane-de-geneve\/\">Read more<\/a>","protected":false},"author":3760,"featured_media":36154,"comment_status":"closed","ping_status":"closed","sticky":false,"template":"","format":"standard","meta":{"_acf_changed":false,"footnotes":""},"categories":[1329,1,1034,154],"tags":[633,2309,1766,1113,2310,119],"class_list":["post-36156","post","type-post","status-publish","format-standard","has-post-thumbnail","hentry","category-equipement-conservation-gestion-des-collections-et-du-patrimoine","category-non-classifiee","category-oeuvres","category-son-2","tag-collections","tag-exposition-temporaire","tag-parcours-permanent","tag-prestataire","tag-sonorise","tag-sound-4-museum"],"acf":[],"_links":{"self":[{"href":"https:\/\/www.sitem.fr\/en\/wp-json\/wp\/v2\/posts\/36156","targetHints":{"allow":["GET"]}}],"collection":[{"href":"https:\/\/www.sitem.fr\/en\/wp-json\/wp\/v2\/posts"}],"about":[{"href":"https:\/\/www.sitem.fr\/en\/wp-json\/wp\/v2\/types\/post"}],"author":[{"embeddable":true,"href":"https:\/\/www.sitem.fr\/en\/wp-json\/wp\/v2\/users\/3760"}],"replies":[{"embeddable":true,"href":"https:\/\/www.sitem.fr\/en\/wp-json\/wp\/v2\/comments?post=36156"}],"version-history":[{"count":4,"href":"https:\/\/www.sitem.fr\/en\/wp-json\/wp\/v2\/posts\/36156\/revisions"}],"predecessor-version":[{"id":36252,"href":"https:\/\/www.sitem.fr\/en\/wp-json\/wp\/v2\/posts\/36156\/revisions\/36252"}],"wp:featuredmedia":[{"embeddable":true,"href":"https:\/\/www.sitem.fr\/en\/wp-json\/wp\/v2\/media\/36154"}],"wp:attachment":[{"href":"https:\/\/www.sitem.fr\/en\/wp-json\/wp\/v2\/media?parent=36156"}],"wp:term":[{"taxonomy":"category","embeddable":true,"href":"https:\/\/www.sitem.fr\/en\/wp-json\/wp\/v2\/categories?post=36156"},{"taxonomy":"post_tag","embeddable":true,"href":"https:\/\/www.sitem.fr\/en\/wp-json\/wp\/v2\/tags?post=36156"}],"curies":[{"name":"wp","href":"https:\/\/api.w.org\/{rel}","templated":true}]}}