{"id":36190,"date":"2022-02-24T14:03:51","date_gmt":"2022-02-24T13:03:51","guid":{"rendered":"https:\/\/www.sitem.fr\/?p=36190"},"modified":"2022-02-24T14:03:51","modified_gmt":"2022-02-24T13:03:51","slug":"pic-bois-museo-demarche-et-pedagogie-de-reconquete","status":"publish","type":"post","link":"https:\/\/www.sitem.fr\/en\/pic-bois-museo-demarche-et-pedagogie-de-reconquete\/","title":{"rendered":"PIC BOIS : Mus\u00e9\u2019o &#8211; d\u00e9marche et p\u00e9dagogie de reconqu\u00eate"},"content":{"rendered":"<p>La <strong>mairie de Mordelles<\/strong> d\u00e9veloppe un <strong>concept original et exemplaire de renaturation<\/strong>, en associant <strong>restauration des lieux<\/strong> et <strong>mise en sc\u00e8ne didactique<\/strong>.<\/p>\n<p>&nbsp;<\/p>\n<p>Apr\u00e8s avoir mis en place des <strong>actions de fond <\/strong>visant \u00e0 <strong>r\u00e9tablir la qualit\u00e9 de l\u2019eau<\/strong> et <strong>prot\u00e9ger le milieu aquatique<\/strong>, la mairie de Mordelles souhaite <strong>sensibiliser les acteurs du territoire<\/strong>. L\u2019Atelier de l\u2019Hermine, assistant \u00e0 ma\u00eetrise d\u2019ouvrage, con\u00e7oit <strong>les parcours th\u00e9matiques<\/strong> et mandate PIC BOIS pour la fabrication.<\/p>\n<p>&nbsp;<\/p>\n<p>\u00ab\u00a0Mus\u00e9\u2019o interpelle les usagers gr\u00e2ce \u00e0 <strong>une ligne design visible<\/strong>, une vraie identit\u00e9, un <strong>univers graphique <\/strong>reconnaissable. Les <strong>exp\u00e9riences p\u00e9dagogiques<\/strong>, au centre de la d\u00e9marche, sont aussi destin\u00e9es aux groupes scolaires. \u00bb, confie Claire Jusseau, charg\u00e9e de piloter le projet.<\/p>\n<p>&nbsp;<\/p>\n<div id=\"attachment_36181\" style=\"width: 607px\" class=\"wp-caption aligncenter\"><img loading=\"lazy\" decoding=\"async\" aria-describedby=\"caption-attachment-36181\" class=\"wp-image-36181 size-medium\" src=\"https:\/\/www.sitem.fr\/wp-content\/uploads\/2022\/02\/1-Accueil-simple-2-597x440.jpg\" alt=\"Panneau d'accueil Mus\u00e9'o\" width=\"597\" height=\"440\" srcset=\"https:\/\/www.sitem.fr\/wp-content\/uploads\/2022\/02\/1-Accueil-simple-2-597x440.jpg 597w, https:\/\/www.sitem.fr\/wp-content\/uploads\/2022\/02\/1-Accueil-simple-2-600x442.jpg 600w, https:\/\/www.sitem.fr\/wp-content\/uploads\/2022\/02\/1-Accueil-simple-2-768x566.jpg 768w, https:\/\/www.sitem.fr\/wp-content\/uploads\/2022\/02\/1-Accueil-simple-2.jpg 1000w\" sizes=\"auto, (max-width: 597px) 100vw, 597px\" \/><p id=\"caption-attachment-36181\" class=\"wp-caption-text\">Panneau d&#8217;accueil : plan et histoire du sentier<\/p><\/div>\n<p>&nbsp;<\/p>\n<p>Le premier circuit pr\u00e9sente <strong>la vie rurale<\/strong> et<strong> les zones aquatiques d\u2019antan<\/strong>. <strong>Ax\u00e9s sur la manipulation<\/strong>\u00a0: volets \u00e0 soulever, cubes \u00e0 tourner, jeu d\u2019observation, 5 <strong>espaces de d\u00e9couverte<\/strong> permettent d\u2019observer et se poser des questions.<\/p>\n<p>&nbsp;<\/p>\n<div id=\"attachment_36183\" style=\"width: 607px\" class=\"wp-caption aligncenter\"><img loading=\"lazy\" decoding=\"async\" aria-describedby=\"caption-attachment-36183\" class=\"wp-image-36183 size-medium\" src=\"https:\/\/www.sitem.fr\/wp-content\/uploads\/2022\/02\/9-Station-Phare-5-597x440.jpg\" alt=\"Maquette station phare Mus\u00e9'o : Le chemin de l'eau, de la rivi\u00e8re au robinet\" width=\"597\" height=\"440\" srcset=\"https:\/\/www.sitem.fr\/wp-content\/uploads\/2022\/02\/9-Station-Phare-5-597x440.jpg 597w, https:\/\/www.sitem.fr\/wp-content\/uploads\/2022\/02\/9-Station-Phare-5-600x442.jpg 600w, https:\/\/www.sitem.fr\/wp-content\/uploads\/2022\/02\/9-Station-Phare-5-768x566.jpg 768w, https:\/\/www.sitem.fr\/wp-content\/uploads\/2022\/02\/9-Station-Phare-5.jpg 1000w\" sizes=\"auto, (max-width: 597px) 100vw, 597px\" \/><p id=\"caption-attachment-36183\" class=\"wp-caption-text\">Maquette : le chemin de l&#8217;eau, de la rivi\u00e8re au robinet<\/p><\/div>\n<p>&nbsp;<\/p>\n<p>&nbsp;<\/p>\n<p>Innovant, le parcours propose de s\u2019amuser \u00e0 trouver les <strong>mots<\/strong> <strong>bretons<\/strong> et gallos dissimul\u00e9s dans les panneaux. Une <strong>maquette<\/strong> permet, gr\u00e2ce \u00e0 une manivelle, d\u2019interpr\u00e9ter <strong>le chemin de l\u2019eau, de la rivi\u00e8re au robinet<\/strong>. Une activit\u00e9 phare qui donne envie d\u2019apprendre\u00a0!<\/p>\n<p><em>\u00a0<\/em><\/p>\n<p><em>Ma\u00eetre d\u2019\u0153uvre\u00a0: Atelier de l\u2019Hermine | Ma\u00eetre d\u2019ouvrage\u00a0: Mairie de Morbelles<\/em><\/p>\n<p><em>Illustration\u00a0: Claire Motz | Maquette\u00a0: Maq 2<\/em><\/p>\n<p><a href=\"https:\/\/www.pic-bois.com\/produits\/references\/museo--demarche-et-pedagogie-de-reconquete-467.html\" target=\"_blank\" rel=\"noopener noreferrer\"><strong>En savoir plus<\/strong><\/a><\/p>\n","protected":false},"excerpt":{"rendered":"La mairie de Mordelles d\u00e9veloppe un concept original et exemplaire de renaturation, en associant restauration des lieux et mise en sc\u00e8ne didactique. &nbsp; Apr\u00e8s avoir mis en place des actions de fond visant \u00e0 r\u00e9tablir la qualit\u00e9 de l\u2019eau et prot\u00e9ger le milieu aquatique, la mairie de Mordelles souhaite sensibiliser les acteurs du territoire. L\u2019Atelier&#8230; <br><a class=\"readm\" href=\"https:\/\/www.sitem.fr\/en\/pic-bois-museo-demarche-et-pedagogie-de-reconquete\/\">Read more<\/a>","protected":false},"author":4400,"featured_media":36179,"comment_status":"closed","ping_status":"closed","sticky":false,"template":"","format":"standard","meta":{"_acf_changed":false,"footnotes":""},"categories":[144,1325,1,367,925],"tags":[2312,2314,2311,1491,2313,496,1113,2315,2175],"class_list":["post-36190","post","type-post","status-publish","format-standard","has-post-thumbnail","hentry","category-mobilier","category-museographie-scenographie-graphisme-signaletique","category-non-classifiee","category-parcours-dinterpretation","category-pedagogie","tag-mairie-de-mordelles","tag-manipulation","tag-museo","tag-panneaux-signaletiques","tag-parcours-thematiques","tag-pic-bois","tag-prestataire","tag-restauration","tag-scenographique"],"acf":[],"_links":{"self":[{"href":"https:\/\/www.sitem.fr\/en\/wp-json\/wp\/v2\/posts\/36190","targetHints":{"allow":["GET"]}}],"collection":[{"href":"https:\/\/www.sitem.fr\/en\/wp-json\/wp\/v2\/posts"}],"about":[{"href":"https:\/\/www.sitem.fr\/en\/wp-json\/wp\/v2\/types\/post"}],"author":[{"embeddable":true,"href":"https:\/\/www.sitem.fr\/en\/wp-json\/wp\/v2\/users\/4400"}],"replies":[{"embeddable":true,"href":"https:\/\/www.sitem.fr\/en\/wp-json\/wp\/v2\/comments?post=36190"}],"version-history":[{"count":3,"href":"https:\/\/www.sitem.fr\/en\/wp-json\/wp\/v2\/posts\/36190\/revisions"}],"predecessor-version":[{"id":36193,"href":"https:\/\/www.sitem.fr\/en\/wp-json\/wp\/v2\/posts\/36190\/revisions\/36193"}],"wp:featuredmedia":[{"embeddable":true,"href":"https:\/\/www.sitem.fr\/en\/wp-json\/wp\/v2\/media\/36179"}],"wp:attachment":[{"href":"https:\/\/www.sitem.fr\/en\/wp-json\/wp\/v2\/media?parent=36190"}],"wp:term":[{"taxonomy":"category","embeddable":true,"href":"https:\/\/www.sitem.fr\/en\/wp-json\/wp\/v2\/categories?post=36190"},{"taxonomy":"post_tag","embeddable":true,"href":"https:\/\/www.sitem.fr\/en\/wp-json\/wp\/v2\/tags?post=36190"}],"curies":[{"name":"wp","href":"https:\/\/api.w.org\/{rel}","templated":true}]}}