{"id":36211,"date":"2022-03-21T09:21:28","date_gmt":"2022-03-21T08:21:28","guid":{"rendered":"https:\/\/www.sitem.fr\/?p=36211"},"modified":"2022-03-21T09:22:34","modified_gmt":"2022-03-21T08:22:34","slug":"polymorphe-design-changer-de-regard-pour-permettre-au-public-deficient-visuel-de-saisir-la-vision-de-lartiste-par-le-toucher","status":"publish","type":"post","link":"https:\/\/www.sitem.fr\/en\/polymorphe-design-changer-de-regard-pour-permettre-au-public-deficient-visuel-de-saisir-la-vision-de-lartiste-par-le-toucher\/","title":{"rendered":"Polymorphe Design : changer de regard pour permettre au public d\u00e9ficient visuel de saisir la vision de l&#8217;artiste par le toucher."},"content":{"rendered":"<blockquote><p><em>&#8220;D\u00e9cid\u00e9mment, que j&#8217;aime rendre accessibles les \u0153uvres du <strong><a href=\"http:\/\/www.museereattu.arles.fr\/\" target=\"_blank\" rel=\"noreferrer noopener\">Mus\u00e9e R\u00e9attu \u00e0 Arles<\/a><\/strong>. Apr\u00e8s la photographie de Strand, l&#8217;huile sur toile de Raspal et l&#8217;encre de Alechinsky, voici deux photographies de Jean Dieuzaide.&#8221;<\/em>\u00a0(Maud DUPUIS-CAILLOT)<\/p><\/blockquote>\n<p>&nbsp;<\/p>\n<p>&nbsp;<\/p>\n<p>L&#8217;outil de m\u00e9diation n&#8217;est ni une nouvelle \u0153uvre, ni une copie. C&#8217;est un support p\u00e9dagogique. Chaque interpr\u00e9tation tactile est une plong\u00e9e dans un nouvel univers. Pour rendre ces \u0153uvres accessibles aux publics d\u00e9ficients visuels, il faut choisir un autre point de vue : celui de l&#8217;artiste. Il faut tenter de regarder le monde \u00e0 sa fa\u00e7on. Comment cadre-t-il son image ? Que repr\u00e9sente-t-il ? Que ressent-il ? Pour permettre au public malvoyant ou non-voyant de saisir la vision de l&#8217;artiste par le toucher, il faut soi-m\u00eame changer son regard.<\/p>\n<p>&nbsp;<\/p>\n<p>&nbsp;<\/p>\n<p><strong>L&#8217;\u0153uvre du moment au mus\u00e9e R\u00e9attu \u00e0 Arles, ce sont 2 photographies de Dieuzaide.<br \/>\nDu noir et blanc, des cadrages tr\u00e8s serr\u00e9s pour repr\u00e9senter le tr\u00e8s grand, des lignes, des lignes et encore des lignes. Comment interpr\u00e9ter tactilement ces 2 tirages pour les rendre accessibles \u00e0 des visiteurs non-voyants ?<\/strong><\/p>\n<p>&nbsp;<\/p>\n<p>&nbsp;<\/p>\n<p><img loading=\"lazy\" decoding=\"async\" width=\"680\" height=\"381\" class=\"aligncenter size-medium wp-image-36209\" src=\"https:\/\/www.sitem.fr\/wp-content\/uploads\/2022\/02\/DIEUZAIDE-oeuvredumoment-2048-680x381.jpg\" alt=\"Dispositif tactile au mus\u00e9e R\u00e9attu : \u00e0 c\u00f4t\u00e9 des 2 \u0153uvres originales se trouvent les 2 interpr\u00e9tation tactile et un casque pour \u00e9couter l'audiodescription.\" srcset=\"https:\/\/www.sitem.fr\/wp-content\/uploads\/2022\/02\/DIEUZAIDE-oeuvredumoment-2048-680x381.jpg 680w, https:\/\/www.sitem.fr\/wp-content\/uploads\/2022\/02\/DIEUZAIDE-oeuvredumoment-2048-600x336.jpg 600w, https:\/\/www.sitem.fr\/wp-content\/uploads\/2022\/02\/DIEUZAIDE-oeuvredumoment-2048-1200x672.jpg 1200w, https:\/\/www.sitem.fr\/wp-content\/uploads\/2022\/02\/DIEUZAIDE-oeuvredumoment-2048-768x430.jpg 768w, https:\/\/www.sitem.fr\/wp-content\/uploads\/2022\/02\/DIEUZAIDE-oeuvredumoment-2048-1536x860.jpg 1536w, https:\/\/www.sitem.fr\/wp-content\/uploads\/2022\/02\/DIEUZAIDE-oeuvredumoment-2048.jpg 2048w\" sizes=\"auto, (max-width: 680px) 100vw, 680px\" \/><\/p>\n<p style=\"text-align: center;\"><em>L&#8217;\u0153uvre du moment (2021-2022) au mus\u00e9e R\u00e9attu : photographies de Jean Dieuzaide<\/em><\/p>\n<p>&nbsp;<\/p>\n<p>&nbsp;<\/p>\n<p>Chacune de ces 2 photos est interpr\u00e9t\u00e9e d&#8217;une part sous forme d&#8217;une image en relief visiotactile et d&#8217;autre part avec une maquette en volume (impression 3D). Les 2 images en relief reprennent ces lignes obs\u00e9dantes.<\/p>\n<p>&nbsp;<\/p>\n<p>Sur la premi\u00e8re photographie, L&#8217;escalier de G\u00e9rone (1956), les lignes horizontales remplissent toute l&#8217;image \u00e0 la fa\u00e7on d&#8217;un motif. Le titre nous indique qu&#8217;il s&#8217;agit de marches. De plus en plus serr\u00e9es en se rapprochant du haut de l&#8217;image, ces marches n&#8217;en finissent plus, comme un escalier qui monterait jusqu&#8217;au ciel, alors que dans le quart en bas \u00e0 gauche, un eccl\u00e9siastique descend les marches un livre \u00e0 la main. Sa longue soutane noire semble perforer l&#8217;escalier, absorbant le regard. On se sent submerg\u00e9 face \u00e0 cette image, certainement comme le visiteur tout petit en bas des escaliers, qui l\u00e8ve la t\u00eate pour faire face \u00e0 l&#8217;\u00e9glise San Felix de Gerone qui le surplombe, imposante en haut des 3 vol\u00e9es de marches. Pour comprendre cette configuration architecturale, la maquette 3D reproduit cet escalier et repr\u00e9sente l&#8217;eccl\u00e9siastique par un simple c\u00f4ne, sur le 3\u00e8me marche.<\/p>\n<p>&nbsp;<\/p>\n<p>&nbsp;<\/p>\n<p><img loading=\"lazy\" decoding=\"async\" width=\"330\" height=\"440\" class=\"aligncenter size-medium wp-image-36207\" src=\"https:\/\/www.sitem.fr\/wp-content\/uploads\/2022\/02\/DIEUZAIDE-EscalierDeGerone-perception-2048-330x440.jpg\" alt=\"Au premier plan se trouve la maquette 3D de l'escalier de G\u00e9rone. En arri\u00e8re plan, la photographie de Dieuzaide remplit l'image de ses lignes horizontales. L'eccl\u00e9siastique apparait sur la gauche de l'image.\" srcset=\"https:\/\/www.sitem.fr\/wp-content\/uploads\/2022\/02\/DIEUZAIDE-EscalierDeGerone-perception-2048-330x440.jpg 330w, https:\/\/www.sitem.fr\/wp-content\/uploads\/2022\/02\/DIEUZAIDE-EscalierDeGerone-perception-2048-600x800.jpg 600w, https:\/\/www.sitem.fr\/wp-content\/uploads\/2022\/02\/DIEUZAIDE-EscalierDeGerone-perception-2048-768x1024.jpg 768w, https:\/\/www.sitem.fr\/wp-content\/uploads\/2022\/02\/DIEUZAIDE-EscalierDeGerone-perception-2048-1152x1536.jpg 1152w, https:\/\/www.sitem.fr\/wp-content\/uploads\/2022\/02\/DIEUZAIDE-EscalierDeGerone-perception-2048.jpg 1536w\" sizes=\"auto, (max-width: 330px) 100vw, 330px\" \/><\/p>\n<p style=\"text-align: center;\"><em>Interpr\u00e9tation tactile de L&#8217;escalier de G\u00e9rone 1956, Jean Dieuzaide.<\/em><\/p>\n<p>&nbsp;<\/p>\n<p>Sur la deuxi\u00e8me photographie, les lignes sont verticales, serr\u00e9es, r\u00e9guli\u00e8res, g\u00e9om\u00e9triques. Elles commencent du haut de l&#8217;image, remplissent toute la photographie et s&#8217;arr\u00eatent en bas, au 9\/10eme de l&#8217;image, laissant une zone plus calme o\u00f9 se trouve un tout petit personnage (le photographe, car il s&#8217;agit de L&#8217;autoportrait &#8211; 1960). Sans ce personnage, cette photo pourrait n&#8217;\u00eatre qu&#8217;une composition abstraite et g\u00e9om\u00e9trique. Mais cette silhouette renseigne sur la nature de ces lignes, c&#8217;est le bardage d&#8217;un b\u00e2timent industriel. Cette fa\u00e7ade aveugle qui recouvre toute l&#8217;image est monumentale. Mais ces lignes verticales sont perturb\u00e9es par de grandes diagonales qui traversent l&#8217;image depuis le haut \u00e0 gauche vers le bas \u00e0 droite. Ce sont les ombres d&#8217;un b\u00e2timent et d&#8217;un portique encore plus grands qui se trouvent sur la gauche de l&#8217;observateur. Ces b\u00e2timents gigantesques, infime partie du bassin industriel de Lacq qui exploite des gisements de gaz naturel, ne sont pr\u00e9sents sur la photographie que par leur ombre, mais \u00e9crasent litt\u00e9ralement le spectateur. Pour aider \u00e0 la compr\u00e9hension, cet ensemble industriel est repr\u00e9sent\u00e9 sous forme d&#8217;une maquette 3D, \u00e9clair\u00e9e de c\u00f4t\u00e9. Les ombres sont mat\u00e9rialis\u00e9es, sur la maquette comme sur l&#8217;image visiotactile, par une texture de gomme.<\/p>\n<p>&nbsp;<\/p>\n<p><img loading=\"lazy\" decoding=\"async\" width=\"358\" height=\"440\" class=\"aligncenter size-medium wp-image-36205\" src=\"https:\/\/www.sitem.fr\/wp-content\/uploads\/2022\/02\/DIEUZAIDE-Autoportrait-Lacq-gigantisme-2048-358x440.jpg\" alt=\"Au premier plan se trouve l'interpr\u00e9tation tactile de l'Autoportait. Derri\u00e8re se trouve la maquette 3D des b\u00e2timents industriels, l'ombre des b\u00e2timents hors-champs se projetant sur la fa\u00e7ade principale, formant de larges diagonales.\" srcset=\"https:\/\/www.sitem.fr\/wp-content\/uploads\/2022\/02\/DIEUZAIDE-Autoportrait-Lacq-gigantisme-2048-358x440.jpg 358w, https:\/\/www.sitem.fr\/wp-content\/uploads\/2022\/02\/DIEUZAIDE-Autoportrait-Lacq-gigantisme-2048-600x737.jpg 600w, https:\/\/www.sitem.fr\/wp-content\/uploads\/2022\/02\/DIEUZAIDE-Autoportrait-Lacq-gigantisme-2048-651x800.jpg 651w, https:\/\/www.sitem.fr\/wp-content\/uploads\/2022\/02\/DIEUZAIDE-Autoportrait-Lacq-gigantisme-2048-768x944.jpg 768w, https:\/\/www.sitem.fr\/wp-content\/uploads\/2022\/02\/DIEUZAIDE-Autoportrait-Lacq-gigantisme-2048-1250x1536.jpg 1250w, https:\/\/www.sitem.fr\/wp-content\/uploads\/2022\/02\/DIEUZAIDE-Autoportrait-Lacq-gigantisme-2048.jpg 1667w\" sizes=\"auto, (max-width: 358px) 100vw, 358px\" \/><\/p>\n<p style=\"text-align: center;\"><em>Interpr\u00e9tation tactile de L&#8217;autoportrait &#8211; 1960 (Jean Dieuzaide).<\/em><\/p>\n<p>&nbsp;<\/p>\n<p>&nbsp;<\/p>\n<p><img loading=\"lazy\" decoding=\"async\" width=\"312\" height=\"440\" class=\"size-medium wp-image-36203 aligncenter\" src=\"https:\/\/www.sitem.fr\/wp-content\/uploads\/2022\/02\/DIEUZAIDE-Autoportrait-Lacq-3D-2048-312x440.jpg\" alt=\"Fichier 3D, plan et \u00e9l\u00e9vation du mod\u00e8le.\" srcset=\"https:\/\/www.sitem.fr\/wp-content\/uploads\/2022\/02\/DIEUZAIDE-Autoportrait-Lacq-3D-2048-312x440.jpg 312w, https:\/\/www.sitem.fr\/wp-content\/uploads\/2022\/02\/DIEUZAIDE-Autoportrait-Lacq-3D-2048-600x847.jpg 600w, https:\/\/www.sitem.fr\/wp-content\/uploads\/2022\/02\/DIEUZAIDE-Autoportrait-Lacq-3D-2048-567x800.jpg 567w, https:\/\/www.sitem.fr\/wp-content\/uploads\/2022\/02\/DIEUZAIDE-Autoportrait-Lacq-3D-2048-768x1084.jpg 768w, https:\/\/www.sitem.fr\/wp-content\/uploads\/2022\/02\/DIEUZAIDE-Autoportrait-Lacq-3D-2048-1088x1536.jpg 1088w, https:\/\/www.sitem.fr\/wp-content\/uploads\/2022\/02\/DIEUZAIDE-Autoportrait-Lacq-3D-2048.jpg 1452w\" sizes=\"auto, (max-width: 312px) 100vw, 312px\" \/><\/p>\n<p style=\"text-align: center;\"><em>Etude des b\u00e2timents hors-champs \u00e0 partir des ombres simul\u00e9es en 3D.\u00a0<\/em><\/p>\n<p>&nbsp;<\/p>\n<p>&nbsp;<\/p>\n<p><img loading=\"lazy\" decoding=\"async\" width=\"680\" height=\"383\" class=\"aligncenter size-medium wp-image-36201\" src=\"https:\/\/www.sitem.fr\/wp-content\/uploads\/2022\/02\/DIEUZAIDE-Autoportrait-et-EscalierDeGerone.jpg-2048-680x383.jpg\" alt=\"Images visiotactiles des 2 photographies de Jean Dieuzaide.\" srcset=\"https:\/\/www.sitem.fr\/wp-content\/uploads\/2022\/02\/DIEUZAIDE-Autoportrait-et-EscalierDeGerone.jpg-2048-680x383.jpg 680w, https:\/\/www.sitem.fr\/wp-content\/uploads\/2022\/02\/DIEUZAIDE-Autoportrait-et-EscalierDeGerone.jpg-2048-600x338.jpg 600w, https:\/\/www.sitem.fr\/wp-content\/uploads\/2022\/02\/DIEUZAIDE-Autoportrait-et-EscalierDeGerone.jpg-2048-1200x675.jpg 1200w, https:\/\/www.sitem.fr\/wp-content\/uploads\/2022\/02\/DIEUZAIDE-Autoportrait-et-EscalierDeGerone.jpg-2048-768x432.jpg 768w, https:\/\/www.sitem.fr\/wp-content\/uploads\/2022\/02\/DIEUZAIDE-Autoportrait-et-EscalierDeGerone.jpg-2048-1536x864.jpg 1536w, https:\/\/www.sitem.fr\/wp-content\/uploads\/2022\/02\/DIEUZAIDE-Autoportrait-et-EscalierDeGerone.jpg-2048.jpg 2048w\" sizes=\"auto, (max-width: 680px) 100vw, 680px\" \/><\/p>\n<p style=\"text-align: center;\"><em>Images visiotactiles des 2 photographies de Dieuzaide : L&#8217;escalier de G\u00e9rone 1956, et Autoportrait 1960.<\/em><\/p>\n<p>&nbsp;<\/p>\n<p>&nbsp;<\/p>\n<p>&nbsp;<\/p>\n<p>A voir et \u00e0 toucher au mus\u00e9e R\u00e9attu \u00e0 Arles en 2022 !<\/p>\n<p>(Conception <a href=\"http:\/\/www.polymorphe-design.fr\/\" target=\"_blank\" rel=\"noreferrer noopener\"><strong>Polymorphe Design<\/strong><\/a> &#8211; R\u00e9alisation <strong><a href=\"https:\/\/mihalygroup.com\/\" target=\"_blank\" rel=\"noreferrer noopener\">MihalyGroup<\/a><\/strong>)<\/p>\n<p style=\"text-align: center;\">\n","protected":false},"excerpt":{"rendered":"&#8220;D\u00e9cid\u00e9mment, que j&#8217;aime rendre accessibles les \u0153uvres du Mus\u00e9e R\u00e9attu \u00e0 Arles. Apr\u00e8s la photographie de Strand, l&#8217;huile sur toile de Raspal et l&#8217;encre de Alechinsky, voici deux photographies de Jean Dieuzaide.&#8221;\u00a0(Maud DUPUIS-CAILLOT) &nbsp; &nbsp; L&#8217;outil de m\u00e9diation n&#8217;est ni une nouvelle \u0153uvre, ni une copie. C&#8217;est un support p\u00e9dagogique. Chaque interpr\u00e9tation tactile est une&#8230; <br><a class=\"readm\" href=\"https:\/\/www.sitem.fr\/en\/polymorphe-design-changer-de-regard-pour-permettre-au-public-deficient-visuel-de-saisir-la-vision-de-lartiste-par-le-toucher\/\">Read more<\/a>","protected":false},"author":2026,"featured_media":36209,"comment_status":"closed","ping_status":"closed","sticky":false,"template":"","format":"standard","meta":{"_acf_changed":false,"footnotes":""},"categories":[87,925,1327],"tags":[2323,46,2322,329,1113,798,86],"class_list":["post-36211","post","type-post","status-publish","format-standard","has-post-thumbnail","hentry","category-accessibilite","category-pedagogie","category-valorisation-et-etude-des-collections-museales-et-patrimoniales","tag-interpretation","tag-mediation","tag-musee-reattu-a-arles","tag-polymorphe-design","tag-prestataire","tag-support-pedagogique","tag-tactile"],"acf":[],"_links":{"self":[{"href":"https:\/\/www.sitem.fr\/en\/wp-json\/wp\/v2\/posts\/36211","targetHints":{"allow":["GET"]}}],"collection":[{"href":"https:\/\/www.sitem.fr\/en\/wp-json\/wp\/v2\/posts"}],"about":[{"href":"https:\/\/www.sitem.fr\/en\/wp-json\/wp\/v2\/types\/post"}],"author":[{"embeddable":true,"href":"https:\/\/www.sitem.fr\/en\/wp-json\/wp\/v2\/users\/2026"}],"replies":[{"embeddable":true,"href":"https:\/\/www.sitem.fr\/en\/wp-json\/wp\/v2\/comments?post=36211"}],"version-history":[{"count":4,"href":"https:\/\/www.sitem.fr\/en\/wp-json\/wp\/v2\/posts\/36211\/revisions"}],"predecessor-version":[{"id":36389,"href":"https:\/\/www.sitem.fr\/en\/wp-json\/wp\/v2\/posts\/36211\/revisions\/36389"}],"wp:featuredmedia":[{"embeddable":true,"href":"https:\/\/www.sitem.fr\/en\/wp-json\/wp\/v2\/media\/36209"}],"wp:attachment":[{"href":"https:\/\/www.sitem.fr\/en\/wp-json\/wp\/v2\/media?parent=36211"}],"wp:term":[{"taxonomy":"category","embeddable":true,"href":"https:\/\/www.sitem.fr\/en\/wp-json\/wp\/v2\/categories?post=36211"},{"taxonomy":"post_tag","embeddable":true,"href":"https:\/\/www.sitem.fr\/en\/wp-json\/wp\/v2\/tags?post=36211"}],"curies":[{"name":"wp","href":"https:\/\/api.w.org\/{rel}","templated":true}]}}