{"id":36321,"date":"2022-03-22T11:25:47","date_gmt":"2022-03-22T10:25:47","guid":{"rendered":"https:\/\/www.sitem.fr\/?p=36321"},"modified":"2022-03-22T11:25:47","modified_gmt":"2022-03-22T10:25:47","slug":"ducaroy-grange-un-decor-tactile-imagine-par-le-naturographe-pour-le-parc-des-ecrins","status":"publish","type":"post","link":"https:\/\/www.sitem.fr\/en\/ducaroy-grange-un-decor-tactile-imagine-par-le-naturographe-pour-le-parc-des-ecrins\/","title":{"rendered":"Ducaroy Grange : Un d\u00e9cor tactile imagin\u00e9 par le Naturographe pour le Parc des \u00c9crins"},"content":{"rendered":"<p>Le Parc des \u00c9crins a confi\u00e9 au <strong><a href=\"https:\/\/www.lenaturographe.fr\/\">Naturographe<\/a><\/strong> la conception et la r\u00e9alisation de la salle d\u2019exposition permanente \u00ab\u00a0Dans le secret de la haie\u00a0\u00bb, pour d\u00e9couvrir le milieu embl\u00e9matique du Champsaur.<\/p>\n<p>Ducaroy Grange y a r\u00e9alis\u00e9 une repr\u00e9sentation r\u00e9aliste d\u2019une liti\u00e8re de sous-bois. L\u2019ensemble, touchable par le public est r\u00e9alis\u00e9 avec un rendu r\u00e9aliste mais volontairement monochrome. Ce d\u00e9cor p\u00e9dagogique vise \u00e0 expliquer l\u2019utilit\u00e9 du sol, super-organisme \u00e0 la fois fragile et pr\u00e9cieux pour une biodiversit\u00e9 souvent m\u00e9connue.<\/p>\n<p>&nbsp;<\/p>\n<p>&nbsp;<\/p>\n<div id=\"attachment_36319\" style=\"width: 544px\" class=\"wp-caption aligncenter\"><img loading=\"lazy\" decoding=\"async\" aria-describedby=\"caption-attachment-36319\" class=\"wp-image-36319 size-large\" src=\"https:\/\/www.sitem.fr\/wp-content\/uploads\/2022\/03\/PNE_Sce\u0301no_Pont-du-Fosse\u0301_40-534x800.jpg\" alt=\"D\u00e9cor Tactile de Liti\u00e8re de sous-bois - Ducaroy Grange pour Le Naturographe - Parc des Ecrins\" width=\"534\" height=\"800\" srcset=\"https:\/\/www.sitem.fr\/wp-content\/uploads\/2022\/03\/PNE_Sce\u0301no_Pont-du-Fosse\u0301_40-534x800.jpg 534w, https:\/\/www.sitem.fr\/wp-content\/uploads\/2022\/03\/PNE_Sce\u0301no_Pont-du-Fosse\u0301_40-600x899.jpg 600w, https:\/\/www.sitem.fr\/wp-content\/uploads\/2022\/03\/PNE_Sce\u0301no_Pont-du-Fosse\u0301_40-294x440.jpg 294w, https:\/\/www.sitem.fr\/wp-content\/uploads\/2022\/03\/PNE_Sce\u0301no_Pont-du-Fosse\u0301_40-768x1150.jpg 768w, https:\/\/www.sitem.fr\/wp-content\/uploads\/2022\/03\/PNE_Sce\u0301no_Pont-du-Fosse\u0301_40-1025x1536.jpg 1025w, https:\/\/www.sitem.fr\/wp-content\/uploads\/2022\/03\/PNE_Sce\u0301no_Pont-du-Fosse\u0301_40-1367x2048.jpg 1367w, https:\/\/www.sitem.fr\/wp-content\/uploads\/2022\/03\/PNE_Sce\u0301no_Pont-du-Fosse\u0301_40.jpg 1500w\" sizes=\"auto, (max-width: 534px) 100vw, 534px\" \/><p id=\"caption-attachment-36319\" class=\"wp-caption-text\">D\u00e9cor Tactile de Liti\u00e8re de sous-bois &#8211; Cr\u00e9dit Photo : Le Naturographe<\/p><\/div>\n<p>&nbsp;<\/p>\n<p>&nbsp;<\/p>\n<p>Ce travail a monopolis\u00e9 des comp\u00e9tences diverses de l\u2019atelier\u00a0: modelage, moulage et tirage en r\u00e9sine, impression 3D et patine.<\/p>\n<p>Le d\u00e9cor forme comme un bas-relief monobloc tactile compos\u00e9 d\u2019un d\u00e9part de tronc d\u2019arbre, de branches, feuilles, champignons, \u00e9corce, etc. Un escargot, une chenille et un mulot t\u00e9moignent de la vie animale du sous-bois.<\/p>\n<p>&nbsp;<\/p>\n<p>&nbsp;<\/p>\n<div id=\"attachment_36317\" style=\"width: 669px\" class=\"wp-caption aligncenter\"><img loading=\"lazy\" decoding=\"async\" aria-describedby=\"caption-attachment-36317\" class=\"wp-image-36317 size-medium\" src=\"https:\/\/www.sitem.fr\/wp-content\/uploads\/2022\/03\/PNE_Sce\u0301no_Pont-du-Fosse\u0301_09-659x440.jpg\" alt=\"D\u00e9cor Tactile de Liti\u00e8re de sous-bois - Ducaroy Grange pour Le Naturographe - Parc des Ecrins\" width=\"659\" height=\"440\" srcset=\"https:\/\/www.sitem.fr\/wp-content\/uploads\/2022\/03\/PNE_Sce\u0301no_Pont-du-Fosse\u0301_09-659x440.jpg 659w, https:\/\/www.sitem.fr\/wp-content\/uploads\/2022\/03\/PNE_Sce\u0301no_Pont-du-Fosse\u0301_09-600x400.jpg 600w, https:\/\/www.sitem.fr\/wp-content\/uploads\/2022\/03\/PNE_Sce\u0301no_Pont-du-Fosse\u0301_09-1200x800.jpg 1200w, https:\/\/www.sitem.fr\/wp-content\/uploads\/2022\/03\/PNE_Sce\u0301no_Pont-du-Fosse\u0301_09-768x513.jpg 768w, https:\/\/www.sitem.fr\/wp-content\/uploads\/2022\/03\/PNE_Sce\u0301no_Pont-du-Fosse\u0301_09.jpg 1500w\" sizes=\"auto, (max-width: 659px) 100vw, 659px\" \/><p id=\"caption-attachment-36317\" class=\"wp-caption-text\">D\u00e9cor Tactile de Liti\u00e8re de sous-bois &#8211; Cr\u00e9dit Photo : Le Naturographe<\/p><\/div>\n<p>&nbsp;<\/p>\n","protected":false},"excerpt":{"rendered":"Le Parc des \u00c9crins a confi\u00e9 au Naturographe la conception et la r\u00e9alisation de la salle d\u2019exposition permanente \u00ab\u00a0Dans le secret de la haie\u00a0\u00bb, pour d\u00e9couvrir le milieu embl\u00e9matique du Champsaur. Ducaroy Grange y a r\u00e9alis\u00e9 une repr\u00e9sentation r\u00e9aliste d\u2019une liti\u00e8re de sous-bois. L\u2019ensemble, touchable par le public est r\u00e9alis\u00e9 avec un rendu r\u00e9aliste mais&#8230; <br><a class=\"readm\" href=\"https:\/\/www.sitem.fr\/en\/ducaroy-grange-un-decor-tactile-imagine-par-le-naturographe-pour-le-parc-des-ecrins\/\">Read more<\/a>","protected":false},"author":904,"featured_media":36315,"comment_status":"closed","ping_status":"closed","sticky":false,"template":"","format":"standard","meta":{"_acf_changed":false,"footnotes":""},"categories":[1111,1034,925,1327],"tags":[831,75,2341,2342,2343,2339,2340,1588,1113,86,2344],"class_list":["post-36321","post","type-post","status-publish","format-standard","has-post-thumbnail","hentry","category-actualites-recentes","category-oeuvres","category-pedagogie","category-valorisation-et-etude-des-collections-museales-et-patrimoniales","tag-decor","tag-ducaroy-grange","tag-litiere-de-sous-bois","tag-modelage","tag-moulage","tag-naturographe","tag-parc-des-ecrins","tag-pedagogique","tag-prestataire","tag-tactile","tag-tirage"],"acf":[],"_links":{"self":[{"href":"https:\/\/www.sitem.fr\/en\/wp-json\/wp\/v2\/posts\/36321","targetHints":{"allow":["GET"]}}],"collection":[{"href":"https:\/\/www.sitem.fr\/en\/wp-json\/wp\/v2\/posts"}],"about":[{"href":"https:\/\/www.sitem.fr\/en\/wp-json\/wp\/v2\/types\/post"}],"author":[{"embeddable":true,"href":"https:\/\/www.sitem.fr\/en\/wp-json\/wp\/v2\/users\/904"}],"replies":[{"embeddable":true,"href":"https:\/\/www.sitem.fr\/en\/wp-json\/wp\/v2\/comments?post=36321"}],"version-history":[{"count":3,"href":"https:\/\/www.sitem.fr\/en\/wp-json\/wp\/v2\/posts\/36321\/revisions"}],"predecessor-version":[{"id":36472,"href":"https:\/\/www.sitem.fr\/en\/wp-json\/wp\/v2\/posts\/36321\/revisions\/36472"}],"wp:featuredmedia":[{"embeddable":true,"href":"https:\/\/www.sitem.fr\/en\/wp-json\/wp\/v2\/media\/36315"}],"wp:attachment":[{"href":"https:\/\/www.sitem.fr\/en\/wp-json\/wp\/v2\/media?parent=36321"}],"wp:term":[{"taxonomy":"category","embeddable":true,"href":"https:\/\/www.sitem.fr\/en\/wp-json\/wp\/v2\/categories?post=36321"},{"taxonomy":"post_tag","embeddable":true,"href":"https:\/\/www.sitem.fr\/en\/wp-json\/wp\/v2\/tags?post=36321"}],"curies":[{"name":"wp","href":"https:\/\/api.w.org\/{rel}","templated":true}]}}