{"id":36380,"date":"2022-03-23T19:10:28","date_gmt":"2022-03-23T18:10:28","guid":{"rendered":"https:\/\/www.sitem.fr\/?p=36380"},"modified":"2022-04-04T09:18:30","modified_gmt":"2022-04-04T07:18:30","slug":"cecile-planchais-exposition-la-beaute-dune-ville-controverses-esthetiques-et-transition-ecologique-a-paris","status":"publish","type":"post","link":"https:\/\/www.sitem.fr\/en\/cecile-planchais-exposition-la-beaute-dune-ville-controverses-esthetiques-et-transition-ecologique-a-paris\/","title":{"rendered":"C\u00e9cile Planchais : Exposition \u201cLa beaut\u00e9 d&#8217;une ville\u201c |\u00a0CONTROVERSES ESTH\u00c9TIQUES ET TRANSITION \u00c9COLOGIQUE \u00c0 PARIS"},"content":{"rendered":"<p>Un grand merci pour cette exposition au Pavillon de l\u2019Arsenal de PARIS en f\u00e9vrier 2022.<\/p>\n<p><em>\u00a0<\/em><\/p>\n<p><em>\u201cCette exposition<\/em>\u00a0<em>ose parler de la Beaut\u00e9, reconna\u00eetre que Patrimoine et Design cohabitent \u00e0 Paris<\/em>,\u00a0<em>que la discr\u00e9tion peut faire preuve de distinction, de continuit\u00e9 donc d\u2019\u00e9volution.<\/em>\u00a0<em>La culture de l\u2019esth\u00e9tique p\u00e9renne de la Ville de Paris est une constante depuis 150 ans pour certains mobiliers, qui sont, pour quelques-uns, adapt\u00e9s aux <\/em><em>nouvelles technologies <\/em><em>dans le respect de leurs dessins et implantations.<\/em>\u00a0 <em>Ce choix esth\u00e9tique \u00e9tendu au design, aux \u0153uvres d\u2019art et cr\u00e9ations \u00e9ph\u00e9m\u00e8res, contribue \u00e0 affiner notre regard sur Paris \u201c Ville lumi\u00e8re, sensible, sensorielle, multi culturelle ! \u201c<\/em><\/p>\n<p>&nbsp;<\/p>\n<p>L\u2019exposition \u201c La beaut\u00e9 d\u2019une ville &#8221; fait \u00e9tat des multiples d\u00e9bats qui ont donn\u00e9 lieu \u00e0 l\u2019ancrage de l\u2019image du mobilier urbain parisien. J\u2019ai \u00e9t\u00e9 invit\u00e9e \u00e0 y participer en tant que membre de la CMU, Commission du Mobilier Urbain de 2009 \u00e0 2014. Parmi les multiples acteurs urbains consult\u00e9s, le design y a donc eu sa place attitr\u00e9e. \u00a0<em>Pour les trois mobiliers repr\u00e9sent\u00e9s sur cette affiche, je me suis int\u00e9ress\u00e9e en priorit\u00e9 \u00e0<\/em><em>\u00a0<\/em><strong><em>la \u00ab\u00a0beaut\u00e9 du geste\u00a0\u00bb<\/em><\/strong><em> :<\/em><\/p>\n<p><em>&#8211; \u00a0Transformer une borne technique en objet de valorisation des places de march\u00e9.<\/em><\/p>\n<p><em>&#8211;\u00a0 Offrir l\u2019eau \u00e0 <\/em><em>boire \u00e0 proximit\u00e9 de chacun.<\/em><\/p>\n<p><em>&#8211;\u00a0 Inviter les habitants \u00e0 donner leurs v\u00eatements.<\/em><\/p>\n<p><em>(Coffret de collecte de v\u00eatements s\u00e9lectionn\u00e9 par le Janus de la Cit\u00e9).<\/em><\/p>\n<p>&nbsp;<\/p>\n<p><em>Attirer l\u2019attention sur le design de l\u2019eau dans le cadre de la cr\u00e9ation d\u2019une fontaine est une premi\u00e8re en 2005.<\/em>\u00a0<em>L\u2019actualit\u00e9 de la semaine mondiale de l\u2019eau nous rappelle combien l\u2019eau est un bien pr\u00e9cieux \u00e0 pr\u00e9server. <strong>Ancrer durablement cette pratique urbaine<\/strong> <strong>de distribution de l\u2019eau potable<\/strong> a n\u00e9cessit\u00e9 beaucoup<\/em> <em>d&#8217;observations <\/em><em>sur site,<\/em> <em>de protocoles et de mise en valeur de l\u2019environnement, ce que j\u2019ai \u00e9tudi\u00e9 et suivi pendant 10 ans avec la Ville de Paris. Elle a \u00e9t\u00e9 \u201cle gardien du temple&#8221; pour la part esth\u00e9tique, tandis que Eau de Paris a concr\u00e9tis\u00e9 son projet de multiplication des points d\u2019eau, en \u00e9tudiant et implantant ces deux fontaines.<\/em><\/p>\n<p>&nbsp;<\/p>\n<p><img loading=\"lazy\" decoding=\"async\" class=\"attachment-266x266 aligncenter\" src=\"https:\/\/www.sitem.fr\/wp-content\/uploads\/2022\/03\/D-IMG-3-Art-3-Beaute%CC%81-dune-ville.-CPlanchais-2-300x300.jpg\" sizes=\"auto, (max-width: 266px) 100vw, 266px\" srcset=\"https:\/\/www.sitem.fr\/wp-content\/uploads\/2022\/03\/D-IMG-3-Art-3-Beaute\u0301-dune-ville.-CPlanchais-2-300x300.jpg 300w, https:\/\/www.sitem.fr\/wp-content\/uploads\/2022\/03\/D-IMG-3-Art-3-Beaute\u0301-dune-ville.-CPlanchais-2-600x600.jpg 600w, https:\/\/www.sitem.fr\/wp-content\/uploads\/2022\/03\/D-IMG-3-Art-3-Beaute\u0301-dune-ville.-CPlanchais-2-100x100.jpg 100w\" alt=\"\" width=\"490\" height=\"490\" \/><\/p>\n<p>&nbsp;<\/p>\n<p><strong><em>L&#8217;\u00e9tude de la borne-fontaine des march\u00e9s<\/em><\/strong> <strong><em>a d\u00e9marr\u00e9 en 2001<\/em><\/strong><em>. La Ville de Paris avait lanc\u00e9 une <\/em><em>consultation<\/em> <em>en vue d\u2019une nouvelle norme sanitaire \u00e0 appliquer \u00e0 la distribution d\u2019eau potable sur les march\u00e9s. Son m\u00e9canisme n&#8217;\u00e9tant pas compatible avec les petites fontaines Wallace, le design attendu <\/em>pour cette borne devait s&#8217;inscrive dans <em>la continuit\u00e9 du mobilier urbain parisien existant<\/em>.\u00a0 <em>J\u2019avais \u00e9t\u00e9 laur\u00e9ate de cinq appels d\u2019offre internationaux sur le design sp\u00e9cifique \u00e0 Paris et mes<\/em> <em>pr\u00e9c\u00e9dentes \u00e9tudes et r\u00e9alisations pour des villes et des r\u00e9gions fran\u00e7aises et europ\u00e9ennes m&#8217;avaient appris \u00e0 raisonner \u00e0 long terme, pour que la cr\u00e9ation sp\u00e9cifique de mobilier urbain et d&#8217;\u00e9clairage int\u00e8gre la maintenance et le r\u00e9assort.<\/em><\/p>\n<p>&nbsp;<\/p>\n<p>&nbsp;<\/p>\n<p>&nbsp;<\/p>\n<p><strong><em>La fontaine \u00e0 Boire Arceau est n\u00e9e de la demande des Parisiens qui ont aussi vot\u00e9 son implantation. <\/em><\/strong><\/p>\n<p><strong>Apr\u00e8s avoir d\u00e9pass\u00e9 cet &#8221; \u00e0 priori &#8220;qui veut que le design ne s&#8217;applique qu&#8217;aux objets et sites prestigieux, j&#8217;ai pris le parti de donner l&#8217;eau \u00e0 &#8220;voir \u00e0 proximit\u00e9 de tous &#8220;, soit hors place des march\u00e9s, e<em>n dessinant un objet qui &#8220;raconte&#8221; comment l&#8217;eau issue des multiples sources situ\u00e9es hors de Paris, jaillit \u00e0 Paris \u00e0 hauteur \u201c d&#8217;homme.&#8221;<\/em> \u00a0<\/strong><\/p>\n<p><em>Ces 54 fontaines, baptis\u00e9es Arceau par Eau de Paris, signalent de loin aux passants ce point d\u2019eau \u00e0 boire \u201c \u00e0 la vol\u00e9e \u201c.\u00a0 Son jet d\u2019eau tress\u00e9 jaillit de cet anneau, qui se courbe pour vous offrir de l\u2019eau fraiche sans vous \u00e9clabousser\u2026.<\/em><em><br \/>\n<\/em><em>Boire debout, face au paysage, remplir un petit r\u00e9cipient, jouer avec l\u2019eau \u2026 est une v\u00e9ritable r\u00e9jouissance<\/em><em>, que nous notons en particulier place de la R\u00e9publique. Elle est due \u00e0 sa <\/em><em>deuxi\u00e8me sortie, d\u2019eau situ\u00e9e en partie basse, qui la rend accessible aux personnes \u00e0 mobilit\u00e9 r\u00e9duite avec qui nous l&#8217;avons \u00e9tudi\u00e9e, aux enfants et \u00e0 tous types d&#8217;usage n\u00e9cessitant un d\u00e9bit plus important.<\/em><\/p>\n<p>&nbsp;<\/p>\n<p><img loading=\"lazy\" decoding=\"async\" width=\"680\" height=\"382\" class=\"size-medium wp-image-36530 aligncenter\" src=\"https:\/\/www.sitem.fr\/wp-content\/uploads\/2022\/03\/D-IMG-1-Art-3-Beaute\u0301-dune-ville.-CPlanchais-5-680x382.png\" alt=\"\" srcset=\"https:\/\/www.sitem.fr\/wp-content\/uploads\/2022\/03\/D-IMG-1-Art-3-Beaute\u0301-dune-ville.-CPlanchais-5-680x382.png 680w, https:\/\/www.sitem.fr\/wp-content\/uploads\/2022\/03\/D-IMG-1-Art-3-Beaute\u0301-dune-ville.-CPlanchais-5-600x337.png 600w, https:\/\/www.sitem.fr\/wp-content\/uploads\/2022\/03\/D-IMG-1-Art-3-Beaute\u0301-dune-ville.-CPlanchais-5-1200x675.png 1200w, https:\/\/www.sitem.fr\/wp-content\/uploads\/2022\/03\/D-IMG-1-Art-3-Beaute\u0301-dune-ville.-CPlanchais-5-768x432.png 768w, https:\/\/www.sitem.fr\/wp-content\/uploads\/2022\/03\/D-IMG-1-Art-3-Beaute\u0301-dune-ville.-CPlanchais-5-1536x864.png 1536w, https:\/\/www.sitem.fr\/wp-content\/uploads\/2022\/03\/D-IMG-1-Art-3-Beaute\u0301-dune-ville.-CPlanchais-5.png 1707w\" sizes=\"auto, (max-width: 680px) 100vw, 680px\" \/><\/p>\n<p>&nbsp;<\/p>\n<p>&nbsp;<\/p>\n<p><strong>Approche durable : \u00e9tapes de conception, \u00e9volutions<\/strong><\/p>\n<p><em>Pour r\u00e9pondre \u00e0 la durabilit\u00e9 exemplaire du mobilier historique et valoriser l\u2019eau, \u00e9l\u00e9ment vivant et vital de l\u2019environnement, je me suis int\u00e9ress\u00e9e \u00e0 tous les nouveaux usages qui ont amen\u00e9 Paris \u00e0 multiplier ses points d\u2019eau : se restaurer hors de chez soi, pratiquer le sport dans la rue, utiliser les modes de d\u00e9placement doux, la pr\u00e9sence de la nature en ville li\u00e9e aux march\u00e9s parisiens ou aux nouvelles distributions alimentaires &#8230; Toutes ces \u00e9volutions n\u00e9cessitent de ne pas avoir comme seul recours, l&#8217;eau en bouteille.<\/em><\/p>\n<p>&nbsp;<\/p>\n<p><em>Au-del\u00e0 de l\u2019objet, mon objectif est de<\/em>\u00a0<strong><em>d\u00e9velopper de nouvelles pratiques,<\/em><\/strong><em>\u00a0<\/em><em>qui am\u00e8ne l\u2019utilisateur \u00e0 s\u2019approprier ces objets, \u00e0 aimer partager ce bien commun, \u00e0 appr\u00e9cier Paris au point de communiquer son enthousiasme. Ces nouvelles pratiques sont li\u00e9es aux sens, \u00e0 la communication, \u00e0 la sensibilisation \u00e0 environnement et aux diff\u00e9rentes cultures. Elles impliquent un design capable d\u2019\u00e9voluer avec les usages et technologies qui changent tr\u00e8s vite. <\/em><\/p>\n<p>&nbsp;<\/p>\n<p><strong><em>Pour ne pas limiter une forme \u00e0 une actualit\u00e9 mais anticiper l\u2019avenir<\/em><\/strong><em>, j<\/em>\u2018<em>utilise des sources d\u2019inspiration et des outils vari\u00e9s pour r\u00e9inventer mes mod\u00e8les sans engager de gros travaux.<\/em><em> Mon design peut ainsi traverser le pr\u00e9sent\u00a0<\/em>et\u00a0<em>se renouveler, sans changer de forme<\/em>.<\/p>\n<p>&nbsp;<\/p>\n<p><strong>L\u2019impact de cette \u00e9tude en France et \u00e0 l\u2019international<\/strong><strong><br \/>\n<\/strong><em>La petite taille de cette fontaine \u00e0 boire a permis de r\u00e9duire son co\u00fbt et de multiplier les points d\u2019eau dans Paris. La version \u201cborne des march\u00e9s\u00a0\u201c est pos\u00e9e sur tous les emplacements de march\u00e9s mais reste r\u00e9serv\u00e9e \u00e0 Paris. Sa version &#8220;\u00e0 boire\u00a0&#8221; a \u00e9t\u00e9 d\u00e9velopp\u00e9e gr\u00e2ce aux parisiens, qui l\u2019ont \u00e9lue dans le cadre du Budget participatif de Paris en 2016. Depuis, l&#8217;eau est ainsi distribu\u00e9e par ces 313 fontaines dans Paris Intramuros.<\/em><\/p>\n<p>&nbsp;<\/p>\n<p><strong>Les innovations <\/strong>&#8211;<\/p>\n<p><em>Gr\u00e2ce \u00e0 tous les intervenants li\u00e9s \u00e0 cette \u00e9tude,<\/em><\/p>\n<p>&#8211; La fontaine Arceau parisienne est un mod\u00e8le inclusif reconnue par d\u2019autres villes : \u00a0Luxembourg l&#8217;a adopt\u00e9e pour \u00e9quiper tous les nouveaux am\u00e9nagements du Grand Luxembourg depuis 2013.<br \/>\n&#8211; Le design de son bouton-poussoir temporis\u00e9 install\u00e9 \u00e0 l\u2019arri\u00e8re, a \u00e9t\u00e9 d\u00e9velopp\u00e9 par des industriels fran\u00e7ais.<br \/>\n&#8211; Sa technique de distribution d\u2019eau, d\u00e9velopp\u00e9e par Eau de Paris a fait l\u2019objet d\u2019une publication scientifique.<br \/>\n&#8211; la Soci\u00e9t\u00e9 GHM, son fabricant a mis au point une technique de fonderie sp\u00e9cifique et \u00e9dite sa version\u00a0<strong>O\u2019 claire<\/strong>, hors Paris Intramuros.<\/p>\n<p>&nbsp;<\/p>\n<p><em>Retrouver cet article et ces informations sur mon site<\/em><a href=\"https:\/\/www.cecileplanchais.com\/\"><em>\u00a0<\/em><strong><em>www.cecileplanchaisdesign<\/em><\/strong><\/a><\/p>\n<p><em>\u00a0<\/em><em>et sur le Magazine H2o.<\/em><\/p>\n<p>&nbsp;<\/p>\n<p>&nbsp;<\/p>\n<p>&nbsp;<\/p>\n<p>&nbsp;<\/p>\n<p>&nbsp;<\/p>\n<p>&nbsp;<\/p>\n<p>&nbsp;<\/p>\n<p>&nbsp;<\/p>\n<p>&nbsp;<\/p>\n<p>&nbsp;<\/p>\n<p>&nbsp;<\/p>\n<p>&nbsp;<\/p>\n","protected":false},"excerpt":{"rendered":"Un grand merci pour cette exposition au Pavillon de l\u2019Arsenal de PARIS en f\u00e9vrier 2022. \u00a0 \u201cCette exposition\u00a0ose parler de la Beaut\u00e9, reconna\u00eetre que Patrimoine et Design cohabitent \u00e0 Paris,\u00a0que la discr\u00e9tion peut faire preuve de distinction, de continuit\u00e9 donc d\u2019\u00e9volution.\u00a0La culture de l\u2019esth\u00e9tique p\u00e9renne de la Ville de Paris est une constante depuis 150&#8230; <br><a class=\"readm\" href=\"https:\/\/www.sitem.fr\/en\/cecile-planchais-exposition-la-beaute-dune-ville-controverses-esthetiques-et-transition-ecologique-a-paris\/\">Read more<\/a>","protected":false},"author":4756,"featured_media":36372,"comment_status":"closed","ping_status":"closed","sticky":false,"template":"","format":"standard","meta":{"_acf_changed":false,"footnotes":""},"categories":[1111,1329,144,1034],"tags":[2371,2238,602,2372,2373,53,2370,1113],"class_list":["post-36380","post","type-post","status-publish","format-standard","has-post-thumbnail","hentry","category-actualites-recentes","category-equipement-conservation-gestion-des-collections-et-du-patrimoine","category-mobilier","category-oeuvres","tag-beaute-du-geste","tag-cecile-planchais","tag-design","tag-designer","tag-durable","tag-exposition","tag-fontaine","tag-prestataire"],"acf":[],"_links":{"self":[{"href":"https:\/\/www.sitem.fr\/en\/wp-json\/wp\/v2\/posts\/36380","targetHints":{"allow":["GET"]}}],"collection":[{"href":"https:\/\/www.sitem.fr\/en\/wp-json\/wp\/v2\/posts"}],"about":[{"href":"https:\/\/www.sitem.fr\/en\/wp-json\/wp\/v2\/types\/post"}],"author":[{"embeddable":true,"href":"https:\/\/www.sitem.fr\/en\/wp-json\/wp\/v2\/users\/4756"}],"replies":[{"embeddable":true,"href":"https:\/\/www.sitem.fr\/en\/wp-json\/wp\/v2\/comments?post=36380"}],"version-history":[{"count":14,"href":"https:\/\/www.sitem.fr\/en\/wp-json\/wp\/v2\/posts\/36380\/revisions"}],"predecessor-version":[{"id":36620,"href":"https:\/\/www.sitem.fr\/en\/wp-json\/wp\/v2\/posts\/36380\/revisions\/36620"}],"wp:featuredmedia":[{"embeddable":true,"href":"https:\/\/www.sitem.fr\/en\/wp-json\/wp\/v2\/media\/36372"}],"wp:attachment":[{"href":"https:\/\/www.sitem.fr\/en\/wp-json\/wp\/v2\/media?parent=36380"}],"wp:term":[{"taxonomy":"category","embeddable":true,"href":"https:\/\/www.sitem.fr\/en\/wp-json\/wp\/v2\/categories?post=36380"},{"taxonomy":"post_tag","embeddable":true,"href":"https:\/\/www.sitem.fr\/en\/wp-json\/wp\/v2\/tags?post=36380"}],"curies":[{"name":"wp","href":"https:\/\/api.w.org\/{rel}","templated":true}]}}