{"id":36423,"date":"2022-03-22T17:43:23","date_gmt":"2022-03-22T16:43:23","guid":{"rendered":"https:\/\/www.sitem.fr\/?p=36423"},"modified":"2022-04-12T10:00:43","modified_gmt":"2022-04-12T08:00:43","slug":"mba-les-cloisons-mila-wall-au-musee-despiau-wlerick-a-mont-de-marsan","status":"publish","type":"post","link":"https:\/\/www.sitem.fr\/en\/mba-les-cloisons-mila-wall-au-musee-despiau-wlerick-a-mont-de-marsan\/","title":{"rendered":"MBA : Les cloisons Mila-wall au Mus\u00e9e Despiau Wl\u00e9rick \u00e0 Mont de Marsan"},"content":{"rendered":"<p>Labellis\u00e9 &#8220;\u00ad<a href=\"http:\/\/www.culturecommunication.gouv.fr\/En-pratique\/Protections-labels-et-appellations\/L-appellation-Musee-de-France\"><strong>mus\u00e9e de France<\/strong><\/a>&#8221; et &#8220;<a href=\"http:\/\/www.montdemarsan.fr\/lutece\/jsp\/site\/Portal.jsp?page_id=471\"><strong>\u00ad4\u00ad\u00e8me mus\u00e9e d&#8217;Aquitaine<\/strong><\/a> \u00bb\u00ad, le mus\u00e9e montois est sp\u00e9cialis\u00e9 dans la sculpture figurative fran\u00e7aise entre 1880 et 2000, avec un ensemble important pour la p\u00e9riode de l&#8217;entre deux guerres, autour de l&#8217;oeuvre des deux sculpteurs d&#8217;origine montoise, <a href=\"http:\/\/fr.wikipedia.org\/wiki\/Charles_Despiau\"><strong>Charles Despiau<\/strong>\u00ad<\/a> et\u00a0 <a href=\"http:\/\/fr.wikipedia.org\/wiki\/Robert_Wl%E9rick\"><strong>Robert Wl\u00e9rick<\/strong>\u00ad\u00ad<\/a>. La richesse de ses collections, qui comptent plus de 2200 sculptures, un cabinet d&#8217;art graphique orient\u00e9 sur la production des sculpteurs de cette p\u00e9riode, place le mus\u00e9e Despiau-Wl\u00e9rick au <strong>1er rang national<\/strong> dans cette sp\u00e9cialit\u00e9 parmi l&#8217;ensemble des mus\u00e9es fran\u00e7ais.<\/p>\n<p>&nbsp;<\/p>\n<p>Le Mus\u00e9e se pr\u00e9parant \u00e0 d\u2019importants travaux de r\u00e9novation jusqu\u2019\u00e0 fin 2024, les salles d\u2019expositions permanentes ne sont plus accessibles. N\u00e9anmoins, afin de faire profiter les visiteurs le plus longtemps possible de ses \u0153uvres, des expositions temporaires sont organis\u00e9es r\u00e9guli\u00e8rement. C\u2019est \u00e0 cet effet que le Mus\u00e9e \u00e0 fait confiance \u00e0 MBA France et \u00e0 son syst\u00e8me de cloisons modulaires Mila-wall.<\/p>\n<p>&nbsp;<\/p>\n<p><strong><a href=\"http:\/\/www.mba-france.fr\">www.mba-france.fr<\/a><\/strong><br \/>\n<strong><a href=\"http:\/\/www.montdemarsan.fr\/lutece\/jsp\/site\/Portal.jsp?page_id=108\">http:\/\/www.montdemarsan.fr\/lutece\/jsp\/site\/Portal.jsp?page_id=108<\/a><\/strong><\/p>\n<p>Copyright photo: MBA-Mus\u00e9e Berlin<\/p>\n","protected":false},"excerpt":{"rendered":"Labellis\u00e9 &#8220;\u00admus\u00e9e de France&#8221; et &#8220;\u00ad4\u00ad\u00e8me mus\u00e9e d&#8217;Aquitaine \u00bb\u00ad, le mus\u00e9e montois est sp\u00e9cialis\u00e9 dans la sculpture figurative fran\u00e7aise entre 1880 et 2000, avec un ensemble important pour la p\u00e9riode de l&#8217;entre deux guerres, autour de l&#8217;oeuvre des deux sculpteurs d&#8217;origine montoise, Charles Despiau\u00ad et\u00a0 Robert Wl\u00e9rick\u00ad\u00ad. La richesse de ses collections, qui comptent plus&#8230; <br><a class=\"readm\" href=\"https:\/\/www.sitem.fr\/en\/mba-les-cloisons-mila-wall-au-musee-despiau-wlerick-a-mont-de-marsan\/\">Read more<\/a>","protected":false},"author":1453,"featured_media":36421,"comment_status":"closed","ping_status":"closed","sticky":false,"template":"","format":"standard","meta":{"_acf_changed":false,"footnotes":""},"categories":[1111,142,139,1325],"tags":[1637,915,1803,15,1709,2361,2360,1113],"class_list":["post-36423","post","type-post","status-publish","format-standard","has-post-thumbnail","hentry","category-actualites-recentes","category-agencement","category-cloisons","category-museographie-scenographie-graphisme-signaletique","tag-cloisons","tag-expositions","tag-mba","tag-mila-wall","tag-modulaires","tag-mont-de-marsan","tag-musee-despiau-wlerick","tag-prestataire"],"acf":[],"_links":{"self":[{"href":"https:\/\/www.sitem.fr\/en\/wp-json\/wp\/v2\/posts\/36423","targetHints":{"allow":["GET"]}}],"collection":[{"href":"https:\/\/www.sitem.fr\/en\/wp-json\/wp\/v2\/posts"}],"about":[{"href":"https:\/\/www.sitem.fr\/en\/wp-json\/wp\/v2\/types\/post"}],"author":[{"embeddable":true,"href":"https:\/\/www.sitem.fr\/en\/wp-json\/wp\/v2\/users\/1453"}],"replies":[{"embeddable":true,"href":"https:\/\/www.sitem.fr\/en\/wp-json\/wp\/v2\/comments?post=36423"}],"version-history":[{"count":5,"href":"https:\/\/www.sitem.fr\/en\/wp-json\/wp\/v2\/posts\/36423\/revisions"}],"predecessor-version":[{"id":36767,"href":"https:\/\/www.sitem.fr\/en\/wp-json\/wp\/v2\/posts\/36423\/revisions\/36767"}],"wp:featuredmedia":[{"embeddable":true,"href":"https:\/\/www.sitem.fr\/en\/wp-json\/wp\/v2\/media\/36421"}],"wp:attachment":[{"href":"https:\/\/www.sitem.fr\/en\/wp-json\/wp\/v2\/media?parent=36423"}],"wp:term":[{"taxonomy":"category","embeddable":true,"href":"https:\/\/www.sitem.fr\/en\/wp-json\/wp\/v2\/categories?post=36423"},{"taxonomy":"post_tag","embeddable":true,"href":"https:\/\/www.sitem.fr\/en\/wp-json\/wp\/v2\/tags?post=36423"}],"curies":[{"name":"wp","href":"https:\/\/api.w.org\/{rel}","templated":true}]}}